{"id":26778,"date":"2018-08-23T21:32:21","date_gmt":"2018-08-24T00:32:21","guid":{"rendered":"http:\/\/caballitotequiero.com.ar\/portal\/?p=26778"},"modified":"2018-08-27T21:37:41","modified_gmt":"2018-08-28T00:37:41","slug":"el-presidente-de-rotary-internacionaldeclarado-huesped-de-honor-de-la-ciudad","status":"publish","type":"post","link":"http:\/\/caballitotequiero.com.ar\/portal\/2018\/08\/23\/el-presidente-de-rotary-internacionaldeclarado-huesped-de-honor-de-la-ciudad\/","title":{"rendered":"EL PRESIDENTE DE ROTARY INTERNACIONAL,DECLARADO HUESPED DE HONOR DE LA CIUDAD"},"content":{"rendered":"<p>El mi\u00e9rcoles 22 de agosto, en el Sal\u00f3n Dorado de la Legisatura porte\u00f1a, fue declarado Hu\u00e9sped de Honor Barry Rassin, presidente de Rotary International (RI).<\/p>\n<p>El Vicepresidente I de la Legislatura porte\u00f1a, Francisco Quintana afirm\u00f3 que el homenajeado \u201ces el protagonista de este evento con un justo reconocimiento\u201d y encabeza \u201cuna instituci\u00f3n que tiene una enorme existencia en el mundo\u201d, ya que la organizaci\u00f3n cuenta con 1.200.000 miembros que trabajan en sus pa\u00edses para lograr cambios duraderos.<br \/>\nEl diputado Quintana especific\u00f3 que esta es la segunda vez que Rassin visita la Ciudad de Buenos Aires pero la primera vez que \u201cnos honra\u00bb en la Legislatura y su periplo tambi\u00e9n incluir\u00e1 diversas ciudades de Am\u00e9rica Latina.<\/p>\n<p>Rassin manifest\u00f3 que \u201ces un honor estar en este edificio hist\u00f3rico y recibir este premio tan prestigioso\u201d y agreg\u00f3 que lo debe \u201cal extraordinario trabajo que hizo el Rotary en Buenos Aires\u201d, que ha abarcado las \u00e1reas de educaci\u00f3n, salud y otras para el desarrollo humano, como becas que facilitan oportunidades y posibilidades. Y dijo que en nombre de los beneficiarios \u201cles quiero decir gracias a los rotarios de Argentina\u201d.<br \/>\nLos m\u00e1s de 35 mil Rotary Club en el mundo centran su labor en la promoci\u00f3n de la paz, la lucha contra las enfermedades, el abastecimiento de agua pura, la asistencia a las madres e hijos, el apoyo a la educaci\u00f3n y el desarrollo de las econom\u00edas locales, adem\u00e1s de haber incorporado el cuidado del medioambiente. Barry Rassin fue elegido para la presidencia internacional el 1\u00ba de julio de 2018.<\/p>\n<p><span style=\"text-decoration: underline;\"><strong>Sobre el hu\u00e9sped de honor<\/strong><\/span><br \/>\nBarry Rassin cuenta con un MBA (Maestr\u00eda en Administraci\u00f3n de Empresas) en Salud y Gesti\u00f3n Hospitalaria por la Universidad de Florida (Estados Unidos). Procedente de Bahamas, es el primero en integrar el American College of Healthcare Executives. Recientemente se jubil\u00f3, despu\u00e9s de 37 a\u00f1os como presidente del Doctors Hospital Health System. Miembro vitalicio de la American Hospital Association. Parte de la comisi\u00f3n directiva de diversas organizaciones como el Quality Council of the Bahamas, el Health Education Council y la Employer\u2019s Confederation.<\/p>\n<p>Desde su ingreso al Rotary en 1980, Rassin ha desempe\u00f1ado los cargos de director de RI y actualmente es vicepresidente del Consejo de Fiduciarios de La Fundaci\u00f3n Rotaria. Tambi\u00e9n fue l\u00edder de capacitaci\u00f3n y edec\u00e1n de Ravindran presidente de RI entre 2015-2016.<br \/>\nPremiado con la distinci\u00f3n \u00abDar de S\u00ed, antes de Pensar en S\u00ed\u00bb, el m\u00e1s alto honor que otorga Rotary, as\u00ed como de numerosos reconocimientos por su labor humanitaria a favor de los damnificados del terremoto que azot\u00f3 Hait\u00ed en 2010. Barry y su esposa Esther, son Donantes y Benefactores de la Fundaci\u00f3n Rotaria. Ha demostrado un gran compromiso para erradicar la enfermedad infecciosa poliomielitis.<\/p>\n<div id=\"attachment_26779\" style=\"width: 710px\" class=\"wp-caption aligncenter\"><a href=\"http:\/\/caballitotequiero.com.ar\/portal\/wp-content\/uploads\/2018\/08\/1-3.jpg\" rel=\"attachment wp-att-26779\"><img loading=\"lazy\" decoding=\"async\" aria-describedby=\"caption-attachment-26779\" class=\"size-full wp-image-26779\" src=\"http:\/\/caballitotequiero.com.ar\/portal\/wp-content\/uploads\/2018\/08\/1-3.jpg\" alt=\"Barry Rassin recibe su diploma de manos de Francisco Quintana, vicepresidente de la Legislatura.\" width=\"700\" height=\"467\" srcset=\"http:\/\/caballitotequiero.com.ar\/portal\/wp-content\/uploads\/2018\/08\/1-3.jpg 700w, http:\/\/caballitotequiero.com.ar\/portal\/wp-content\/uploads\/2018\/08\/1-3-300x200.jpg 300w, http:\/\/caballitotequiero.com.ar\/portal\/wp-content\/uploads\/2018\/08\/1-3-450x300.jpg 450w\" sizes=\"auto, (max-width: 700px) 100vw, 700px\" \/><\/a><p id=\"caption-attachment-26779\" class=\"wp-caption-text\">Barry Rassin recibe su diploma de manos de Francisco Quintana, vicepresidente de la Legislatura.<\/p><\/div>\n<div id=\"attachment_26780\" style=\"width: 710px\" class=\"wp-caption aligncenter\"><a href=\"http:\/\/caballitotequiero.com.ar\/portal\/wp-content\/uploads\/2018\/08\/2-2.jpg\" rel=\"attachment wp-att-26780\"><img loading=\"lazy\" decoding=\"async\" aria-describedby=\"caption-attachment-26780\" class=\"size-full wp-image-26780\" src=\"http:\/\/caballitotequiero.com.ar\/portal\/wp-content\/uploads\/2018\/08\/2-2.jpg\" alt=\"El presidente de Rotary Internacional, Barry Rassin, acompa\u00f1ado por las integrantes de Rotary Club &quot;La Veleta de Caballito&quot;.\" width=\"700\" height=\"525\" srcset=\"http:\/\/caballitotequiero.com.ar\/portal\/wp-content\/uploads\/2018\/08\/2-2.jpg 700w, http:\/\/caballitotequiero.com.ar\/portal\/wp-content\/uploads\/2018\/08\/2-2-300x225.jpg 300w, http:\/\/caballitotequiero.com.ar\/portal\/wp-content\/uploads\/2018\/08\/2-2-450x338.jpg 450w\" sizes=\"auto, (max-width: 700px) 100vw, 700px\" \/><\/a><p id=\"caption-attachment-26780\" class=\"wp-caption-text\">El presidente de Rotary Internacional, Barry Rassin, acompa\u00f1ado por las integrantes de Rotary Club \u00abLa Veleta de Caballito\u00bb.<\/p><\/div>\n","protected":false},"excerpt":{"rendered":"<p>El mi\u00e9rcoles 22 de agosto, en el Sal\u00f3n Dorado de la Legisatura porte\u00f1a, fue declarado Hu\u00e9sped de Honor Barry Rassin, presidente de Rotary International (RI). El Vicepresidente I de la Legislatura porte\u00f1a, Francisco Quintana afirm\u00f3 que el homenajeado \u201ces el protagonista de este evento con un justo reconocimiento\u201d y encabeza \u201cuna instituci\u00f3n que tiene una [&hellip;]<\/p>\n","protected":false},"author":1,"featured_media":26779,"comment_status":"open","ping_status":"open","sticky":false,"template":"","format":"standard","meta":{"footnotes":""},"categories":[5],"tags":[],"class_list":["post-26778","post","type-post","status-publish","format-standard","has-post-thumbnail","hentry","category-noticias"],"_links":{"self":[{"href":"http:\/\/caballitotequiero.com.ar\/portal\/wp-json\/wp\/v2\/posts\/26778","targetHints":{"allow":["GET"]}}],"collection":[{"href":"http:\/\/caballitotequiero.com.ar\/portal\/wp-json\/wp\/v2\/posts"}],"about":[{"href":"http:\/\/caballitotequiero.com.ar\/portal\/wp-json\/wp\/v2\/types\/post"}],"author":[{"embeddable":true,"href":"http:\/\/caballitotequiero.com.ar\/portal\/wp-json\/wp\/v2\/users\/1"}],"replies":[{"embeddable":true,"href":"http:\/\/caballitotequiero.com.ar\/portal\/wp-json\/wp\/v2\/comments?post=26778"}],"version-history":[{"count":1,"href":"http:\/\/caballitotequiero.com.ar\/portal\/wp-json\/wp\/v2\/posts\/26778\/revisions"}],"predecessor-version":[{"id":26781,"href":"http:\/\/caballitotequiero.com.ar\/portal\/wp-json\/wp\/v2\/posts\/26778\/revisions\/26781"}],"wp:featuredmedia":[{"embeddable":true,"href":"http:\/\/caballitotequiero.com.ar\/portal\/wp-json\/wp\/v2\/media\/26779"}],"wp:attachment":[{"href":"http:\/\/caballitotequiero.com.ar\/portal\/wp-json\/wp\/v2\/media?parent=26778"}],"wp:term":[{"taxonomy":"category","embeddable":true,"href":"http:\/\/caballitotequiero.com.ar\/portal\/wp-json\/wp\/v2\/categories?post=26778"},{"taxonomy":"post_tag","embeddable":true,"href":"http:\/\/caballitotequiero.com.ar\/portal\/wp-json\/wp\/v2\/tags?post=26778"}],"curies":[{"name":"wp","href":"https:\/\/api.w.org\/{rel}","templated":true}]}}