{"id":26782,"date":"2018-08-25T21:59:57","date_gmt":"2018-08-26T00:59:57","guid":{"rendered":"http:\/\/caballitotequiero.com.ar\/portal\/?p=26782"},"modified":"2018-08-27T22:21:02","modified_gmt":"2018-08-28T01:21:02","slug":"visita-a-la-casa-del-obispo-jeronimo-podesta","status":"publish","type":"post","link":"http:\/\/caballitotequiero.com.ar\/portal\/2018\/08\/25\/visita-a-la-casa-del-obispo-jeronimo-podesta\/","title":{"rendered":"VISITA A LA CASA DEL OBISPO JER\u00d3NIMO PODEST\u00c1"},"content":{"rendered":"<p>La casa, ubicada en la Av. Gaona 1367, es una de las construcciones m\u00e1s antiguas de Caballito. Actualmente sigue siendo vivienda de la familia del Obispo Jer\u00f3nimo Podest\u00e1\u00a0 y funciona alli, una vez por semana, una delegaci\u00f3n de la Defensor\u00eda del Pueblo.<\/p>\n<p>Al llegar a la vivienda, Clelia, la mayor de las seis hijas de Clelia Luro, esposa de Jer\u00f3nimo Podest\u00e1, recibi\u00f3 al nutrido grupo de visitantes. Con infinita paciencia y generosidad, relat\u00f3 la historia de la casa, de sus objetos y tambi\u00e9n la historia de esa singular pareja.<\/p>\n<p>La construcci\u00f3n no puede verse desde la calle, ya que est\u00e1 emplazada en el coraz\u00f3n de la manzana. Para llegar a ella hay que atravesar un largo pasillo y as\u00ed se accede a un lugar detenido en el tiempo. A\u00fan mantiene su caracter\u00edstico color rosa. Fue construida en 1864 y se encuentra en forma original, incluso con algunos da\u00f1os en las paredes y problemas de techos, que debieran ser reparados, antes que el deterioro avance.<\/p>\n<p>\u201cEsta casa no s\u00f3lo contiene una historia de amor, sino la historia de la lucha de Jer\u00f3nimo y mi mam\u00e1 y por aqu\u00ed han pasado infinidad de reuniones que son parte de la historia argentina\u201d, afirm\u00f3 Clelia Luro.<br \/>\nClelia, record\u00f3 que la propiedad fue una de las primeras construcciones de Caballito, comenz\u00f3 a construirse en 1864 y pertenec\u00eda al hijo del mazorquero rosista Ciriaco Cuiti\u00f1o.<br \/>\n\u201cJer\u00f3nimo y mi mam\u00e1 llegaron a esta casa cuando regresaron del exilio, en 1982. El lugar estaba casi abandonado y ellos fueron limpiando y reconstruyendo el espacio\u201d, detall\u00f3.<\/p>\n<p>El entonces obispo de Avellaneda Jer\u00f3nimo Podest\u00e1 y Clelia Luro se conocieron a mediados de los 60, cuando ella lleg\u00f3 a ese municipio con sus seis hijas desde Salta, donde hab\u00eda trabajado en la prevenci\u00f3n de salud con la poblaci\u00f3n que era explotada en el ingenio San Mart\u00edn del Tabacal.<br \/>\n\u201cA Jer\u00f3nimo lo echaron del obispado imput\u00e1ndole la relaci\u00f3n con mi mam\u00e1 pero en realidad fue porque \u00e9l era una persona absolutamente comprometida con los trabajadores y con los militantes sociales\u201d, asegur\u00f3 Clelia.<br \/>\nReci\u00e9n en 1972, cuando Jer\u00f3nimo es apartado de la Iglesia, comenz\u00f3 una relaci\u00f3n amorosa con Clelia, creando juntos la Federaci\u00f3n Latinoamericana de Sacerdotes Casados, desde donde lucharon por que el celibato sea optativo. La pareja contrajo matrimonio en el a\u00f1o 1995.<\/p>\n<p>Jer\u00f3nimo falleci\u00f3 en 2000 y Clelia en el 2013, y todav\u00eda viv\u00eda en la casa de Gaona 1367, donde recib\u00eda con asiduidad las llamadas del papa Francisco, con quien ambos hab\u00edan forjado una profunda amistad en la \u00e9poca en la que \u00e9l se encontraba al frente del arzobispado porte\u00f1o.<\/p>\n<p>\u201cJer\u00f3nimo\u201d, as\u00ed los llamaban sus feligreses, obispo de Avellaneda entre 1962 y 1967, fue uno de los pioneros del Movimiento de Sacerdotes para el Tercer Mundo. En 1972 al ser suspendido de la iglesia, decidi\u00f3 compartir su vida con Clelia Luro y cre\u00f3 el Movimiento para Sacerdotes Casados que reconoci\u00f3 su liderazgo internacionalmente.<\/p>\n<p>Antes de establecerse en esta propiedad, pasaron por diferentes domicilios en el barrio de Caballito. Primero en Rivadavia al 4500, luego Rojas al 200, Honorio Pueyrred\u00f3n al 100 y finalmente llegaron a la Av. Gaona 1367. El lugar fue declarado Sitio de Inter\u00e9s Cultural por la Legislatura porte\u00f1a.<\/p>\n<p>En la casa de la Av. Gaona, se realizaron reuniones fundamentales en los d\u00edas previos a la recuperaci\u00f3n de la democracia argentina. Pasaron por all\u00ed Oscar Alende, Horacio Sueldo, Luis Farinelli, Tom\u00e1s Eloy Mart\u00ednez, Pepe Sacrist\u00e1n, Adolfo P\u00e9rez Esquivel, y Helder C\u00e1mara, el obispo brasile\u00f1o, con quien cultivaron una profunda amistad, entre otros.<br \/>\nPodest\u00e1 falleci\u00f3 el 23 de junio de 2000 y sus restos fueron velados en el Sal\u00f3n de los Pasos Perdidos de la Legislatura porte\u00f1a. Clelia lo sobrevivi\u00f3 trece a\u00f1os.Actualmente son sus hijas y nietos quienes se ocupan de mantener la casa y transmitir la historia del lugar.<br \/>\nEllos cuentan a los visitantes an\u00e9cdotas sobre la casa, las paltas que plantara Jer\u00f3nimo en su jard\u00edn, las historias sobre cada uno de los objetos, algunos tra\u00eddos del exilio que vivieron en Per\u00fa. Los libros que escribieron tanto Jer\u00f3nimo como Clelia, son un cap\u00edtulo aparte, y pueden observarse en la mesa del patio. Cada una de las fotos que pueden verse en el escritorio, tambi\u00e9n guardan relatos que merecen ser contados. Y as\u00ed, en este lugar m\u00e1gico, lleno de encanto, detenido en el tiempo y poblado de historias que tanto tienen que ver con el amor verdadero, y con la actualidad del pa\u00eds, transcurri\u00f3 una tarde en la que descubrimos parte de la historia desconocida del barrio de Caballito.<\/p>\n<p>\u201cLo que so\u00f1amos es que este lugar pueda seguir siendo una casa abierta, un espacio donde se gesten cambios, donde se den proyecciones, se realicen reuniones, debates, funcione un Museo, un Centro Cultural y un lugar de actividad interreligiosa para que podamos cumplir con el lema de Jer\u00f3nimo de `que todos sean uno para que el mundo crea`\u201d, concluy\u00f3 Clelia.<\/p>\n<div id=\"attachment_26783\" style=\"width: 710px\" class=\"wp-caption aligncenter\"><a href=\"http:\/\/caballitotequiero.com.ar\/portal\/wp-content\/uploads\/2018\/08\/1-4.jpg\" rel=\"attachment wp-att-26783\"><img loading=\"lazy\" decoding=\"async\" aria-describedby=\"caption-attachment-26783\" class=\"size-full wp-image-26783\" src=\"http:\/\/caballitotequiero.com.ar\/portal\/wp-content\/uploads\/2018\/08\/1-4.jpg\" alt=\"Antigua casona, \u00faltima vivienda de Jer\u00f3nimo Podest\u00e1, en Av. Gaona al 1300.\" width=\"700\" height=\"525\" srcset=\"http:\/\/caballitotequiero.com.ar\/portal\/wp-content\/uploads\/2018\/08\/1-4.jpg 700w, http:\/\/caballitotequiero.com.ar\/portal\/wp-content\/uploads\/2018\/08\/1-4-300x225.jpg 300w, http:\/\/caballitotequiero.com.ar\/portal\/wp-content\/uploads\/2018\/08\/1-4-450x338.jpg 450w\" sizes=\"auto, (max-width: 700px) 100vw, 700px\" \/><\/a><p id=\"caption-attachment-26783\" class=\"wp-caption-text\">Antigua casona, \u00faltima vivienda de Jer\u00f3nimo Podest\u00e1, en Av. Gaona al 1300.<\/p><\/div>\n<div id=\"attachment_26784\" style=\"width: 710px\" class=\"wp-caption aligncenter\"><a href=\"http:\/\/caballitotequiero.com.ar\/portal\/wp-content\/uploads\/2018\/08\/2-3.jpg\" rel=\"attachment wp-att-26784\"><img loading=\"lazy\" decoding=\"async\" aria-describedby=\"caption-attachment-26784\" class=\"size-full wp-image-26784\" src=\"http:\/\/caballitotequiero.com.ar\/portal\/wp-content\/uploads\/2018\/08\/2-3.jpg\" alt=\"En la entrada se encuentra la placa colocada por la Legislatura.\" width=\"700\" height=\"394\" srcset=\"http:\/\/caballitotequiero.com.ar\/portal\/wp-content\/uploads\/2018\/08\/2-3.jpg 700w, http:\/\/caballitotequiero.com.ar\/portal\/wp-content\/uploads\/2018\/08\/2-3-300x169.jpg 300w, http:\/\/caballitotequiero.com.ar\/portal\/wp-content\/uploads\/2018\/08\/2-3-450x253.jpg 450w\" sizes=\"auto, (max-width: 700px) 100vw, 700px\" \/><\/a><p id=\"caption-attachment-26784\" class=\"wp-caption-text\">En la entrada se encuentra la placa colocada por la Legislatura en el a\u00f1o 2004.<\/p><\/div>\n<p><a href=\"http:\/\/caballitotequiero.com.ar\/portal\/wp-content\/uploads\/2018\/08\/3-3.jpg\" rel=\"attachment wp-att-26785\"><img loading=\"lazy\" decoding=\"async\" class=\"aligncenter size-full wp-image-26785\" src=\"http:\/\/caballitotequiero.com.ar\/portal\/wp-content\/uploads\/2018\/08\/3-3.jpg\" alt=\"\" width=\"700\" height=\"525\" srcset=\"http:\/\/caballitotequiero.com.ar\/portal\/wp-content\/uploads\/2018\/08\/3-3.jpg 700w, http:\/\/caballitotequiero.com.ar\/portal\/wp-content\/uploads\/2018\/08\/3-3-300x225.jpg 300w, http:\/\/caballitotequiero.com.ar\/portal\/wp-content\/uploads\/2018\/08\/3-3-450x338.jpg 450w\" sizes=\"auto, (max-width: 700px) 100vw, 700px\" \/><\/a><\/p>\n<div id=\"attachment_26786\" style=\"width: 710px\" class=\"wp-caption aligncenter\"><a href=\"http:\/\/caballitotequiero.com.ar\/portal\/wp-content\/uploads\/2018\/08\/4-5.jpg\" rel=\"attachment wp-att-26786\"><img loading=\"lazy\" decoding=\"async\" aria-describedby=\"caption-attachment-26786\" class=\"size-full wp-image-26786\" src=\"http:\/\/caballitotequiero.com.ar\/portal\/wp-content\/uploads\/2018\/08\/4-5.jpg\" alt=\"Clelia recibi\u00f3 a los visitantes y cont\u00f3 la historia de la casa y de sus padres.\" width=\"700\" height=\"525\" srcset=\"http:\/\/caballitotequiero.com.ar\/portal\/wp-content\/uploads\/2018\/08\/4-5.jpg 700w, http:\/\/caballitotequiero.com.ar\/portal\/wp-content\/uploads\/2018\/08\/4-5-300x225.jpg 300w, http:\/\/caballitotequiero.com.ar\/portal\/wp-content\/uploads\/2018\/08\/4-5-450x338.jpg 450w\" sizes=\"auto, (max-width: 700px) 100vw, 700px\" \/><\/a><p id=\"caption-attachment-26786\" class=\"wp-caption-text\">Clelia (hija) recibi\u00f3 a los visitantes y cont\u00f3 la historia de la casa y de sus padres.<\/p><\/div>\n<div id=\"attachment_26787\" style=\"width: 710px\" class=\"wp-caption aligncenter\"><a href=\"http:\/\/caballitotequiero.com.ar\/portal\/wp-content\/uploads\/2018\/08\/5-3.jpg\" rel=\"attachment wp-att-26787\"><img loading=\"lazy\" decoding=\"async\" aria-describedby=\"caption-attachment-26787\" class=\"size-full wp-image-26787\" src=\"http:\/\/caballitotequiero.com.ar\/portal\/wp-content\/uploads\/2018\/08\/5-3.jpg\" alt=\"Clelia y Jer\u00f3nimo en la casa, a\u00f1o 2000.\" width=\"700\" height=\"525\" srcset=\"http:\/\/caballitotequiero.com.ar\/portal\/wp-content\/uploads\/2018\/08\/5-3.jpg 700w, http:\/\/caballitotequiero.com.ar\/portal\/wp-content\/uploads\/2018\/08\/5-3-300x225.jpg 300w, http:\/\/caballitotequiero.com.ar\/portal\/wp-content\/uploads\/2018\/08\/5-3-450x338.jpg 450w\" sizes=\"auto, (max-width: 700px) 100vw, 700px\" \/><\/a><p id=\"caption-attachment-26787\" class=\"wp-caption-text\">Clelia y Jer\u00f3nimo en la casa, a\u00f1o 2000.<\/p><\/div>\n<div id=\"attachment_26788\" style=\"width: 710px\" class=\"wp-caption aligncenter\"><a href=\"http:\/\/caballitotequiero.com.ar\/portal\/wp-content\/uploads\/2018\/08\/6-2.jpg\" rel=\"attachment wp-att-26788\"><img loading=\"lazy\" decoding=\"async\" aria-describedby=\"caption-attachment-26788\" class=\"size-full wp-image-26788\" src=\"http:\/\/caballitotequiero.com.ar\/portal\/wp-content\/uploads\/2018\/08\/6-2.jpg\" alt=\"Visitando el jard\u00edn\" width=\"700\" height=\"525\" srcset=\"http:\/\/caballitotequiero.com.ar\/portal\/wp-content\/uploads\/2018\/08\/6-2.jpg 700w, http:\/\/caballitotequiero.com.ar\/portal\/wp-content\/uploads\/2018\/08\/6-2-300x225.jpg 300w, http:\/\/caballitotequiero.com.ar\/portal\/wp-content\/uploads\/2018\/08\/6-2-450x338.jpg 450w\" sizes=\"auto, (max-width: 700px) 100vw, 700px\" \/><\/a><p id=\"caption-attachment-26788\" class=\"wp-caption-text\">Visitando el jard\u00edn<\/p><\/div>\n<div id=\"attachment_26789\" style=\"width: 710px\" class=\"wp-caption aligncenter\"><a href=\"http:\/\/caballitotequiero.com.ar\/portal\/wp-content\/uploads\/2018\/08\/7-3.jpg\" rel=\"attachment wp-att-26789\"><img loading=\"lazy\" decoding=\"async\" aria-describedby=\"caption-attachment-26789\" class=\"size-full wp-image-26789\" src=\"http:\/\/caballitotequiero.com.ar\/portal\/wp-content\/uploads\/2018\/08\/7-3.jpg\" alt=\"Seguimos recorriendo.\" width=\"700\" height=\"525\" srcset=\"http:\/\/caballitotequiero.com.ar\/portal\/wp-content\/uploads\/2018\/08\/7-3.jpg 700w, http:\/\/caballitotequiero.com.ar\/portal\/wp-content\/uploads\/2018\/08\/7-3-300x225.jpg 300w, http:\/\/caballitotequiero.com.ar\/portal\/wp-content\/uploads\/2018\/08\/7-3-450x338.jpg 450w\" sizes=\"auto, (max-width: 700px) 100vw, 700px\" \/><\/a><p id=\"caption-attachment-26789\" class=\"wp-caption-text\">Seguimos recorriendo.<\/p><\/div>\n<div id=\"attachment_26790\" style=\"width: 710px\" class=\"wp-caption aligncenter\"><a href=\"http:\/\/caballitotequiero.com.ar\/portal\/wp-content\/uploads\/2018\/08\/8-4.jpg\" rel=\"attachment wp-att-26790\"><img loading=\"lazy\" decoding=\"async\" aria-describedby=\"caption-attachment-26790\" class=\"size-full wp-image-26790\" src=\"http:\/\/caballitotequiero.com.ar\/portal\/wp-content\/uploads\/2018\/08\/8-4.jpg\" alt=\"Clelia, junto a Arnaldo Goenaga (Peri\u00f3dico ABC) y Marina Bussio (Revista Horizonte) organizadores de la visita.\" width=\"700\" height=\"525\" srcset=\"http:\/\/caballitotequiero.com.ar\/portal\/wp-content\/uploads\/2018\/08\/8-4.jpg 700w, http:\/\/caballitotequiero.com.ar\/portal\/wp-content\/uploads\/2018\/08\/8-4-300x225.jpg 300w, http:\/\/caballitotequiero.com.ar\/portal\/wp-content\/uploads\/2018\/08\/8-4-450x338.jpg 450w\" sizes=\"auto, (max-width: 700px) 100vw, 700px\" \/><\/a><p id=\"caption-attachment-26790\" class=\"wp-caption-text\">Clelia, junto a Arnaldo Goenaga (Peri\u00f3dico ABC) y Marina Bussio (Revista Horizonte) organizadores de la visita.<\/p><\/div>\n<div id=\"attachment_26791\" style=\"width: 710px\" class=\"wp-caption aligncenter\"><a href=\"http:\/\/caballitotequiero.com.ar\/portal\/wp-content\/uploads\/2018\/08\/9-4.jpg\" rel=\"attachment wp-att-26791\"><img loading=\"lazy\" decoding=\"async\" aria-describedby=\"caption-attachment-26791\" class=\"size-full wp-image-26791\" src=\"http:\/\/caballitotequiero.com.ar\/portal\/wp-content\/uploads\/2018\/08\/9-4.jpg\" alt=\"Un nutrido grupo de visitantes comparti\u00f3 el recorrido, partiendo del monumento al Cid Campeador.\" width=\"700\" height=\"525\" srcset=\"http:\/\/caballitotequiero.com.ar\/portal\/wp-content\/uploads\/2018\/08\/9-4.jpg 700w, http:\/\/caballitotequiero.com.ar\/portal\/wp-content\/uploads\/2018\/08\/9-4-300x225.jpg 300w, http:\/\/caballitotequiero.com.ar\/portal\/wp-content\/uploads\/2018\/08\/9-4-450x338.jpg 450w\" sizes=\"auto, (max-width: 700px) 100vw, 700px\" \/><\/a><p id=\"caption-attachment-26791\" class=\"wp-caption-text\">Un nutrido grupo de visitantes comparti\u00f3 el recorrido, partiendo del monumento al Cid Campeador.<\/p><\/div>\n","protected":false},"excerpt":{"rendered":"<p>La casa, ubicada en la Av. Gaona 1367, es una de las construcciones m\u00e1s antiguas de Caballito. Actualmente sigue siendo vivienda de la familia del Obispo Jer\u00f3nimo Podest\u00e1\u00a0 y funciona alli, una vez por semana, una delegaci\u00f3n de la Defensor\u00eda del Pueblo. Al llegar a la vivienda, Clelia, la mayor de las seis hijas de [&hellip;]<\/p>\n","protected":false},"author":1,"featured_media":26783,"comment_status":"open","ping_status":"open","sticky":false,"template":"","format":"standard","meta":{"footnotes":""},"categories":[5],"tags":[],"class_list":["post-26782","post","type-post","status-publish","format-standard","has-post-thumbnail","hentry","category-noticias"],"_links":{"self":[{"href":"http:\/\/caballitotequiero.com.ar\/portal\/wp-json\/wp\/v2\/posts\/26782","targetHints":{"allow":["GET"]}}],"collection":[{"href":"http:\/\/caballitotequiero.com.ar\/portal\/wp-json\/wp\/v2\/posts"}],"about":[{"href":"http:\/\/caballitotequiero.com.ar\/portal\/wp-json\/wp\/v2\/types\/post"}],"author":[{"embeddable":true,"href":"http:\/\/caballitotequiero.com.ar\/portal\/wp-json\/wp\/v2\/users\/1"}],"replies":[{"embeddable":true,"href":"http:\/\/caballitotequiero.com.ar\/portal\/wp-json\/wp\/v2\/comments?post=26782"}],"version-history":[{"count":1,"href":"http:\/\/caballitotequiero.com.ar\/portal\/wp-json\/wp\/v2\/posts\/26782\/revisions"}],"predecessor-version":[{"id":26792,"href":"http:\/\/caballitotequiero.com.ar\/portal\/wp-json\/wp\/v2\/posts\/26782\/revisions\/26792"}],"wp:featuredmedia":[{"embeddable":true,"href":"http:\/\/caballitotequiero.com.ar\/portal\/wp-json\/wp\/v2\/media\/26783"}],"wp:attachment":[{"href":"http:\/\/caballitotequiero.com.ar\/portal\/wp-json\/wp\/v2\/media?parent=26782"}],"wp:term":[{"taxonomy":"category","embeddable":true,"href":"http:\/\/caballitotequiero.com.ar\/portal\/wp-json\/wp\/v2\/categories?post=26782"},{"taxonomy":"post_tag","embeddable":true,"href":"http:\/\/caballitotequiero.com.ar\/portal\/wp-json\/wp\/v2\/tags?post=26782"}],"curies":[{"name":"wp","href":"https:\/\/api.w.org\/{rel}","templated":true}]}}