{"id":26793,"date":"2018-08-26T22:23:11","date_gmt":"2018-08-27T01:23:11","guid":{"rendered":"http:\/\/caballitotequiero.com.ar\/portal\/?p=26793"},"modified":"2018-08-27T22:29:17","modified_gmt":"2018-08-28T01:29:17","slug":"ferro-carril-oeste-en-la-semana-de-pasion-por-el-futbol","status":"publish","type":"post","link":"http:\/\/caballitotequiero.com.ar\/portal\/2018\/08\/26\/ferro-carril-oeste-en-la-semana-de-pasion-por-el-futbol\/","title":{"rendered":"FERRO CARRIL OESTE EN LA SEMANA DE \u00abPASI\u00d3N POR EL F\u00daTBOL\u00bb"},"content":{"rendered":"<p>El martes 28 de agosto a las 10.30, en la sede del Club Ferro Carril Oeste, tendr\u00e1 lugar uno de los encuentros que se realizar\u00e1n en el marco de la Semana del F\u00fatbol, Pasi\u00f3n Porte\u00f1a.<\/p>\n<p>En esta oportunidad habr\u00e1 una charla en la que participar\u00e1n Aquilino Gonz\u00e1lez Podest\u00e1, Kelly Contela y Marina Bussio, por la Junta de Estudios Hist\u00f3ricos del Caballito, y Felipe Evangelista, ex funcionario del club.<\/p>\n<p>Luego se realizar\u00e1 una visita guiada donde se recorrer\u00e1 la sede y el estadio.<\/p>\n<p><a href=\"http:\/\/caballitotequiero.com.ar\/portal\/wp-content\/uploads\/2018\/08\/Ferro-charla-y-visita-web.jpg\" rel=\"attachment wp-att-26794\"><img loading=\"lazy\" decoding=\"async\" class=\"aligncenter size-full wp-image-26794\" src=\"http:\/\/caballitotequiero.com.ar\/portal\/wp-content\/uploads\/2018\/08\/Ferro-charla-y-visita-web.jpg\" alt=\"\" width=\"775\" height=\"496\" srcset=\"http:\/\/caballitotequiero.com.ar\/portal\/wp-content\/uploads\/2018\/08\/Ferro-charla-y-visita-web.jpg 775w, http:\/\/caballitotequiero.com.ar\/portal\/wp-content\/uploads\/2018\/08\/Ferro-charla-y-visita-web-300x192.jpg 300w, http:\/\/caballitotequiero.com.ar\/portal\/wp-content\/uploads\/2018\/08\/Ferro-charla-y-visita-web-768x492.jpg 768w, http:\/\/caballitotequiero.com.ar\/portal\/wp-content\/uploads\/2018\/08\/Ferro-charla-y-visita-web-705x451.jpg 705w, http:\/\/caballitotequiero.com.ar\/portal\/wp-content\/uploads\/2018\/08\/Ferro-charla-y-visita-web-450x288.jpg 450w\" sizes=\"auto, (max-width: 775px) 100vw, 775px\" \/><\/a><\/p>\n","protected":false},"excerpt":{"rendered":"<p>El martes 28 de agosto a las 10.30, en la sede del Club Ferro Carril Oeste, tendr\u00e1 lugar uno de los encuentros que se realizar\u00e1n en el marco de la Semana del F\u00fatbol, Pasi\u00f3n Porte\u00f1a. En esta oportunidad habr\u00e1 una charla en la que participar\u00e1n Aquilino Gonz\u00e1lez Podest\u00e1, Kelly Contela y Marina Bussio, por la [&hellip;]<\/p>\n","protected":false},"author":1,"featured_media":26794,"comment_status":"open","ping_status":"open","sticky":false,"template":"","format":"standard","meta":{"footnotes":""},"categories":[5],"tags":[],"class_list":["post-26793","post","type-post","status-publish","format-standard","has-post-thumbnail","hentry","category-noticias"],"_links":{"self":[{"href":"http:\/\/caballitotequiero.com.ar\/portal\/wp-json\/wp\/v2\/posts\/26793","targetHints":{"allow":["GET"]}}],"collection":[{"href":"http:\/\/caballitotequiero.com.ar\/portal\/wp-json\/wp\/v2\/posts"}],"about":[{"href":"http:\/\/caballitotequiero.com.ar\/portal\/wp-json\/wp\/v2\/types\/post"}],"author":[{"embeddable":true,"href":"http:\/\/caballitotequiero.com.ar\/portal\/wp-json\/wp\/v2\/users\/1"}],"replies":[{"embeddable":true,"href":"http:\/\/caballitotequiero.com.ar\/portal\/wp-json\/wp\/v2\/comments?post=26793"}],"version-history":[{"count":1,"href":"http:\/\/caballitotequiero.com.ar\/portal\/wp-json\/wp\/v2\/posts\/26793\/revisions"}],"predecessor-version":[{"id":26795,"href":"http:\/\/caballitotequiero.com.ar\/portal\/wp-json\/wp\/v2\/posts\/26793\/revisions\/26795"}],"wp:featuredmedia":[{"embeddable":true,"href":"http:\/\/caballitotequiero.com.ar\/portal\/wp-json\/wp\/v2\/media\/26794"}],"wp:attachment":[{"href":"http:\/\/caballitotequiero.com.ar\/portal\/wp-json\/wp\/v2\/media?parent=26793"}],"wp:term":[{"taxonomy":"category","embeddable":true,"href":"http:\/\/caballitotequiero.com.ar\/portal\/wp-json\/wp\/v2\/categories?post=26793"},{"taxonomy":"post_tag","embeddable":true,"href":"http:\/\/caballitotequiero.com.ar\/portal\/wp-json\/wp\/v2\/tags?post=26793"}],"curies":[{"name":"wp","href":"https:\/\/api.w.org\/{rel}","templated":true}]}}