{"id":26796,"date":"2018-08-27T09:53:08","date_gmt":"2018-08-27T12:53:08","guid":{"rendered":"http:\/\/caballitotequiero.com.ar\/portal\/?p=26796"},"modified":"2018-08-28T09:57:32","modified_gmt":"2018-08-28T12:57:32","slug":"carlitos-bala-festejo-su-cumpleanos-en-el-parque-centenario","status":"publish","type":"post","link":"http:\/\/caballitotequiero.com.ar\/portal\/2018\/08\/27\/carlitos-bala-festejo-su-cumpleanos-en-el-parque-centenario\/","title":{"rendered":"CARLITOS BAL\u00c1 FESTEJ\u00d3 SU CUMPLEA\u00d1OS EN EL PARQUE CENTENARIO"},"content":{"rendered":"<p>El 26 de agosto, en el Parque Centenario, con un show gratuito, Carlitos Bal\u00e1 festej\u00f3 sus 93 a\u00f1os.<br \/>\nSe vivi\u00f3\u00a0una verdadera ovaci\u00f3n cuando apareci\u00f3 en escena mientras sonaba \u201cAqu\u00ed lleg\u00f3 Bala\u201d.\u00a0La conducci\u00f3n del espect\u00e1culo estuvo a cargo de Jos\u00e9 Mar\u00eda Listorti y participaron Panam, Alejandro Lerner , F\u00e1tima Florez , Jey Mammon , Gabriel Schultz, Adriana, Lionel Ferro, El Brujito de Gulub\u00fa, entre otras figuras convocadas especialmente para el show.<br \/>\nEl festejo cont\u00f3 con una gran convocatoria que se acerc\u00f3 para compartir con el querido personaje su fiesta de cumplea\u00f1os. Durante la celebraci\u00f3n se anunci\u00f3 que ser\u00e1 presentado un proyecto para declarar el 13 de agosto, fecha del cumplea\u00f1os de Bal\u00e1, como el D\u00eda Nacional del Animador Infantil. El anuncio fue aplaudido con entusiasmo por todos los presentes.<br \/>\nAcompa\u00f1aron a Bal\u00e1 su esposa, Martha Venturiello, y otros integrantes de su familia, que lo ayudaron a soplar las velitas de la torta de cumplea\u00f1os.<\/p>\n<p><a href=\"http:\/\/caballitotequiero.com.ar\/portal\/wp-content\/uploads\/2018\/08\/Carlos-bala-web-1.jpg\" rel=\"attachment wp-att-26797\"><img loading=\"lazy\" decoding=\"async\" class=\"aligncenter size-full wp-image-26797\" src=\"http:\/\/caballitotequiero.com.ar\/portal\/wp-content\/uploads\/2018\/08\/Carlos-bala-web-1.jpg\" alt=\"\" width=\"775\" height=\"516\" srcset=\"http:\/\/caballitotequiero.com.ar\/portal\/wp-content\/uploads\/2018\/08\/Carlos-bala-web-1.jpg 775w, http:\/\/caballitotequiero.com.ar\/portal\/wp-content\/uploads\/2018\/08\/Carlos-bala-web-1-300x200.jpg 300w, http:\/\/caballitotequiero.com.ar\/portal\/wp-content\/uploads\/2018\/08\/Carlos-bala-web-1-768x511.jpg 768w, http:\/\/caballitotequiero.com.ar\/portal\/wp-content\/uploads\/2018\/08\/Carlos-bala-web-1-705x469.jpg 705w, http:\/\/caballitotequiero.com.ar\/portal\/wp-content\/uploads\/2018\/08\/Carlos-bala-web-1-450x300.jpg 450w\" sizes=\"auto, (max-width: 775px) 100vw, 775px\" \/><\/a><\/p>\n","protected":false},"excerpt":{"rendered":"<p>El 26 de agosto, en el Parque Centenario, con un show gratuito, Carlitos Bal\u00e1 festej\u00f3 sus 93 a\u00f1os. Se vivi\u00f3\u00a0una verdadera ovaci\u00f3n cuando apareci\u00f3 en escena mientras sonaba \u201cAqu\u00ed lleg\u00f3 Bala\u201d.\u00a0La conducci\u00f3n del espect\u00e1culo estuvo a cargo de Jos\u00e9 Mar\u00eda Listorti y participaron Panam, Alejandro Lerner , F\u00e1tima Florez , Jey Mammon , Gabriel Schultz, [&hellip;]<\/p>\n","protected":false},"author":1,"featured_media":26797,"comment_status":"open","ping_status":"open","sticky":false,"template":"","format":"standard","meta":{"footnotes":""},"categories":[5],"tags":[],"class_list":["post-26796","post","type-post","status-publish","format-standard","has-post-thumbnail","hentry","category-noticias"],"_links":{"self":[{"href":"http:\/\/caballitotequiero.com.ar\/portal\/wp-json\/wp\/v2\/posts\/26796","targetHints":{"allow":["GET"]}}],"collection":[{"href":"http:\/\/caballitotequiero.com.ar\/portal\/wp-json\/wp\/v2\/posts"}],"about":[{"href":"http:\/\/caballitotequiero.com.ar\/portal\/wp-json\/wp\/v2\/types\/post"}],"author":[{"embeddable":true,"href":"http:\/\/caballitotequiero.com.ar\/portal\/wp-json\/wp\/v2\/users\/1"}],"replies":[{"embeddable":true,"href":"http:\/\/caballitotequiero.com.ar\/portal\/wp-json\/wp\/v2\/comments?post=26796"}],"version-history":[{"count":1,"href":"http:\/\/caballitotequiero.com.ar\/portal\/wp-json\/wp\/v2\/posts\/26796\/revisions"}],"predecessor-version":[{"id":26798,"href":"http:\/\/caballitotequiero.com.ar\/portal\/wp-json\/wp\/v2\/posts\/26796\/revisions\/26798"}],"wp:featuredmedia":[{"embeddable":true,"href":"http:\/\/caballitotequiero.com.ar\/portal\/wp-json\/wp\/v2\/media\/26797"}],"wp:attachment":[{"href":"http:\/\/caballitotequiero.com.ar\/portal\/wp-json\/wp\/v2\/media?parent=26796"}],"wp:term":[{"taxonomy":"category","embeddable":true,"href":"http:\/\/caballitotequiero.com.ar\/portal\/wp-json\/wp\/v2\/categories?post=26796"},{"taxonomy":"post_tag","embeddable":true,"href":"http:\/\/caballitotequiero.com.ar\/portal\/wp-json\/wp\/v2\/tags?post=26796"}],"curies":[{"name":"wp","href":"https:\/\/api.w.org\/{rel}","templated":true}]}}