{"id":26827,"date":"2018-09-01T12:50:08","date_gmt":"2018-09-01T15:50:08","guid":{"rendered":"http:\/\/caballitotequiero.com.ar\/portal\/?p=26827"},"modified":"2018-09-04T12:53:52","modified_gmt":"2018-09-04T15:53:52","slug":"princesas-brujas-y-otros-asuntos-en-el-perlotti","status":"publish","type":"post","link":"http:\/\/caballitotequiero.com.ar\/portal\/2018\/09\/01\/princesas-brujas-y-otros-asuntos-en-el-perlotti\/","title":{"rendered":"\u00abPRINCESAS, BRUJAS Y OTROS ASUNTOS\u00bb EN EL PERLOTTI"},"content":{"rendered":"<p>Se trata de una nueva muestra presentada en el Museo de Esculturas Luis Perlotti (Pujol 644).<\/p>\n<p>La\u00a0exposici\u00f3n fue inaugurada el 1 de septiembre y podr\u00e1 visitarse hasta el d\u00eda 23. Se basa en la obra po\u00e9tica de Andrea Sanmartin, quien tambi\u00e9n oficia de curadora. Declarada de inter\u00e9s Cultural por los Ministerios de Cultura de Ciudad y Naci\u00f3n.<br \/>\nExponen: Silvina Cerminara, Patricia Ibarra, Mariana Liguori, Mariana Merino, In\u00e9s Arias, Mar\u00eda Mercedes Martinez, Andrea Sanmartin y Luc\u00eda L\u00e1zzaro.<\/p>\n<p><a href=\"http:\/\/caballitotequiero.com.ar\/portal\/wp-content\/uploads\/2018\/09\/5.jpg\" rel=\"attachment wp-att-26828\"><img loading=\"lazy\" decoding=\"async\" class=\"aligncenter size-full wp-image-26828\" src=\"http:\/\/caballitotequiero.com.ar\/portal\/wp-content\/uploads\/2018\/09\/5.jpg\" alt=\"\" width=\"700\" height=\"627\" srcset=\"http:\/\/caballitotequiero.com.ar\/portal\/wp-content\/uploads\/2018\/09\/5.jpg 700w, http:\/\/caballitotequiero.com.ar\/portal\/wp-content\/uploads\/2018\/09\/5-300x269.jpg 300w, http:\/\/caballitotequiero.com.ar\/portal\/wp-content\/uploads\/2018\/09\/5-450x403.jpg 450w\" sizes=\"auto, (max-width: 700px) 100vw, 700px\" \/><\/a> <a href=\"http:\/\/caballitotequiero.com.ar\/portal\/wp-content\/uploads\/2018\/09\/6.jpg\" rel=\"attachment wp-att-26829\"><img loading=\"lazy\" decoding=\"async\" class=\"aligncenter size-full wp-image-26829\" src=\"http:\/\/caballitotequiero.com.ar\/portal\/wp-content\/uploads\/2018\/09\/6.jpg\" alt=\"\" width=\"700\" height=\"525\" srcset=\"http:\/\/caballitotequiero.com.ar\/portal\/wp-content\/uploads\/2018\/09\/6.jpg 700w, http:\/\/caballitotequiero.com.ar\/portal\/wp-content\/uploads\/2018\/09\/6-300x225.jpg 300w, http:\/\/caballitotequiero.com.ar\/portal\/wp-content\/uploads\/2018\/09\/6-450x338.jpg 450w\" sizes=\"auto, (max-width: 700px) 100vw, 700px\" \/><\/a> <a href=\"http:\/\/caballitotequiero.com.ar\/portal\/wp-content\/uploads\/2018\/09\/7.jpg\" rel=\"attachment wp-att-26830\"><img loading=\"lazy\" decoding=\"async\" class=\"aligncenter size-full wp-image-26830\" src=\"http:\/\/caballitotequiero.com.ar\/portal\/wp-content\/uploads\/2018\/09\/7.jpg\" alt=\"\" width=\"700\" height=\"525\" srcset=\"http:\/\/caballitotequiero.com.ar\/portal\/wp-content\/uploads\/2018\/09\/7.jpg 700w, http:\/\/caballitotequiero.com.ar\/portal\/wp-content\/uploads\/2018\/09\/7-300x225.jpg 300w, http:\/\/caballitotequiero.com.ar\/portal\/wp-content\/uploads\/2018\/09\/7-450x338.jpg 450w\" sizes=\"auto, (max-width: 700px) 100vw, 700px\" \/><\/a> <a href=\"http:\/\/caballitotequiero.com.ar\/portal\/wp-content\/uploads\/2018\/09\/8.jpg\" rel=\"attachment wp-att-26831\"><img loading=\"lazy\" decoding=\"async\" class=\"aligncenter size-full wp-image-26831\" src=\"http:\/\/caballitotequiero.com.ar\/portal\/wp-content\/uploads\/2018\/09\/8.jpg\" alt=\"\" width=\"700\" height=\"525\" srcset=\"http:\/\/caballitotequiero.com.ar\/portal\/wp-content\/uploads\/2018\/09\/8.jpg 700w, http:\/\/caballitotequiero.com.ar\/portal\/wp-content\/uploads\/2018\/09\/8-300x225.jpg 300w, http:\/\/caballitotequiero.com.ar\/portal\/wp-content\/uploads\/2018\/09\/8-450x338.jpg 450w\" sizes=\"auto, (max-width: 700px) 100vw, 700px\" \/><\/a> <a href=\"http:\/\/caballitotequiero.com.ar\/portal\/wp-content\/uploads\/2018\/09\/9.jpg\" rel=\"attachment wp-att-26832\"><img loading=\"lazy\" decoding=\"async\" class=\"aligncenter size-full wp-image-26832\" src=\"http:\/\/caballitotequiero.com.ar\/portal\/wp-content\/uploads\/2018\/09\/9.jpg\" alt=\"\" width=\"700\" height=\"525\" srcset=\"http:\/\/caballitotequiero.com.ar\/portal\/wp-content\/uploads\/2018\/09\/9.jpg 700w, http:\/\/caballitotequiero.com.ar\/portal\/wp-content\/uploads\/2018\/09\/9-300x225.jpg 300w, http:\/\/caballitotequiero.com.ar\/portal\/wp-content\/uploads\/2018\/09\/9-450x338.jpg 450w\" sizes=\"auto, (max-width: 700px) 100vw, 700px\" \/><\/a> <a href=\"http:\/\/caballitotequiero.com.ar\/portal\/wp-content\/uploads\/2018\/09\/10.jpg\" rel=\"attachment wp-att-26833\"><img loading=\"lazy\" decoding=\"async\" class=\"aligncenter size-full wp-image-26833\" src=\"http:\/\/caballitotequiero.com.ar\/portal\/wp-content\/uploads\/2018\/09\/10.jpg\" alt=\"\" width=\"700\" height=\"525\" srcset=\"http:\/\/caballitotequiero.com.ar\/portal\/wp-content\/uploads\/2018\/09\/10.jpg 700w, http:\/\/caballitotequiero.com.ar\/portal\/wp-content\/uploads\/2018\/09\/10-300x225.jpg 300w, http:\/\/caballitotequiero.com.ar\/portal\/wp-content\/uploads\/2018\/09\/10-450x338.jpg 450w\" sizes=\"auto, (max-width: 700px) 100vw, 700px\" \/><\/a><\/p>\n","protected":false},"excerpt":{"rendered":"<p>Se trata de una nueva muestra presentada en el Museo de Esculturas Luis Perlotti (Pujol 644). La\u00a0exposici\u00f3n fue inaugurada el 1 de septiembre y podr\u00e1 visitarse hasta el d\u00eda 23. Se basa en la obra po\u00e9tica de Andrea Sanmartin, quien tambi\u00e9n oficia de curadora. Declarada de inter\u00e9s Cultural por los Ministerios de Cultura de Ciudad [&hellip;]<\/p>\n","protected":false},"author":1,"featured_media":26828,"comment_status":"open","ping_status":"open","sticky":false,"template":"","format":"standard","meta":{"footnotes":""},"categories":[5],"tags":[],"class_list":["post-26827","post","type-post","status-publish","format-standard","has-post-thumbnail","hentry","category-noticias"],"_links":{"self":[{"href":"http:\/\/caballitotequiero.com.ar\/portal\/wp-json\/wp\/v2\/posts\/26827","targetHints":{"allow":["GET"]}}],"collection":[{"href":"http:\/\/caballitotequiero.com.ar\/portal\/wp-json\/wp\/v2\/posts"}],"about":[{"href":"http:\/\/caballitotequiero.com.ar\/portal\/wp-json\/wp\/v2\/types\/post"}],"author":[{"embeddable":true,"href":"http:\/\/caballitotequiero.com.ar\/portal\/wp-json\/wp\/v2\/users\/1"}],"replies":[{"embeddable":true,"href":"http:\/\/caballitotequiero.com.ar\/portal\/wp-json\/wp\/v2\/comments?post=26827"}],"version-history":[{"count":1,"href":"http:\/\/caballitotequiero.com.ar\/portal\/wp-json\/wp\/v2\/posts\/26827\/revisions"}],"predecessor-version":[{"id":26834,"href":"http:\/\/caballitotequiero.com.ar\/portal\/wp-json\/wp\/v2\/posts\/26827\/revisions\/26834"}],"wp:featuredmedia":[{"embeddable":true,"href":"http:\/\/caballitotequiero.com.ar\/portal\/wp-json\/wp\/v2\/media\/26828"}],"wp:attachment":[{"href":"http:\/\/caballitotequiero.com.ar\/portal\/wp-json\/wp\/v2\/media?parent=26827"}],"wp:term":[{"taxonomy":"category","embeddable":true,"href":"http:\/\/caballitotequiero.com.ar\/portal\/wp-json\/wp\/v2\/categories?post=26827"},{"taxonomy":"post_tag","embeddable":true,"href":"http:\/\/caballitotequiero.com.ar\/portal\/wp-json\/wp\/v2\/tags?post=26827"}],"curies":[{"name":"wp","href":"https:\/\/api.w.org\/{rel}","templated":true}]}}