{"id":26968,"date":"2018-09-20T01:03:23","date_gmt":"2018-09-20T04:03:23","guid":{"rendered":"http:\/\/caballitotequiero.com.ar\/portal\/?p=26968"},"modified":"2018-09-21T01:18:04","modified_gmt":"2018-09-21T04:18:04","slug":"te-con-historia-de-caballito-en-la-casa-sureda","status":"publish","type":"post","link":"http:\/\/caballitotequiero.com.ar\/portal\/2018\/09\/20\/te-con-historia-de-caballito-en-la-casa-sureda\/","title":{"rendered":"T\u00c9 CON HISTORIA DE CABALLITO EN LA CASA SUREDA"},"content":{"rendered":"<p>El martes 18 de septiembre, en el Centro Cultural Sureda, Rosario 250, en el marco del Ciclo \u201cT\u00e9 y Actualidad\u201d, tuvo lugar una charla sobre Leyendas y Curiosidades de Caballito.<br \/>\nComo todos los meses, esta actividad convoca a gran cantidad de vecinos, quienes luego de disfrutar un rico t\u00e9 con masas y saladitos en la galer\u00eda de la tradicional casona, con vista a los jardines, comparten una disertaci\u00f3n de tem\u00e1tica variada en cada oportunidad.<br \/>\nEn este encuentro la exposici\u00f3n estuvo a cargo de Marina Bussio, directora de la Revista Horizonte, quien se refiri\u00f3 a su \u00faltimo libro, \u201cMitos, Leyendas y Curiosidades de Caballito\u201d. As\u00ed se fueron sucediendo relatos como el paso del Petiso Orejudo por Caballito, o la Leyenda de la Planchadora de la Quinta Lezica, la desaparici\u00f3n de los patos del Parque Rivadavia, y curiosidades tales como las avenidas m\u00e1s cortas de la ciudad, el pasaje m\u00e1s angosto, la calle que cambia tres veces de nombre a lo largo de tres cuadras, el nacimiento del delivery y del transporte escolar, entre tantas otras. Estas fueron algunas de las tantas historias presentadas por la disertante.\u00a0Los relatos, acompa\u00f1ados con im\u00e1genes, fueron seguidos con entusiasmo y en algunos casos, tambi\u00e9n con sorpresa por los presentes.<br \/>\nSe trata de una interesante propuesta, que tiene lugar los segundos martes de cada mes, en un marco ideal, como lo es la tradicional Casa Sureda.<\/p>\n<div id=\"attachment_26969\" style=\"width: 710px\" class=\"wp-caption aligncenter\"><a href=\"http:\/\/caballitotequiero.com.ar\/portal\/wp-content\/uploads\/2018\/09\/6-3.jpg\" rel=\"attachment wp-att-26969\"><img loading=\"lazy\" decoding=\"async\" aria-describedby=\"caption-attachment-26969\" class=\"size-full wp-image-26969\" src=\"http:\/\/caballitotequiero.com.ar\/portal\/wp-content\/uploads\/2018\/09\/6-3.jpg\" alt=\"La actividad comenz\u00f3 con un exquisito t\u00e9 con cosas ricas en la galer\u00eda de la casa.\" width=\"700\" height=\"338\" srcset=\"http:\/\/caballitotequiero.com.ar\/portal\/wp-content\/uploads\/2018\/09\/6-3.jpg 700w, http:\/\/caballitotequiero.com.ar\/portal\/wp-content\/uploads\/2018\/09\/6-3-300x145.jpg 300w, http:\/\/caballitotequiero.com.ar\/portal\/wp-content\/uploads\/2018\/09\/6-3-450x217.jpg 450w\" sizes=\"auto, (max-width: 700px) 100vw, 700px\" \/><\/a><p id=\"caption-attachment-26969\" class=\"wp-caption-text\">La actividad comenz\u00f3 compartiendo un exquisito t\u00e9 con cosas ricas en la galer\u00eda de la casa.<\/p><\/div>\n<p><a href=\"http:\/\/caballitotequiero.com.ar\/portal\/wp-content\/uploads\/2018\/09\/7-3.jpg\" rel=\"attachment wp-att-26970\"><img loading=\"lazy\" decoding=\"async\" class=\"aligncenter size-full wp-image-26970\" src=\"http:\/\/caballitotequiero.com.ar\/portal\/wp-content\/uploads\/2018\/09\/7-3.jpg\" alt=\"\" width=\"700\" height=\"525\" srcset=\"http:\/\/caballitotequiero.com.ar\/portal\/wp-content\/uploads\/2018\/09\/7-3.jpg 700w, http:\/\/caballitotequiero.com.ar\/portal\/wp-content\/uploads\/2018\/09\/7-3-300x225.jpg 300w, http:\/\/caballitotequiero.com.ar\/portal\/wp-content\/uploads\/2018\/09\/7-3-450x338.jpg 450w\" sizes=\"auto, (max-width: 700px) 100vw, 700px\" \/><\/a><\/p>\n<div id=\"attachment_26971\" style=\"width: 710px\" class=\"wp-caption aligncenter\"><a href=\"http:\/\/caballitotequiero.com.ar\/portal\/wp-content\/uploads\/2018\/09\/8-4.jpg\" rel=\"attachment wp-att-26971\"><img loading=\"lazy\" decoding=\"async\" aria-describedby=\"caption-attachment-26971\" class=\"size-full wp-image-26971\" src=\"http:\/\/caballitotequiero.com.ar\/portal\/wp-content\/uploads\/2018\/09\/8-4.jpg\" alt=\"Marina Bussio, invitada a exponer sobre Caballito.\" width=\"700\" height=\"525\" srcset=\"http:\/\/caballitotequiero.com.ar\/portal\/wp-content\/uploads\/2018\/09\/8-4.jpg 700w, http:\/\/caballitotequiero.com.ar\/portal\/wp-content\/uploads\/2018\/09\/8-4-300x225.jpg 300w, http:\/\/caballitotequiero.com.ar\/portal\/wp-content\/uploads\/2018\/09\/8-4-450x338.jpg 450w\" sizes=\"auto, (max-width: 700px) 100vw, 700px\" \/><\/a><p id=\"caption-attachment-26971\" class=\"wp-caption-text\">Marina Bussio, invitada a exponer sobre Caballito.<\/p><\/div>\n<p><a href=\"http:\/\/caballitotequiero.com.ar\/portal\/wp-content\/uploads\/2018\/09\/9-3.jpg\" rel=\"attachment wp-att-26972\"><img loading=\"lazy\" decoding=\"async\" class=\"aligncenter size-full wp-image-26972\" src=\"http:\/\/caballitotequiero.com.ar\/portal\/wp-content\/uploads\/2018\/09\/9-3.jpg\" alt=\"\" width=\"700\" height=\"525\" srcset=\"http:\/\/caballitotequiero.com.ar\/portal\/wp-content\/uploads\/2018\/09\/9-3.jpg 700w, http:\/\/caballitotequiero.com.ar\/portal\/wp-content\/uploads\/2018\/09\/9-3-300x225.jpg 300w, http:\/\/caballitotequiero.com.ar\/portal\/wp-content\/uploads\/2018\/09\/9-3-450x338.jpg 450w\" sizes=\"auto, (max-width: 700px) 100vw, 700px\" \/><\/a><\/p>\n<div id=\"attachment_26973\" style=\"width: 710px\" class=\"wp-caption aligncenter\"><a href=\"http:\/\/caballitotequiero.com.ar\/portal\/wp-content\/uploads\/2018\/09\/10-3.jpg\" rel=\"attachment wp-att-26973\"><img loading=\"lazy\" decoding=\"async\" aria-describedby=\"caption-attachment-26973\" class=\"size-full wp-image-26973\" src=\"http:\/\/caballitotequiero.com.ar\/portal\/wp-content\/uploads\/2018\/09\/10-3.jpg\" alt=\"Al finalizar la charla se sortearon ejemplares del libro &quot;Mitos, Leyendas y Curiosidades de Caballito&quot;\" width=\"700\" height=\"525\" srcset=\"http:\/\/caballitotequiero.com.ar\/portal\/wp-content\/uploads\/2018\/09\/10-3.jpg 700w, http:\/\/caballitotequiero.com.ar\/portal\/wp-content\/uploads\/2018\/09\/10-3-300x225.jpg 300w, http:\/\/caballitotequiero.com.ar\/portal\/wp-content\/uploads\/2018\/09\/10-3-450x338.jpg 450w\" sizes=\"auto, (max-width: 700px) 100vw, 700px\" \/><\/a><p id=\"caption-attachment-26973\" class=\"wp-caption-text\">Al finalizar la charla se sortearon ejemplares del libro \u00abMitos, Leyendas y Curiosidades de Caballito\u00bb<\/p><\/div>\n","protected":false},"excerpt":{"rendered":"<p>El martes 18 de septiembre, en el Centro Cultural Sureda, Rosario 250, en el marco del Ciclo \u201cT\u00e9 y Actualidad\u201d, tuvo lugar una charla sobre Leyendas y Curiosidades de Caballito. Como todos los meses, esta actividad convoca a gran cantidad de vecinos, quienes luego de disfrutar un rico t\u00e9 con masas y saladitos en la [&hellip;]<\/p>\n","protected":false},"author":1,"featured_media":26972,"comment_status":"open","ping_status":"open","sticky":false,"template":"","format":"standard","meta":{"footnotes":""},"categories":[5],"tags":[],"class_list":["post-26968","post","type-post","status-publish","format-standard","has-post-thumbnail","hentry","category-noticias"],"_links":{"self":[{"href":"http:\/\/caballitotequiero.com.ar\/portal\/wp-json\/wp\/v2\/posts\/26968","targetHints":{"allow":["GET"]}}],"collection":[{"href":"http:\/\/caballitotequiero.com.ar\/portal\/wp-json\/wp\/v2\/posts"}],"about":[{"href":"http:\/\/caballitotequiero.com.ar\/portal\/wp-json\/wp\/v2\/types\/post"}],"author":[{"embeddable":true,"href":"http:\/\/caballitotequiero.com.ar\/portal\/wp-json\/wp\/v2\/users\/1"}],"replies":[{"embeddable":true,"href":"http:\/\/caballitotequiero.com.ar\/portal\/wp-json\/wp\/v2\/comments?post=26968"}],"version-history":[{"count":1,"href":"http:\/\/caballitotequiero.com.ar\/portal\/wp-json\/wp\/v2\/posts\/26968\/revisions"}],"predecessor-version":[{"id":26974,"href":"http:\/\/caballitotequiero.com.ar\/portal\/wp-json\/wp\/v2\/posts\/26968\/revisions\/26974"}],"wp:featuredmedia":[{"embeddable":true,"href":"http:\/\/caballitotequiero.com.ar\/portal\/wp-json\/wp\/v2\/media\/26972"}],"wp:attachment":[{"href":"http:\/\/caballitotequiero.com.ar\/portal\/wp-json\/wp\/v2\/media?parent=26968"}],"wp:term":[{"taxonomy":"category","embeddable":true,"href":"http:\/\/caballitotequiero.com.ar\/portal\/wp-json\/wp\/v2\/categories?post=26968"},{"taxonomy":"post_tag","embeddable":true,"href":"http:\/\/caballitotequiero.com.ar\/portal\/wp-json\/wp\/v2\/tags?post=26968"}],"curies":[{"name":"wp","href":"https:\/\/api.w.org\/{rel}","templated":true}]}}