{"id":2756,"date":"2011-07-02T00:35:12","date_gmt":"2011-07-02T03:35:12","guid":{"rendered":"http:\/\/caballitotequiero.com.ar\/portal\/?p=2756"},"modified":"2011-07-02T00:40:40","modified_gmt":"2011-07-02T03:40:40","slug":"pena-floklorica-de-la-red-de-necesidades-especiales","status":"publish","type":"post","link":"http:\/\/caballitotequiero.com.ar\/portal\/2011\/07\/02\/pena-floklorica-de-la-red-de-necesidades-especiales\/","title":{"rendered":"PE\u00d1A FOLKL\u00d3RICA DE LA RED DE NECESIDADES ESPECIALES"},"content":{"rendered":"<p>El viernes 1\u00ba de julio se realiz\u00f3 en el colegio \u201cNuestra Escuela\u201d, Directorio 372, una Pe\u00f1a Folkl\u00f3rica por el D\u00eda de la Independencia.<\/p>\n<p>Los organizadores, la Red de Necesidades Especiales de los CGPC 5 y 6, convocaron a los alumnos de las siguientes instituciones: Escuela de Educaci\u00f3n Especial N\u00ba 34; ESSERRE; Escuela de Educaci\u00f3n Especial N\u00ba 33 y Nuestra Escuela.<\/p>\n<p>A las 09.30, se inici\u00f3 el acto con unas palabras del  director del CGPC 6, Marcelo Iambrich. A continuaci\u00f3n se pudieron ver diversos n\u00fameros folkl\u00f3ricos a cargo de las escuelas participantes.<\/p>\n<p>As\u00ed con un magn\u00edfico despliegue de los alumnos el p\u00fablico aplaudi\u00f3, entusiasta, los siguienes n\u00fameros: Grupo de bailarines de tango; Ritmo Celeste y Blanco. Danza y percusi\u00f3n;<\/p>\n<p>Canciones folkl\u00f3ricas; \u201cEl Carnavalito\u201d. Homenaje a la Pachamama; Grupo de folklore y un espectacular cierre donde todos los artistas se unieron para bailar.<\/p>\n<p>En un entreacto los alumnos y toda la comunidad educativa disfrutaron de un refrigerio con t\u00edpicos pastelitos criollos.<\/p>\n<p>Una vez m\u00e1s, la Red de Necesidades Especiales dio la oportunidad a las distintas escuelas de mostrar el intenso trabajo realizado por los docentes y alumnos. Una vez m\u00e1s, como en a\u00f1os anteriores, la frescura y ajustadas actuaciones de los chicos, conmovieron a todos los presentes.<\/p>\n<p>Un hermoso festejo del D\u00eda de la Independencia, donde qued\u00f3 de manifiesto lo que puede el amor y el esfuerzo.<\/p>\n<p><img loading=\"lazy\" decoding=\"async\" class=\"alignleft size-full wp-image-2757\" src=\"http:\/\/caballitotequiero.com.ar\/portal\/wp-content\/uploads\/2011\/07\/0-a-red-0.jpg\" alt=\"\" width=\"510\" height=\"383\" srcset=\"http:\/\/caballitotequiero.com.ar\/portal\/wp-content\/uploads\/2011\/07\/0-a-red-0.jpg 510w, http:\/\/caballitotequiero.com.ar\/portal\/wp-content\/uploads\/2011\/07\/0-a-red-0-300x225.jpg 300w, http:\/\/caballitotequiero.com.ar\/portal\/wp-content\/uploads\/2011\/07\/0-a-red-0-80x60.jpg 80w\" sizes=\"auto, (max-width: 510px) 100vw, 510px\" \/><img loading=\"lazy\" decoding=\"async\" class=\"alignleft size-full wp-image-2758\" src=\"http:\/\/caballitotequiero.com.ar\/portal\/wp-content\/uploads\/2011\/07\/0-a-red-1.jpg\" alt=\"\" width=\"510\" height=\"383\" srcset=\"http:\/\/caballitotequiero.com.ar\/portal\/wp-content\/uploads\/2011\/07\/0-a-red-1.jpg 510w, http:\/\/caballitotequiero.com.ar\/portal\/wp-content\/uploads\/2011\/07\/0-a-red-1-300x225.jpg 300w, http:\/\/caballitotequiero.com.ar\/portal\/wp-content\/uploads\/2011\/07\/0-a-red-1-80x60.jpg 80w\" sizes=\"auto, (max-width: 510px) 100vw, 510px\" \/><img loading=\"lazy\" decoding=\"async\" class=\"alignleft size-full wp-image-2759\" src=\"http:\/\/caballitotequiero.com.ar\/portal\/wp-content\/uploads\/2011\/07\/0-a-red-2.jpg\" alt=\"\" width=\"510\" height=\"383\" srcset=\"http:\/\/caballitotequiero.com.ar\/portal\/wp-content\/uploads\/2011\/07\/0-a-red-2.jpg 510w, http:\/\/caballitotequiero.com.ar\/portal\/wp-content\/uploads\/2011\/07\/0-a-red-2-300x225.jpg 300w, http:\/\/caballitotequiero.com.ar\/portal\/wp-content\/uploads\/2011\/07\/0-a-red-2-80x60.jpg 80w\" sizes=\"auto, (max-width: 510px) 100vw, 510px\" \/><img loading=\"lazy\" decoding=\"async\" class=\"alignleft size-full wp-image-2760\" src=\"http:\/\/caballitotequiero.com.ar\/portal\/wp-content\/uploads\/2011\/07\/0-a-red-3.jpg\" alt=\"\" width=\"510\" height=\"383\" srcset=\"http:\/\/caballitotequiero.com.ar\/portal\/wp-content\/uploads\/2011\/07\/0-a-red-3.jpg 510w, http:\/\/caballitotequiero.com.ar\/portal\/wp-content\/uploads\/2011\/07\/0-a-red-3-300x225.jpg 300w, http:\/\/caballitotequiero.com.ar\/portal\/wp-content\/uploads\/2011\/07\/0-a-red-3-80x60.jpg 80w\" sizes=\"auto, (max-width: 510px) 100vw, 510px\" \/><img loading=\"lazy\" decoding=\"async\" class=\"alignleft size-full wp-image-2761\" src=\"http:\/\/caballitotequiero.com.ar\/portal\/wp-content\/uploads\/2011\/07\/0-a-red-4.jpg\" alt=\"\" width=\"510\" height=\"383\" srcset=\"http:\/\/caballitotequiero.com.ar\/portal\/wp-content\/uploads\/2011\/07\/0-a-red-4.jpg 510w, http:\/\/caballitotequiero.com.ar\/portal\/wp-content\/uploads\/2011\/07\/0-a-red-4-300x225.jpg 300w, http:\/\/caballitotequiero.com.ar\/portal\/wp-content\/uploads\/2011\/07\/0-a-red-4-80x60.jpg 80w\" sizes=\"auto, (max-width: 510px) 100vw, 510px\" \/><\/p>\n<div id=\"attachment_2762\" style=\"width: 520px\" class=\"wp-caption alignleft\"><img loading=\"lazy\" decoding=\"async\" aria-describedby=\"caption-attachment-2762\" class=\"size-full wp-image-2762\" src=\"http:\/\/caballitotequiero.com.ar\/portal\/wp-content\/uploads\/2011\/07\/0-a-red-5.jpg\" alt=\"\" width=\"510\" height=\"461\" srcset=\"http:\/\/caballitotequiero.com.ar\/portal\/wp-content\/uploads\/2011\/07\/0-a-red-5.jpg 510w, http:\/\/caballitotequiero.com.ar\/portal\/wp-content\/uploads\/2011\/07\/0-a-red-5-300x271.jpg 300w\" sizes=\"auto, (max-width: 510px) 100vw, 510px\" \/><p id=\"caption-attachment-2762\" class=\"wp-caption-text\">El director del CGPC6, Marcelo Iambrich, felicit\u00f3 a las docentes, a los alumnos y los incentiv\u00f3 a continuar el trabajo que llevan adelante d\u00eda a d\u00eda con esfuerzo y dedicaci\u00f3n.<\/p><\/div>\n<div id=\"attachment_2763\" style=\"width: 520px\" class=\"wp-caption alignleft\"><img loading=\"lazy\" decoding=\"async\" aria-describedby=\"caption-attachment-2763\" class=\"size-full wp-image-2763\" src=\"http:\/\/caballitotequiero.com.ar\/portal\/wp-content\/uploads\/2011\/07\/0-a-red-6.jpg\" alt=\"\" width=\"510\" height=\"383\" srcset=\"http:\/\/caballitotequiero.com.ar\/portal\/wp-content\/uploads\/2011\/07\/0-a-red-6.jpg 510w, http:\/\/caballitotequiero.com.ar\/portal\/wp-content\/uploads\/2011\/07\/0-a-red-6-300x225.jpg 300w, http:\/\/caballitotequiero.com.ar\/portal\/wp-content\/uploads\/2011\/07\/0-a-red-6-80x60.jpg 80w\" sizes=\"auto, (max-width: 510px) 100vw, 510px\" \/><p id=\"caption-attachment-2763\" class=\"wp-caption-text\">Alejandra y Ricardo, integrantes del plantel del CGPC6 que trabajaron en la organizaci\u00f3n del evento<\/p><\/div>\n","protected":false},"excerpt":{"rendered":"<p>El viernes 1\u00ba de julio se realiz\u00f3 en el colegio \u201cNuestra Escuela\u201d, Directorio 372, una Pe\u00f1a Folkl\u00f3rica por el D\u00eda de la Independencia. Los organizadores, la Red de Necesidades Especiales de los CGPC 5 y 6, convocaron a los alumnos de las siguientes instituciones: Escuela de Educaci\u00f3n Especial N\u00ba 34; ESSERRE; Escuela de Educaci\u00f3n Especial [&hellip;]<\/p>\n","protected":false},"author":1,"featured_media":2764,"comment_status":"open","ping_status":"open","sticky":false,"template":"","format":"standard","meta":{"footnotes":""},"categories":[5],"tags":[],"class_list":["post-2756","post","type-post","status-publish","format-standard","has-post-thumbnail","hentry","category-noticias"],"_links":{"self":[{"href":"http:\/\/caballitotequiero.com.ar\/portal\/wp-json\/wp\/v2\/posts\/2756","targetHints":{"allow":["GET"]}}],"collection":[{"href":"http:\/\/caballitotequiero.com.ar\/portal\/wp-json\/wp\/v2\/posts"}],"about":[{"href":"http:\/\/caballitotequiero.com.ar\/portal\/wp-json\/wp\/v2\/types\/post"}],"author":[{"embeddable":true,"href":"http:\/\/caballitotequiero.com.ar\/portal\/wp-json\/wp\/v2\/users\/1"}],"replies":[{"embeddable":true,"href":"http:\/\/caballitotequiero.com.ar\/portal\/wp-json\/wp\/v2\/comments?post=2756"}],"version-history":[{"count":2,"href":"http:\/\/caballitotequiero.com.ar\/portal\/wp-json\/wp\/v2\/posts\/2756\/revisions"}],"predecessor-version":[{"id":2767,"href":"http:\/\/caballitotequiero.com.ar\/portal\/wp-json\/wp\/v2\/posts\/2756\/revisions\/2767"}],"wp:featuredmedia":[{"embeddable":true,"href":"http:\/\/caballitotequiero.com.ar\/portal\/wp-json\/wp\/v2\/media\/2764"}],"wp:attachment":[{"href":"http:\/\/caballitotequiero.com.ar\/portal\/wp-json\/wp\/v2\/media?parent=2756"}],"wp:term":[{"taxonomy":"category","embeddable":true,"href":"http:\/\/caballitotequiero.com.ar\/portal\/wp-json\/wp\/v2\/categories?post=2756"},{"taxonomy":"post_tag","embeddable":true,"href":"http:\/\/caballitotequiero.com.ar\/portal\/wp-json\/wp\/v2\/tags?post=2756"}],"curies":[{"name":"wp","href":"https:\/\/api.w.org\/{rel}","templated":true}]}}