{"id":2770,"date":"2011-07-03T17:15:16","date_gmt":"2011-07-03T20:15:16","guid":{"rendered":"http:\/\/caballitotequiero.com.ar\/portal\/?p=2770"},"modified":"2011-07-03T17:15:16","modified_gmt":"2011-07-03T20:15:16","slug":"repercusiones-del-debate-por-las-comunas-organizado-por-horizonte","status":"publish","type":"post","link":"http:\/\/caballitotequiero.com.ar\/portal\/2011\/07\/03\/repercusiones-del-debate-por-las-comunas-organizado-por-horizonte\/","title":{"rendered":"REPERCUSIONES DEL DEBATE POR LAS COMUNAS ORGANIZADO POR HORIZONTE"},"content":{"rendered":"<p>Entre los muchos comentarios y correos recibidos luego del debate organizado por Horizonte con la participaci\u00f3n de los once primeros candidatos a integrar la Junta Comunal de Caballito, seleccionamos uno que expresa la opini\u00f3n de los vecinos.<\/p>\n<p>Agradecemos las conceptuosas palabras de todos nuestros lectores.<\/p>\n<p>\u00abAmigos de Horizonte:<br \/>\nAntes que nada quiero agradecerles por la posibilidad que nos han dado a los vecinos del barrio de Caballito de escuchar las propuestas y conocer las caras y las voces de quienes se postulan como candidatos a integrar las juntas comunales directamente de primera mano. Tener frente a frente y poder charlar y escuchar a quienes, en un momento hist\u00f3rico para la ciudad, van a representar a trav\u00e9s de un nuevo sistema de democracia directa los intereses de los vecinos del barrio es, a mi humilde saber y entender, otra gran muestra de madurez pol\u00edtica e institucional que nos aleja cada vez m\u00e1s de aquellos oscuros a\u00f1os en los que la institucionalidad era s\u00f3lo una utop\u00eda y los derechos de ser leg\u00edtimamente representados eran sistem\u00e1ticamente mancillados y pisoteados por quienes se cre\u00eda con derecho a avasallarnos y silenciar la voluntad popular.<br \/>\nHoy, varios a\u00f1os despu\u00e9s de aquellos tr\u00e1gicos momentos de nuestra historia, los vecinos de los diferentes barrios de nuestra querida Ciudad de Buenos Aires, accedemos a la posibilidad de elegir de entre nosotros mismos y en el marco que las instituciones lo rigen, a quienes ser\u00e1n los miembros de las Juntas Comunales y gracias a reuniones informativas como la impulsada por vuestro medio, el pasado 23 de junio en el Club Italiano, pudimos saber a\u00fan m\u00e1s acerca de quienes ser\u00e1n esas personas, esos vecinos que sin duda y m\u00e1s all\u00e1 de la bander\u00eda pol\u00edtica partidaria que representan, se muestran claramente comprometidos con la problem\u00e1tica barrial.<br \/>\nQuisiera destacar la absoluta y democr\u00e1tica imparcialidad demostrada por quien oficiara de moderadora y organizadora del evento, Marina Bussio quien junto a H\u00e9ctor N\u00fa\u00f1ez Castro supieron coordinar y gestionar los medios necesarios para que el importante n\u00famero de vecinos que pudimos acceder a la charla, tuvi\u00e9ramos informaci\u00f3n acerca de propuestas y formas de ver la problem\u00e1tica barrial de nada menos que de once de los doce partidos que presentan candidatos a representantes comunales y a quienes pudimos escuchar hablando acerca de sus ideas y contestar preguntas hechas por los mismos vecinos a trav\u00e9s del sitio<a href=\"http:\/\/www.caballitotequiero.com.ar\/\" target=\"_blank\">www.caballitotequiero.com.ar<\/a>.<br \/>\nSin duda, un logro m\u00e1s de Revista Horizonte que desde su lugar de medio barrial y comprometido con la problem\u00e1tica cotidiana de Caballito posibilit\u00f3 una gran muestra de madurez democr\u00e1tica y sentido de solidaridad comunal.<br \/>\n<span style=\"color: #888888;\"><br \/>\nLeonardo Ballestero<br \/>\nVecino de Caballito\u00bb<\/span><\/p>\n<p><span style=\"color: #888888;\"><img loading=\"lazy\" decoding=\"async\" class=\"alignleft size-full wp-image-2771\" src=\"http:\/\/caballitotequiero.com.ar\/portal\/wp-content\/uploads\/2011\/07\/varios-mesa-3.jpg\" alt=\"\" width=\"510\" height=\"285\" srcset=\"http:\/\/caballitotequiero.com.ar\/portal\/wp-content\/uploads\/2011\/07\/varios-mesa-3.jpg 510w, http:\/\/caballitotequiero.com.ar\/portal\/wp-content\/uploads\/2011\/07\/varios-mesa-3-300x167.jpg 300w\" sizes=\"auto, (max-width: 510px) 100vw, 510px\" \/><img loading=\"lazy\" decoding=\"async\" class=\"alignleft size-full wp-image-2772\" src=\"http:\/\/caballitotequiero.com.ar\/portal\/wp-content\/uploads\/2011\/07\/varios-mesa-6.jpg\" alt=\"\" width=\"510\" height=\"383\" srcset=\"http:\/\/caballitotequiero.com.ar\/portal\/wp-content\/uploads\/2011\/07\/varios-mesa-6.jpg 510w, http:\/\/caballitotequiero.com.ar\/portal\/wp-content\/uploads\/2011\/07\/varios-mesa-6-300x225.jpg 300w, http:\/\/caballitotequiero.com.ar\/portal\/wp-content\/uploads\/2011\/07\/varios-mesa-6-80x60.jpg 80w\" sizes=\"auto, (max-width: 510px) 100vw, 510px\" \/><img loading=\"lazy\" decoding=\"async\" class=\"alignleft size-full wp-image-2773\" src=\"http:\/\/caballitotequiero.com.ar\/portal\/wp-content\/uploads\/2011\/07\/varios-mesa-7.jpg\" alt=\"\" width=\"510\" height=\"383\" srcset=\"http:\/\/caballitotequiero.com.ar\/portal\/wp-content\/uploads\/2011\/07\/varios-mesa-7.jpg 510w, http:\/\/caballitotequiero.com.ar\/portal\/wp-content\/uploads\/2011\/07\/varios-mesa-7-300x225.jpg 300w, http:\/\/caballitotequiero.com.ar\/portal\/wp-content\/uploads\/2011\/07\/varios-mesa-7-80x60.jpg 80w\" sizes=\"auto, (max-width: 510px) 100vw, 510px\" \/><br \/>\n<\/span><\/p>\n","protected":false},"excerpt":{"rendered":"<p>Entre los muchos comentarios y correos recibidos luego del debate organizado por Horizonte con la participaci\u00f3n de los once primeros candidatos a integrar la Junta Comunal de Caballito, seleccionamos uno que expresa la opini\u00f3n de los vecinos. Agradecemos las conceptuosas palabras de todos nuestros lectores. \u00abAmigos de Horizonte: Antes que nada quiero agradecerles por la [&hellip;]<\/p>\n","protected":false},"author":1,"featured_media":2774,"comment_status":"open","ping_status":"open","sticky":false,"template":"","format":"standard","meta":{"footnotes":""},"categories":[5],"tags":[],"class_list":["post-2770","post","type-post","status-publish","format-standard","has-post-thumbnail","hentry","category-noticias"],"_links":{"self":[{"href":"http:\/\/caballitotequiero.com.ar\/portal\/wp-json\/wp\/v2\/posts\/2770","targetHints":{"allow":["GET"]}}],"collection":[{"href":"http:\/\/caballitotequiero.com.ar\/portal\/wp-json\/wp\/v2\/posts"}],"about":[{"href":"http:\/\/caballitotequiero.com.ar\/portal\/wp-json\/wp\/v2\/types\/post"}],"author":[{"embeddable":true,"href":"http:\/\/caballitotequiero.com.ar\/portal\/wp-json\/wp\/v2\/users\/1"}],"replies":[{"embeddable":true,"href":"http:\/\/caballitotequiero.com.ar\/portal\/wp-json\/wp\/v2\/comments?post=2770"}],"version-history":[{"count":2,"href":"http:\/\/caballitotequiero.com.ar\/portal\/wp-json\/wp\/v2\/posts\/2770\/revisions"}],"predecessor-version":[{"id":2776,"href":"http:\/\/caballitotequiero.com.ar\/portal\/wp-json\/wp\/v2\/posts\/2770\/revisions\/2776"}],"wp:featuredmedia":[{"embeddable":true,"href":"http:\/\/caballitotequiero.com.ar\/portal\/wp-json\/wp\/v2\/media\/2774"}],"wp:attachment":[{"href":"http:\/\/caballitotequiero.com.ar\/portal\/wp-json\/wp\/v2\/media?parent=2770"}],"wp:term":[{"taxonomy":"category","embeddable":true,"href":"http:\/\/caballitotequiero.com.ar\/portal\/wp-json\/wp\/v2\/categories?post=2770"},{"taxonomy":"post_tag","embeddable":true,"href":"http:\/\/caballitotequiero.com.ar\/portal\/wp-json\/wp\/v2\/tags?post=2770"}],"curies":[{"name":"wp","href":"https:\/\/api.w.org\/{rel}","templated":true}]}}