{"id":27704,"date":"2019-01-08T20:16:01","date_gmt":"2019-01-08T23:16:01","guid":{"rendered":"http:\/\/caballitotequiero.com.ar\/portal\/?p=27704"},"modified":"2019-01-09T00:23:14","modified_gmt":"2019-01-09T03:23:14","slug":"retiran-provisoriamente-los-puestos-de-libros-del-parque-rivadavia-para-la-apertura-de-beauchef","status":"publish","type":"post","link":"http:\/\/caballitotequiero.com.ar\/portal\/2019\/01\/08\/retiran-provisoriamente-los-puestos-de-libros-del-parque-rivadavia-para-la-apertura-de-beauchef\/","title":{"rendered":"RETIRAN PROVISORIAMENTE LOS PUESTOS DE LIBROS DEL PARQUE RIVADAVIA PARA LA APERTURA DE BEAUCHEF"},"content":{"rendered":"<p>A pocos meses de inaugurarse el Parque Rivadavia en<strong> julio de 1928<\/strong>, el consejo Deliberante de la Municipalidad de la Ciudad de Buenos Aires, trat\u00f3 un proyecto para abrir la calle Beauchef, en el tramo que une la avenida Rivadavia con la calle Rosario.<br \/>\nDemorado en su tratamiento, el proyecto qued\u00f3 en el olvido. El 28 de julio de 1932 el Concejo Deliberante aprob\u00f3 la Resoluci\u00f3n 42.226,\u00a0pero una vez m\u00e1s no se concret\u00f3. En 1936 se eleva al Concejo Deliberante el convenio firmado con el gobierno nacional para concretar la permuta, debiendo abonar la Municipalidad de Buenos Aires m$n 41.580,30. La obra nunca fue realizada, volviendo a disponerse la apertura en 1991, desisti\u00e9ndose de la ejecuci\u00f3n en 1998. M\u00e1s recientemente, en el 2006, hubo otro intento del legislativo para que se realizara dicha apertura. Otra vez qued\u00f3 en nada.<\/p>\n<p>Es as\u00ed como peri\u00f3dicamente el remanido proyecto es reflotado para caer nuevamente en el burocr\u00e1tico caj\u00f3n de las obras que no fueron.<br \/>\nEn esta oportunidad todo parece indicar que el proyecto, que cuenta ya con 90 a\u00f1os, ser\u00e1 realizado. De consultas efectuadas por \u201cHorizonte, La Revista de Caballito\u201d, a los vecinos de la zona; se desprende que la mayor\u00eda est\u00e1n de acuerdo con la apertura de\u00a0la calle, incluidos puesteros.<\/p>\n<ul>\n<li>Argumentos a favor:<br \/>\n&#8211; La necesidad de una v\u00eda alternativa y r\u00e1pida para servicios de emergencia; bomberos, ambulancias, Defensa Civil, etc.<br \/>\n&#8211; Apertura de una v\u00eda que conecte Sur-Norte, cruzando la Avenida Rivadavia. (Rojas\/Centenera, Hidalgo\/Gim\u00e9nez, Otamendi\/Pasaje El Maestro, R\u00edo de Janeiro\/Senillosa; todas llevan direcci\u00f3n Norte-Sur)<br \/>\n&#8211; Aliviar el tr\u00e1nsito en las avenidas Jos\u00e9 Mar\u00eda Moreno y Acoyte.<br \/>\n&#8211; Aliviar el tr\u00e1nsito sobre la calle Doblas.<br \/>\nLa realidad actual respecto al tr\u00e1nsito vehicular en la zona, demuestra una notoria necesidad de la apertura.<br \/>\nUn veh\u00edculo que circule por la calle Rosario, al llegar a la esquina con Doblas, necesita en horario pico cuatro o cinco cambios de sem\u00e1foro para llegar hasta la esquina de Rivadavia y Doblas (imaginemos que el veh\u00edculo fuera una ambulancia o bomberos).<br \/>\nSin embargo, tambi\u00e9n existen opiniones contrarias a la apertura de la calle, las mismas se centran en:<\/li>\n<li>&#8211; La preocupaci\u00f3n por la p\u00e9rdida de una cantidad de espacio verde en el parque Rivadavia.<br \/>\n&#8211; Riesgo para los alumnos\u00a0al abrir una calle sobre el lateral de la Escuela Normal N\u00ba 4 (en verdad su frente ofrece mayor riesgo, por dar a la avenida Rivadavia).<br \/>\n&#8211; Tambi\u00e9n se remarca el posible riesgo de deterioro del edificio escolar, lo cual es dudoso que ocurra, ya que desde 1914 circula el subterr\u00e1neo sin haber afectado su estructura.\u00a0 \u00a0 \u00a0 \u00a0 \u00a0 \u00a0 \u00a0 \u00a0 \u00a0 \u00a0 \u00a0 \u00a0 \u00a0 \u00a0 \u00a0 \u00a0 \u00a0 \u00a0 \u00a0 \u00a0 \u00a0 \u00a0 \u00a0 \u00a0 \u00a0 \u00a0 \u00a0 \u00a0 \u00a0 \u00a0 \u00a0 \u00a0 \u00a0 \u00a0 \u00a0 \u00a0 \u00a0 \u00a0 \u00a0 \u00a0 \u00a0 \u00a0&#8211; Preocupaci\u00f3n por el destino de la Feria de Libros.<\/li>\n<\/ul>\n<p>Consultados estos puntos con Sebasti\u00e1n Bravo, funcionario del Ministerio de Ambiente y Espacio P\u00fablico, manifest\u00f3 que esta cuadra de Beauchef ser\u00e1 \u201cPrioridad Peat\u00f3n\u201d, no estar\u00e1 abierta al tr\u00e1nsito vehicular, solo podr\u00e1n circular ambulancias o veh\u00edculos en caso de emergencia. Por otra parte, los libreros no perder\u00e1n sus lugares de trabajo, ya que mientras duren las obras, calculadas en cuatro meses, ser\u00e1n reinstalados sobre la Avenida Rivadavia. Luego se los reubicar\u00e1, con nuevas estructuras, en la vereda que se abrir\u00e1 pr\u00f3ximamente, sin que se pierda espacio verde.<\/p>\n<p>Haciendo historia, recordamos que en la d\u00e9cada del \u00b480 fue abierto el tr\u00e1nsito vehicular en la calle Ambrosetti sobre las v\u00edas, que hasta ese momento ten\u00eda solo un paso peatonal. El objetivo era lograr la continuaci\u00f3n Beauchef-Ambrosetti y de esta forma tener un r\u00e1pido acceso al Hospital Durand. Dicho proyecto qued\u00f3 trunco, ya que solo se abri\u00f3 una de esas calles. Hoy, luego de muchos intentos, se concretar\u00e1 el viejo proyecto.<\/p>\n<p>Durante la ma\u00f1ana del martes 8 de enero, con la presencia de personal del Ministerio de Ambiente y Espacio P\u00fablico, Ferias y Mercados y Polic\u00eda de la Ciudad, comenzaron a removerse los puestos. Muchos fueron arreglados ya que se encontraban en p\u00e9simo estado y se los est\u00e1n reubicando sobre la Avenida Rivadavia.<br \/>\nSe llenaron varios camiones de basura y colchones sacados de los puestos.<\/p>\n<p>Consultados vecinos que asistieron a ver lo que suced\u00eda, mostraron su conformidad con las obras. \u201cLa Feria ya no es lo que era, da miedo pasar, hay mal olor, suciedad, puestos abandonados\u201d, manifest\u00f3 Haydee, vecina de la calle Rosario. Por su parte Gustavo, comerciante de la zona, expres\u00f3: \u201cSabemos que hay gente que vive en los puestos, yo no dejo a mis hijos que pasen por all\u00ed, ojal\u00e1 volvamos a tener la Feria que yo disfrutaba cuando era chico y ven\u00eda a cambiar revista al parque\u201d.<br \/>\nEn el mes de noviembre \u00faltimo, Eduardo Macchiavelli, Ministro de Ambiente y Espacio P\u00fablico, visit\u00f3 el barrio de Caballito, habl\u00f3 con vecinos y al referirse a la apertura de la calle Beauchef\u00a0 la propuesta fue aplaudida y muy bien recibida en forma mayoritaria.<\/p>\n<p>Sin duda, un tema pol\u00e9mico, criticado y anhelado.<\/p>\n<p>&nbsp;<\/p>\n<p><a href=\"http:\/\/caballitotequiero.com.ar\/portal\/wp-content\/uploads\/2019\/01\/3-1.jpg\" rel=\"attachment wp-att-27705\"><img loading=\"lazy\" decoding=\"async\" class=\"aligncenter size-full wp-image-27705\" src=\"http:\/\/caballitotequiero.com.ar\/portal\/wp-content\/uploads\/2019\/01\/3-1.jpg\" alt=\"\" width=\"700\" height=\"525\" srcset=\"http:\/\/caballitotequiero.com.ar\/portal\/wp-content\/uploads\/2019\/01\/3-1.jpg 700w, http:\/\/caballitotequiero.com.ar\/portal\/wp-content\/uploads\/2019\/01\/3-1-300x225.jpg 300w, http:\/\/caballitotequiero.com.ar\/portal\/wp-content\/uploads\/2019\/01\/3-1-450x338.jpg 450w\" sizes=\"auto, (max-width: 700px) 100vw, 700px\" \/><\/a> <a href=\"http:\/\/caballitotequiero.com.ar\/portal\/wp-content\/uploads\/2019\/01\/5-1.jpg\" rel=\"attachment wp-att-27706\"><img loading=\"lazy\" decoding=\"async\" class=\"aligncenter size-full wp-image-27706\" src=\"http:\/\/caballitotequiero.com.ar\/portal\/wp-content\/uploads\/2019\/01\/5-1.jpg\" alt=\"\" width=\"700\" height=\"525\" srcset=\"http:\/\/caballitotequiero.com.ar\/portal\/wp-content\/uploads\/2019\/01\/5-1.jpg 700w, http:\/\/caballitotequiero.com.ar\/portal\/wp-content\/uploads\/2019\/01\/5-1-300x225.jpg 300w, http:\/\/caballitotequiero.com.ar\/portal\/wp-content\/uploads\/2019\/01\/5-1-450x338.jpg 450w\" sizes=\"auto, (max-width: 700px) 100vw, 700px\" \/><\/a> <a href=\"http:\/\/caballitotequiero.com.ar\/portal\/wp-content\/uploads\/2019\/01\/6-2.jpg\" rel=\"attachment wp-att-27707\"><img loading=\"lazy\" decoding=\"async\" class=\"aligncenter size-full wp-image-27707\" src=\"http:\/\/caballitotequiero.com.ar\/portal\/wp-content\/uploads\/2019\/01\/6-2.jpg\" alt=\"\" width=\"700\" height=\"525\" srcset=\"http:\/\/caballitotequiero.com.ar\/portal\/wp-content\/uploads\/2019\/01\/6-2.jpg 700w, http:\/\/caballitotequiero.com.ar\/portal\/wp-content\/uploads\/2019\/01\/6-2-300x225.jpg 300w, http:\/\/caballitotequiero.com.ar\/portal\/wp-content\/uploads\/2019\/01\/6-2-450x338.jpg 450w\" sizes=\"auto, (max-width: 700px) 100vw, 700px\" \/><\/a> <a href=\"http:\/\/caballitotequiero.com.ar\/portal\/wp-content\/uploads\/2019\/01\/7-1.jpg\" rel=\"attachment wp-att-27708\"><img loading=\"lazy\" decoding=\"async\" class=\"aligncenter size-full wp-image-27708\" src=\"http:\/\/caballitotequiero.com.ar\/portal\/wp-content\/uploads\/2019\/01\/7-1.jpg\" alt=\"\" width=\"700\" height=\"525\" srcset=\"http:\/\/caballitotequiero.com.ar\/portal\/wp-content\/uploads\/2019\/01\/7-1.jpg 700w, http:\/\/caballitotequiero.com.ar\/portal\/wp-content\/uploads\/2019\/01\/7-1-300x225.jpg 300w, http:\/\/caballitotequiero.com.ar\/portal\/wp-content\/uploads\/2019\/01\/7-1-450x338.jpg 450w\" sizes=\"auto, (max-width: 700px) 100vw, 700px\" \/><\/a><\/p>\n<div id=\"attachment_27709\" style=\"width: 710px\" class=\"wp-caption aligncenter\"><a href=\"http:\/\/caballitotequiero.com.ar\/portal\/wp-content\/uploads\/2019\/01\/8-1.jpg\" rel=\"attachment wp-att-27709\"><img loading=\"lazy\" decoding=\"async\" aria-describedby=\"caption-attachment-27709\" class=\"size-full wp-image-27709\" src=\"http:\/\/caballitotequiero.com.ar\/portal\/wp-content\/uploads\/2019\/01\/8-1.jpg\" alt=\"Los puestos son reparados y colocados sobre la Avenida Rivadavia.\" width=\"700\" height=\"525\" srcset=\"http:\/\/caballitotequiero.com.ar\/portal\/wp-content\/uploads\/2019\/01\/8-1.jpg 700w, http:\/\/caballitotequiero.com.ar\/portal\/wp-content\/uploads\/2019\/01\/8-1-300x225.jpg 300w, http:\/\/caballitotequiero.com.ar\/portal\/wp-content\/uploads\/2019\/01\/8-1-450x338.jpg 450w\" sizes=\"auto, (max-width: 700px) 100vw, 700px\" \/><\/a><p id=\"caption-attachment-27709\" class=\"wp-caption-text\">Los puestos son reparados y colocados sobre la Avenida Rivadavia.<\/p><\/div>\n<div id=\"attachment_27710\" style=\"width: 710px\" class=\"wp-caption aligncenter\"><a href=\"http:\/\/caballitotequiero.com.ar\/portal\/wp-content\/uploads\/2019\/01\/9-1.jpg\" rel=\"attachment wp-att-27710\"><img loading=\"lazy\" decoding=\"async\" aria-describedby=\"caption-attachment-27710\" class=\"size-full wp-image-27710\" src=\"http:\/\/caballitotequiero.com.ar\/portal\/wp-content\/uploads\/2019\/01\/9-1.jpg\" alt=\"Ubicando los puestos, en forma transitoria sobre Rivadavia. Muchos puesteros lo ven con benepl\u00e1cito ya que era cada vez menos el p\u00fablico que circulaba por la Feria debido a su mal estado.\" width=\"700\" height=\"525\" srcset=\"http:\/\/caballitotequiero.com.ar\/portal\/wp-content\/uploads\/2019\/01\/9-1.jpg 700w, http:\/\/caballitotequiero.com.ar\/portal\/wp-content\/uploads\/2019\/01\/9-1-300x225.jpg 300w, http:\/\/caballitotequiero.com.ar\/portal\/wp-content\/uploads\/2019\/01\/9-1-450x338.jpg 450w\" sizes=\"auto, (max-width: 700px) 100vw, 700px\" \/><\/a><p id=\"caption-attachment-27710\" class=\"wp-caption-text\">Ubicando los puestos, en forma transitoria sobre Rivadavia. Muchos puesteros lo ven con benepl\u00e1cito ya que era cada vez menos el p\u00fablico que circulaba por la Feria debido a su mal estado.<\/p><\/div>\n<div id=\"attachment_27711\" style=\"width: 710px\" class=\"wp-caption aligncenter\"><a href=\"http:\/\/caballitotequiero.com.ar\/portal\/wp-content\/uploads\/2019\/01\/11.jpg\" rel=\"attachment wp-att-27711\"><img loading=\"lazy\" decoding=\"async\" aria-describedby=\"caption-attachment-27711\" class=\"size-full wp-image-27711\" src=\"http:\/\/caballitotequiero.com.ar\/portal\/wp-content\/uploads\/2019\/01\/11.jpg\" alt=\"Se sacaron colchones y se llenaron varios camiones con basura retirada de la Feria.\" width=\"700\" height=\"525\" srcset=\"http:\/\/caballitotequiero.com.ar\/portal\/wp-content\/uploads\/2019\/01\/11.jpg 700w, http:\/\/caballitotequiero.com.ar\/portal\/wp-content\/uploads\/2019\/01\/11-300x225.jpg 300w, http:\/\/caballitotequiero.com.ar\/portal\/wp-content\/uploads\/2019\/01\/11-450x338.jpg 450w\" sizes=\"auto, (max-width: 700px) 100vw, 700px\" \/><\/a><p id=\"caption-attachment-27711\" class=\"wp-caption-text\">Se sacaron colchones y se llenaron varios camiones con basura retirada de la Feria.<\/p><\/div>\n<div id=\"attachment_27712\" style=\"width: 710px\" class=\"wp-caption aligncenter\"><a href=\"http:\/\/caballitotequiero.com.ar\/portal\/wp-content\/uploads\/2019\/01\/14.jpg\" rel=\"attachment wp-att-27712\"><img loading=\"lazy\" decoding=\"async\" aria-describedby=\"caption-attachment-27712\" class=\"size-full wp-image-27712\" src=\"http:\/\/caballitotequiero.com.ar\/portal\/wp-content\/uploads\/2019\/01\/14.jpg\" alt=\"Este es el recorrido que debe hacer hoy un veh\u00edculo para tomar Ambrosetti y llegar al Hospital Durand. Seg\u00fan la hora, llega a tardarse 20 minutos.\" width=\"700\" height=\"455\" srcset=\"http:\/\/caballitotequiero.com.ar\/portal\/wp-content\/uploads\/2019\/01\/14.jpg 700w, http:\/\/caballitotequiero.com.ar\/portal\/wp-content\/uploads\/2019\/01\/14-300x195.jpg 300w, http:\/\/caballitotequiero.com.ar\/portal\/wp-content\/uploads\/2019\/01\/14-450x293.jpg 450w\" sizes=\"auto, (max-width: 700px) 100vw, 700px\" \/><\/a><p id=\"caption-attachment-27712\" class=\"wp-caption-text\">Este es el recorrido que debe hacer hoy un veh\u00edculo para tomar Ambrosetti y llegar al Hospital Durand. Seg\u00fan la hora, llega a tardarse 20 minutos.<\/p><\/div>\n<div id=\"attachment_27713\" style=\"width: 710px\" class=\"wp-caption aligncenter\"><a href=\"http:\/\/caballitotequiero.com.ar\/portal\/wp-content\/uploads\/2019\/01\/15.jpg\" rel=\"attachment wp-att-27713\"><img loading=\"lazy\" decoding=\"async\" aria-describedby=\"caption-attachment-27713\" class=\"size-full wp-image-27713\" src=\"http:\/\/caballitotequiero.com.ar\/portal\/wp-content\/uploads\/2019\/01\/15.jpg\" alt=\"Con la apertura de Beauchef, no habr\u00eda demora para tomar Ambrosetti.\" width=\"700\" height=\"481\" srcset=\"http:\/\/caballitotequiero.com.ar\/portal\/wp-content\/uploads\/2019\/01\/15.jpg 700w, http:\/\/caballitotequiero.com.ar\/portal\/wp-content\/uploads\/2019\/01\/15-300x206.jpg 300w, http:\/\/caballitotequiero.com.ar\/portal\/wp-content\/uploads\/2019\/01\/15-450x309.jpg 450w\" sizes=\"auto, (max-width: 700px) 100vw, 700px\" \/><\/a><p id=\"caption-attachment-27713\" class=\"wp-caption-text\">Con la apertura de Beauchef, no habr\u00eda demora para tomar Ambrosetti.<\/p><\/div>\n<p>&nbsp;<\/p>\n<p><strong>As\u00ed se ve\u00eda parte de la Feria de Libros antes de comenzar la obra:<\/strong><\/p>\n<p><a href=\"http:\/\/caballitotequiero.com.ar\/portal\/wp-content\/uploads\/2019\/01\/17.jpg\" rel=\"attachment wp-att-27714\"><img loading=\"lazy\" decoding=\"async\" class=\"aligncenter size-full wp-image-27714\" src=\"http:\/\/caballitotequiero.com.ar\/portal\/wp-content\/uploads\/2019\/01\/17.jpg\" alt=\"\" width=\"700\" height=\"525\" srcset=\"http:\/\/caballitotequiero.com.ar\/portal\/wp-content\/uploads\/2019\/01\/17.jpg 700w, http:\/\/caballitotequiero.com.ar\/portal\/wp-content\/uploads\/2019\/01\/17-300x225.jpg 300w, http:\/\/caballitotequiero.com.ar\/portal\/wp-content\/uploads\/2019\/01\/17-450x338.jpg 450w\" sizes=\"auto, (max-width: 700px) 100vw, 700px\" \/><\/a> <a href=\"http:\/\/caballitotequiero.com.ar\/portal\/wp-content\/uploads\/2019\/01\/18.jpg\" rel=\"attachment wp-att-27715\"><img loading=\"lazy\" decoding=\"async\" class=\"aligncenter size-full wp-image-27715\" src=\"http:\/\/caballitotequiero.com.ar\/portal\/wp-content\/uploads\/2019\/01\/18.jpg\" alt=\"\" width=\"700\" height=\"525\" srcset=\"http:\/\/caballitotequiero.com.ar\/portal\/wp-content\/uploads\/2019\/01\/18.jpg 700w, http:\/\/caballitotequiero.com.ar\/portal\/wp-content\/uploads\/2019\/01\/18-300x225.jpg 300w, http:\/\/caballitotequiero.com.ar\/portal\/wp-content\/uploads\/2019\/01\/18-450x338.jpg 450w\" sizes=\"auto, (max-width: 700px) 100vw, 700px\" \/><\/a> <a href=\"http:\/\/caballitotequiero.com.ar\/portal\/wp-content\/uploads\/2019\/01\/19.jpg\" rel=\"attachment wp-att-27716\"><img loading=\"lazy\" decoding=\"async\" class=\"aligncenter size-full wp-image-27716\" src=\"http:\/\/caballitotequiero.com.ar\/portal\/wp-content\/uploads\/2019\/01\/19.jpg\" alt=\"\" width=\"700\" height=\"525\" srcset=\"http:\/\/caballitotequiero.com.ar\/portal\/wp-content\/uploads\/2019\/01\/19.jpg 700w, http:\/\/caballitotequiero.com.ar\/portal\/wp-content\/uploads\/2019\/01\/19-300x225.jpg 300w, http:\/\/caballitotequiero.com.ar\/portal\/wp-content\/uploads\/2019\/01\/19-450x338.jpg 450w\" sizes=\"auto, (max-width: 700px) 100vw, 700px\" \/><\/a> <a href=\"http:\/\/caballitotequiero.com.ar\/portal\/wp-content\/uploads\/2019\/01\/20.jpg\" rel=\"attachment wp-att-27717\"><img loading=\"lazy\" decoding=\"async\" class=\"aligncenter size-full wp-image-27717\" src=\"http:\/\/caballitotequiero.com.ar\/portal\/wp-content\/uploads\/2019\/01\/20.jpg\" alt=\"\" width=\"700\" height=\"525\" srcset=\"http:\/\/caballitotequiero.com.ar\/portal\/wp-content\/uploads\/2019\/01\/20.jpg 700w, http:\/\/caballitotequiero.com.ar\/portal\/wp-content\/uploads\/2019\/01\/20-300x225.jpg 300w, http:\/\/caballitotequiero.com.ar\/portal\/wp-content\/uploads\/2019\/01\/20-450x338.jpg 450w\" sizes=\"auto, (max-width: 700px) 100vw, 700px\" \/><\/a><\/p>\n<p>&nbsp;<\/p>\n","protected":false},"excerpt":{"rendered":"<p>A pocos meses de inaugurarse el Parque Rivadavia en julio de 1928, el consejo Deliberante de la Municipalidad de la Ciudad de Buenos Aires, trat\u00f3 un proyecto para abrir la calle Beauchef, en el tramo que une la avenida Rivadavia con la calle Rosario. Demorado en su tratamiento, el proyecto qued\u00f3 en el olvido. El [&hellip;]<\/p>\n","protected":false},"author":1,"featured_media":27708,"comment_status":"open","ping_status":"open","sticky":false,"template":"","format":"standard","meta":{"footnotes":""},"categories":[5],"tags":[],"class_list":["post-27704","post","type-post","status-publish","format-standard","has-post-thumbnail","hentry","category-noticias"],"_links":{"self":[{"href":"http:\/\/caballitotequiero.com.ar\/portal\/wp-json\/wp\/v2\/posts\/27704","targetHints":{"allow":["GET"]}}],"collection":[{"href":"http:\/\/caballitotequiero.com.ar\/portal\/wp-json\/wp\/v2\/posts"}],"about":[{"href":"http:\/\/caballitotequiero.com.ar\/portal\/wp-json\/wp\/v2\/types\/post"}],"author":[{"embeddable":true,"href":"http:\/\/caballitotequiero.com.ar\/portal\/wp-json\/wp\/v2\/users\/1"}],"replies":[{"embeddable":true,"href":"http:\/\/caballitotequiero.com.ar\/portal\/wp-json\/wp\/v2\/comments?post=27704"}],"version-history":[{"count":5,"href":"http:\/\/caballitotequiero.com.ar\/portal\/wp-json\/wp\/v2\/posts\/27704\/revisions"}],"predecessor-version":[{"id":27722,"href":"http:\/\/caballitotequiero.com.ar\/portal\/wp-json\/wp\/v2\/posts\/27704\/revisions\/27722"}],"wp:featuredmedia":[{"embeddable":true,"href":"http:\/\/caballitotequiero.com.ar\/portal\/wp-json\/wp\/v2\/media\/27708"}],"wp:attachment":[{"href":"http:\/\/caballitotequiero.com.ar\/portal\/wp-json\/wp\/v2\/media?parent=27704"}],"wp:term":[{"taxonomy":"category","embeddable":true,"href":"http:\/\/caballitotequiero.com.ar\/portal\/wp-json\/wp\/v2\/categories?post=27704"},{"taxonomy":"post_tag","embeddable":true,"href":"http:\/\/caballitotequiero.com.ar\/portal\/wp-json\/wp\/v2\/tags?post=27704"}],"curies":[{"name":"wp","href":"https:\/\/api.w.org\/{rel}","templated":true}]}}