{"id":2778,"date":"2011-07-03T23:35:10","date_gmt":"2011-07-04T02:35:10","guid":{"rendered":"http:\/\/caballitotequiero.com.ar\/portal\/?p=2778"},"modified":"2011-07-03T23:35:10","modified_gmt":"2011-07-04T02:35:10","slug":"continuan-con-exito-las-charlas-de-horizonte-sobre-historia-barrial","status":"publish","type":"post","link":"http:\/\/caballitotequiero.com.ar\/portal\/2011\/07\/03\/continuan-con-exito-las-charlas-de-horizonte-sobre-historia-barrial\/","title":{"rendered":"CONTINUAN CON EXITO LAS CHARLAS DE HORIZONTE SOBRE HISTORIA BARRIAL"},"content":{"rendered":"<p>El pasado 2 de julio, en el Caballito Shopping Center, se dict\u00f3 la tercera Charla de Historia Barrial a cargo de Horizonte, La Revista de Caballito.<\/p>\n<p>Estas charlas se ofrecen, con entrada libre y gratuita, una vez por mes en el subsuelo del centro comercial.<\/p>\n<p>El s\u00e1bado 2 de julio, Marina Bussio y H\u00e9ctor N\u00fa\u00f1ez Castro, directores de Horizonte, presentaron un audiovisual sobre la historia de la Plaza Primera Junta y su Entorno.<\/p>\n<p>M\u00e1s de cuarenta personas colmaron el local, no pudiendo ingresar, m\u00e1s de diez, al mismo.<\/p>\n<p>Durante la exposici\u00f3n, los concurrentes aportaron recuerdos y an\u00e9cdotas de varios sitios cercanos a la Plaza. Estas acotaciones sirven para enriquecer la historia del barrio, a partir de la historia oral.<\/p>\n<p>Finalizada la charla, el p\u00fablico elogio la iniciativa de Horizonte y el Shopping que, posibilita un mayor conocimiento de la historia y presente de nuestro barrio.<\/p>\n<p>La pr\u00f3xima cita ser\u00e1 el s\u00e1bado 6 de agosto a las 18 hs. donde se abordar\u00e1 otra charla relacionada con la historia de Caballito.<\/p>\n<p><img loading=\"lazy\" decoding=\"async\" class=\"alignleft size-full wp-image-2779\" src=\"http:\/\/caballitotequiero.com.ar\/portal\/wp-content\/uploads\/2011\/07\/0-A-charla-shopping-1.jpg\" alt=\"\" width=\"510\" height=\"360\" srcset=\"http:\/\/caballitotequiero.com.ar\/portal\/wp-content\/uploads\/2011\/07\/0-A-charla-shopping-1.jpg 510w, http:\/\/caballitotequiero.com.ar\/portal\/wp-content\/uploads\/2011\/07\/0-A-charla-shopping-1-300x211.jpg 300w\" sizes=\"auto, (max-width: 510px) 100vw, 510px\" \/><img loading=\"lazy\" decoding=\"async\" class=\"alignleft size-full wp-image-2780\" src=\"http:\/\/caballitotequiero.com.ar\/portal\/wp-content\/uploads\/2011\/07\/0-A-charla-shopping-2.jpg\" alt=\"\" width=\"510\" height=\"339\" srcset=\"http:\/\/caballitotequiero.com.ar\/portal\/wp-content\/uploads\/2011\/07\/0-A-charla-shopping-2.jpg 510w, http:\/\/caballitotequiero.com.ar\/portal\/wp-content\/uploads\/2011\/07\/0-A-charla-shopping-2-300x199.jpg 300w\" sizes=\"auto, (max-width: 510px) 100vw, 510px\" \/><\/p>\n<div id=\"attachment_2781\" style=\"width: 520px\" class=\"wp-caption alignleft\"><img loading=\"lazy\" decoding=\"async\" aria-describedby=\"caption-attachment-2781\" class=\"size-full wp-image-2781\" src=\"http:\/\/caballitotequiero.com.ar\/portal\/wp-content\/uploads\/2011\/07\/0-A-charla-shopping-3.jpg\" alt=\"\" width=\"510\" height=\"410\" srcset=\"http:\/\/caballitotequiero.com.ar\/portal\/wp-content\/uploads\/2011\/07\/0-A-charla-shopping-3.jpg 510w, http:\/\/caballitotequiero.com.ar\/portal\/wp-content\/uploads\/2011\/07\/0-A-charla-shopping-3-300x241.jpg 300w\" sizes=\"auto, (max-width: 510px) 100vw, 510px\" \/><p id=\"caption-attachment-2781\" class=\"wp-caption-text\">Marina Bussio, directora de Horizonte, durante la exposici\u00f3n<\/p><\/div>\n<div id=\"attachment_2782\" style=\"width: 520px\" class=\"wp-caption alignleft\"><img loading=\"lazy\" decoding=\"async\" aria-describedby=\"caption-attachment-2782\" class=\"size-full wp-image-2782\" src=\"http:\/\/caballitotequiero.com.ar\/portal\/wp-content\/uploads\/2011\/07\/0-A-charla-shopping-4.jpg\" alt=\"\" width=\"510\" height=\"348\" srcset=\"http:\/\/caballitotequiero.com.ar\/portal\/wp-content\/uploads\/2011\/07\/0-A-charla-shopping-4.jpg 510w, http:\/\/caballitotequiero.com.ar\/portal\/wp-content\/uploads\/2011\/07\/0-A-charla-shopping-4-300x204.jpg 300w\" sizes=\"auto, (max-width: 510px) 100vw, 510px\" \/><p id=\"caption-attachment-2782\" class=\"wp-caption-text\">En el primer Audiovisual de trat\u00f3 la Historia de la Veleta de Caballito y el origen del barrio<\/p><\/div>\n<div id=\"attachment_2783\" style=\"width: 520px\" class=\"wp-caption alignleft\"><img loading=\"lazy\" decoding=\"async\" aria-describedby=\"caption-attachment-2783\" class=\"size-full wp-image-2783\" src=\"http:\/\/caballitotequiero.com.ar\/portal\/wp-content\/uploads\/2011\/07\/0-A-charla-shopping-5.jpg\" alt=\"\" width=\"510\" height=\"370\" srcset=\"http:\/\/caballitotequiero.com.ar\/portal\/wp-content\/uploads\/2011\/07\/0-A-charla-shopping-5.jpg 510w, http:\/\/caballitotequiero.com.ar\/portal\/wp-content\/uploads\/2011\/07\/0-A-charla-shopping-5-300x217.jpg 300w\" sizes=\"auto, (max-width: 510px) 100vw, 510px\" \/><p id=\"caption-attachment-2783\" class=\"wp-caption-text\">Quinta Lezica, actual Parque Rivadavia, tema del segundo encuentro<\/p><\/div>\n<div id=\"attachment_2784\" style=\"width: 520px\" class=\"wp-caption alignleft\"><img loading=\"lazy\" decoding=\"async\" aria-describedby=\"caption-attachment-2784\" class=\"size-full wp-image-2784\" src=\"http:\/\/caballitotequiero.com.ar\/portal\/wp-content\/uploads\/2011\/07\/0-A-charla-shopping-6.jpg\" alt=\"\" width=\"510\" height=\"411\" srcset=\"http:\/\/caballitotequiero.com.ar\/portal\/wp-content\/uploads\/2011\/07\/0-A-charla-shopping-6.jpg 510w, http:\/\/caballitotequiero.com.ar\/portal\/wp-content\/uploads\/2011\/07\/0-A-charla-shopping-6-300x241.jpg 300w\" sizes=\"auto, (max-width: 510px) 100vw, 510px\" \/><p id=\"caption-attachment-2784\" class=\"wp-caption-text\">Parque Rivadavia, los vecinos concurren a su inauguraci\u00f3n.<\/p><\/div>\n<div id=\"attachment_2785\" style=\"width: 492px\" class=\"wp-caption alignleft\"><img loading=\"lazy\" decoding=\"async\" aria-describedby=\"caption-attachment-2785\" class=\"size-full wp-image-2785\" src=\"http:\/\/caballitotequiero.com.ar\/portal\/wp-content\/uploads\/2011\/07\/0-A-charla-shopping-7.jpg\" alt=\"\" width=\"482\" height=\"602\" srcset=\"http:\/\/caballitotequiero.com.ar\/portal\/wp-content\/uploads\/2011\/07\/0-A-charla-shopping-7.jpg 482w, http:\/\/caballitotequiero.com.ar\/portal\/wp-content\/uploads\/2011\/07\/0-A-charla-shopping-7-240x300.jpg 240w\" sizes=\"auto, (max-width: 482px) 100vw, 482px\" \/><p id=\"caption-attachment-2785\" class=\"wp-caption-text\">Plaza Primera Junta, su historia y su entorno, tema del tercer Audiovisual<\/p><\/div>\n<div id=\"attachment_2786\" style=\"width: 490px\" class=\"wp-caption alignleft\"><img loading=\"lazy\" decoding=\"async\" aria-describedby=\"caption-attachment-2786\" class=\"size-full wp-image-2786\" src=\"http:\/\/caballitotequiero.com.ar\/portal\/wp-content\/uploads\/2011\/07\/0-A-charla-shopping-8.jpg\" alt=\"\" width=\"480\" height=\"640\" srcset=\"http:\/\/caballitotequiero.com.ar\/portal\/wp-content\/uploads\/2011\/07\/0-A-charla-shopping-8.jpg 480w, http:\/\/caballitotequiero.com.ar\/portal\/wp-content\/uploads\/2011\/07\/0-A-charla-shopping-8-225x300.jpg 225w\" sizes=\"auto, (max-width: 480px) 100vw, 480px\" \/><p id=\"caption-attachment-2786\" class=\"wp-caption-text\">Se abord\u00f3 tambi\u00e9n la actualidad del barrio y la Plaza Primera Junta hoy.<\/p><\/div>\n","protected":false},"excerpt":{"rendered":"<p>El pasado 2 de julio, en el Caballito Shopping Center, se dict\u00f3 la tercera Charla de Historia Barrial a cargo de Horizonte, La Revista de Caballito. Estas charlas se ofrecen, con entrada libre y gratuita, una vez por mes en el subsuelo del centro comercial. El s\u00e1bado 2 de julio, Marina Bussio y H\u00e9ctor N\u00fa\u00f1ez [&hellip;]<\/p>\n","protected":false},"author":1,"featured_media":2788,"comment_status":"open","ping_status":"open","sticky":false,"template":"","format":"standard","meta":{"footnotes":""},"categories":[5],"tags":[],"class_list":["post-2778","post","type-post","status-publish","format-standard","has-post-thumbnail","hentry","category-noticias"],"_links":{"self":[{"href":"http:\/\/caballitotequiero.com.ar\/portal\/wp-json\/wp\/v2\/posts\/2778","targetHints":{"allow":["GET"]}}],"collection":[{"href":"http:\/\/caballitotequiero.com.ar\/portal\/wp-json\/wp\/v2\/posts"}],"about":[{"href":"http:\/\/caballitotequiero.com.ar\/portal\/wp-json\/wp\/v2\/types\/post"}],"author":[{"embeddable":true,"href":"http:\/\/caballitotequiero.com.ar\/portal\/wp-json\/wp\/v2\/users\/1"}],"replies":[{"embeddable":true,"href":"http:\/\/caballitotequiero.com.ar\/portal\/wp-json\/wp\/v2\/comments?post=2778"}],"version-history":[{"count":2,"href":"http:\/\/caballitotequiero.com.ar\/portal\/wp-json\/wp\/v2\/posts\/2778\/revisions"}],"predecessor-version":[{"id":2790,"href":"http:\/\/caballitotequiero.com.ar\/portal\/wp-json\/wp\/v2\/posts\/2778\/revisions\/2790"}],"wp:featuredmedia":[{"embeddable":true,"href":"http:\/\/caballitotequiero.com.ar\/portal\/wp-json\/wp\/v2\/media\/2788"}],"wp:attachment":[{"href":"http:\/\/caballitotequiero.com.ar\/portal\/wp-json\/wp\/v2\/media?parent=2778"}],"wp:term":[{"taxonomy":"category","embeddable":true,"href":"http:\/\/caballitotequiero.com.ar\/portal\/wp-json\/wp\/v2\/categories?post=2778"},{"taxonomy":"post_tag","embeddable":true,"href":"http:\/\/caballitotequiero.com.ar\/portal\/wp-json\/wp\/v2\/tags?post=2778"}],"curies":[{"name":"wp","href":"https:\/\/api.w.org\/{rel}","templated":true}]}}