{"id":2793,"date":"2011-07-06T01:22:47","date_gmt":"2011-07-06T04:22:47","guid":{"rendered":"http:\/\/caballitotequiero.com.ar\/portal\/?p=2793"},"modified":"2011-07-06T01:23:52","modified_gmt":"2011-07-06T04:23:52","slug":"cerro-la-tradicional-confiteria-castell%c2%b4s","status":"publish","type":"post","link":"http:\/\/caballitotequiero.com.ar\/portal\/2011\/07\/06\/cerro-la-tradicional-confiteria-castell%c2%b4s\/","title":{"rendered":"CERR\u00d3 LA TRADICIONAL CONFITER\u00cdA CASTELL\u00b4S"},"content":{"rendered":"<p>Luego de estar presente durante 33 a\u00f1os, como un emblema, en la Av. Rivadavia 5231, cerr\u00f3 sus puertas la confiter\u00eda Castells.<br \/>\nPunto de reuni\u00f3n de muchos vecinos de Caballito, a la hora del t\u00e9 o de disfrutar un t\u00edpico caf\u00e9, el local tambi\u00e9n era el lugar indicado para adquirir exquisita pasteler\u00eda.<br \/>\nEn el primer piso, su sal\u00f3n de fiestas, vio pasar a cientos de familias caballitenses, en festejos de casamientos, cumplea\u00f1os y diversos eventos.<br \/>\nLa firma Castells S.A. fue atendida por tres generaciones de pasteleros. Fue don Eligio Gonz\u00e1lez Garc\u00eda, quien en 1940 inici\u00f3 la actividad, que fuera continuada por su hijo y nietos.<br \/>\nCon el cierre de Castells, finaliza un ciclo de otro tradicional comercio del barrio que, ya pas\u00f3 a formar parte de la historia, el recuerdo y la nostalgia.<\/p>\n<p><img loading=\"lazy\" decoding=\"async\" class=\"alignleft size-full wp-image-2795\" src=\"http:\/\/caballitotequiero.com.ar\/portal\/wp-content\/uploads\/2011\/07\/0-castells-confiteria-1.jpg\" alt=\"\" width=\"510\" height=\"451\" srcset=\"http:\/\/caballitotequiero.com.ar\/portal\/wp-content\/uploads\/2011\/07\/0-castells-confiteria-1.jpg 510w, http:\/\/caballitotequiero.com.ar\/portal\/wp-content\/uploads\/2011\/07\/0-castells-confiteria-1-300x265.jpg 300w\" sizes=\"auto, (max-width: 510px) 100vw, 510px\" \/><\/p>\n<div id=\"attachment_2796\" style=\"width: 250px\" class=\"wp-caption alignleft\"><img loading=\"lazy\" decoding=\"async\" aria-describedby=\"caption-attachment-2796\" class=\"size-full wp-image-2796\" src=\"http:\/\/caballitotequiero.com.ar\/portal\/wp-content\/uploads\/2011\/07\/Castells-eligio-gonzalez-garcia.jpg\" alt=\"\" width=\"240\" height=\"312\" srcset=\"http:\/\/caballitotequiero.com.ar\/portal\/wp-content\/uploads\/2011\/07\/Castells-eligio-gonzalez-garcia.jpg 240w, http:\/\/caballitotequiero.com.ar\/portal\/wp-content\/uploads\/2011\/07\/Castells-eligio-gonzalez-garcia-230x300.jpg 230w\" sizes=\"auto, (max-width: 240px) 100vw, 240px\" \/><p id=\"caption-attachment-2796\" class=\"wp-caption-text\">Don Eligio Gonz\u00e1lez Garc\u00eda, iniciador de Castell\u00b4s S.A.<\/p><\/div>\n<div id=\"attachment_2797\" style=\"width: 520px\" class=\"wp-caption alignleft\"><img loading=\"lazy\" decoding=\"async\" aria-describedby=\"caption-attachment-2797\" class=\"size-full wp-image-2797\" src=\"http:\/\/caballitotequiero.com.ar\/portal\/wp-content\/uploads\/2011\/07\/0-castells-confiteria.jpg\" alt=\"\" width=\"510\" height=\"383\" srcset=\"http:\/\/caballitotequiero.com.ar\/portal\/wp-content\/uploads\/2011\/07\/0-castells-confiteria.jpg 510w, http:\/\/caballitotequiero.com.ar\/portal\/wp-content\/uploads\/2011\/07\/0-castells-confiteria-300x225.jpg 300w, http:\/\/caballitotequiero.com.ar\/portal\/wp-content\/uploads\/2011\/07\/0-castells-confiteria-80x60.jpg 80w\" sizes=\"auto, (max-width: 510px) 100vw, 510px\" \/><p id=\"caption-attachment-2797\" class=\"wp-caption-text\">Hace una semana la tradicional confiter\u00eda caballitense cerr\u00f3 definitivamente sus puertas<\/p><\/div>\n<p><img loading=\"lazy\" decoding=\"async\" class=\"alignleft size-full wp-image-2794\" src=\"http:\/\/caballitotequiero.com.ar\/portal\/wp-content\/uploads\/2011\/07\/0-castells-confiteria-0.jpg\" alt=\"\" width=\"510\" height=\"383\" srcset=\"http:\/\/caballitotequiero.com.ar\/portal\/wp-content\/uploads\/2011\/07\/0-castells-confiteria-0.jpg 510w, http:\/\/caballitotequiero.com.ar\/portal\/wp-content\/uploads\/2011\/07\/0-castells-confiteria-0-300x225.jpg 300w, http:\/\/caballitotequiero.com.ar\/portal\/wp-content\/uploads\/2011\/07\/0-castells-confiteria-0-80x60.jpg 80w\" sizes=\"auto, (max-width: 510px) 100vw, 510px\" \/><\/p>\n","protected":false},"excerpt":{"rendered":"<p>Luego de estar presente durante 33 a\u00f1os, como un emblema, en la Av. Rivadavia 5231, cerr\u00f3 sus puertas la confiter\u00eda Castells. Punto de reuni\u00f3n de muchos vecinos de Caballito, a la hora del t\u00e9 o de disfrutar un t\u00edpico caf\u00e9, el local tambi\u00e9n era el lugar indicado para adquirir exquisita pasteler\u00eda. En el primer piso, [&hellip;]<\/p>\n","protected":false},"author":1,"featured_media":2798,"comment_status":"open","ping_status":"open","sticky":false,"template":"","format":"standard","meta":{"footnotes":""},"categories":[5],"tags":[],"class_list":["post-2793","post","type-post","status-publish","format-standard","has-post-thumbnail","hentry","category-noticias"],"_links":{"self":[{"href":"http:\/\/caballitotequiero.com.ar\/portal\/wp-json\/wp\/v2\/posts\/2793","targetHints":{"allow":["GET"]}}],"collection":[{"href":"http:\/\/caballitotequiero.com.ar\/portal\/wp-json\/wp\/v2\/posts"}],"about":[{"href":"http:\/\/caballitotequiero.com.ar\/portal\/wp-json\/wp\/v2\/types\/post"}],"author":[{"embeddable":true,"href":"http:\/\/caballitotequiero.com.ar\/portal\/wp-json\/wp\/v2\/users\/1"}],"replies":[{"embeddable":true,"href":"http:\/\/caballitotequiero.com.ar\/portal\/wp-json\/wp\/v2\/comments?post=2793"}],"version-history":[{"count":2,"href":"http:\/\/caballitotequiero.com.ar\/portal\/wp-json\/wp\/v2\/posts\/2793\/revisions"}],"predecessor-version":[{"id":2800,"href":"http:\/\/caballitotequiero.com.ar\/portal\/wp-json\/wp\/v2\/posts\/2793\/revisions\/2800"}],"wp:featuredmedia":[{"embeddable":true,"href":"http:\/\/caballitotequiero.com.ar\/portal\/wp-json\/wp\/v2\/media\/2798"}],"wp:attachment":[{"href":"http:\/\/caballitotequiero.com.ar\/portal\/wp-json\/wp\/v2\/media?parent=2793"}],"wp:term":[{"taxonomy":"category","embeddable":true,"href":"http:\/\/caballitotequiero.com.ar\/portal\/wp-json\/wp\/v2\/categories?post=2793"},{"taxonomy":"post_tag","embeddable":true,"href":"http:\/\/caballitotequiero.com.ar\/portal\/wp-json\/wp\/v2\/tags?post=2793"}],"curies":[{"name":"wp","href":"https:\/\/api.w.org\/{rel}","templated":true}]}}