{"id":28139,"date":"2019-03-09T23:15:40","date_gmt":"2019-03-10T02:15:40","guid":{"rendered":"http:\/\/caballitotequiero.com.ar\/portal\/?p=28139"},"modified":"2019-03-10T23:18:05","modified_gmt":"2019-03-11T02:18:05","slug":"intensa-busqueda-de-un-joven-desaparecido-en-primera-junta","status":"publish","type":"post","link":"http:\/\/caballitotequiero.com.ar\/portal\/2019\/03\/09\/intensa-busqueda-de-un-joven-desaparecido-en-primera-junta\/","title":{"rendered":"INTENSA B\u00daSQUEDA DE UN JOVEN DESAPARECIDO EN PRIMERA JUNTA"},"content":{"rendered":"<p>Desde el domingo 24 de febrero Arshak Karhanyan se encuentra desaparecido. Se trata de un joven de 27 a\u00f1os y el \u00faltimo dato que se tiene es que a las 14.37 se encontraba en la estaci\u00f3n Primera Junta del Subte A, donde realiz\u00f3 una extracci\u00f3n de dinero del cajero autom\u00e1tico. Seg\u00fan los registros hizo un retiro de dos mil pesos y no hubo m\u00e1s movimientos.<\/p>\n<p>Su hermano, Tigran Karhanyan, manifest\u00f3: \u00abEstamos desconcertados, no sabemos qu\u00e9 pas\u00f3. Lo \u00fanico es que estamos seguros que es \u00e9l quien saca el dinero porque pudimos ver c\u00e1maras de seguridad que lo ubican en el lugar\u201d.<\/p>\n<p>Arshak trabaja en la Polic\u00eda de la Ciudad y estudia en la Universidad Tecnol\u00f3gica. Es intensamente buscado. Sus datos son: mide 1,72 metro de altura, es de contextura delgada, tez trigue\u00f1a, pelo negro corto y ojos marrones. No tiene piercings, aros ni tatuajes. Al momento de desaparecer vest\u00eda remera y bermuda tipo jogging oscuras.<\/p>\n<p>Desde el gobierno de la Ciudad tienen disponibles las siguientes l\u00edneas para quien pueda aportar informaci\u00f3n: 4309-9700, interno 234153, y 15 5 821 4001.<\/p>\n<p><a href=\"http:\/\/caballitotequiero.com.ar\/portal\/wp-content\/uploads\/2019\/03\/arshak.jpg_-web.jpg\" rel=\"attachment wp-att-28140\"><img loading=\"lazy\" decoding=\"async\" class=\"aligncenter size-full wp-image-28140\" src=\"http:\/\/caballitotequiero.com.ar\/portal\/wp-content\/uploads\/2019\/03\/arshak.jpg_-web.jpg\" alt=\"\" width=\"700\" height=\"463\" srcset=\"http:\/\/caballitotequiero.com.ar\/portal\/wp-content\/uploads\/2019\/03\/arshak.jpg_-web.jpg 700w, http:\/\/caballitotequiero.com.ar\/portal\/wp-content\/uploads\/2019\/03\/arshak.jpg_-web-300x198.jpg 300w, http:\/\/caballitotequiero.com.ar\/portal\/wp-content\/uploads\/2019\/03\/arshak.jpg_-web-450x298.jpg 450w\" sizes=\"auto, (max-width: 700px) 100vw, 700px\" \/><\/a><\/p>\n","protected":false},"excerpt":{"rendered":"<p>Desde el domingo 24 de febrero Arshak Karhanyan se encuentra desaparecido. Se trata de un joven de 27 a\u00f1os y el \u00faltimo dato que se tiene es que a las 14.37 se encontraba en la estaci\u00f3n Primera Junta del Subte A, donde realiz\u00f3 una extracci\u00f3n de dinero del cajero autom\u00e1tico. Seg\u00fan los registros hizo un [&hellip;]<\/p>\n","protected":false},"author":1,"featured_media":28141,"comment_status":"open","ping_status":"open","sticky":false,"template":"","format":"standard","meta":{"footnotes":""},"categories":[5],"tags":[],"class_list":["post-28139","post","type-post","status-publish","format-standard","has-post-thumbnail","hentry","category-noticias"],"_links":{"self":[{"href":"http:\/\/caballitotequiero.com.ar\/portal\/wp-json\/wp\/v2\/posts\/28139","targetHints":{"allow":["GET"]}}],"collection":[{"href":"http:\/\/caballitotequiero.com.ar\/portal\/wp-json\/wp\/v2\/posts"}],"about":[{"href":"http:\/\/caballitotequiero.com.ar\/portal\/wp-json\/wp\/v2\/types\/post"}],"author":[{"embeddable":true,"href":"http:\/\/caballitotequiero.com.ar\/portal\/wp-json\/wp\/v2\/users\/1"}],"replies":[{"embeddable":true,"href":"http:\/\/caballitotequiero.com.ar\/portal\/wp-json\/wp\/v2\/comments?post=28139"}],"version-history":[{"count":1,"href":"http:\/\/caballitotequiero.com.ar\/portal\/wp-json\/wp\/v2\/posts\/28139\/revisions"}],"predecessor-version":[{"id":28142,"href":"http:\/\/caballitotequiero.com.ar\/portal\/wp-json\/wp\/v2\/posts\/28139\/revisions\/28142"}],"wp:featuredmedia":[{"embeddable":true,"href":"http:\/\/caballitotequiero.com.ar\/portal\/wp-json\/wp\/v2\/media\/28141"}],"wp:attachment":[{"href":"http:\/\/caballitotequiero.com.ar\/portal\/wp-json\/wp\/v2\/media?parent=28139"}],"wp:term":[{"taxonomy":"category","embeddable":true,"href":"http:\/\/caballitotequiero.com.ar\/portal\/wp-json\/wp\/v2\/categories?post=28139"},{"taxonomy":"post_tag","embeddable":true,"href":"http:\/\/caballitotequiero.com.ar\/portal\/wp-json\/wp\/v2\/tags?post=28139"}],"curies":[{"name":"wp","href":"https:\/\/api.w.org\/{rel}","templated":true}]}}