{"id":28737,"date":"2019-06-29T17:07:38","date_gmt":"2019-06-29T20:07:38","guid":{"rendered":"http:\/\/caballitotequiero.com.ar\/portal\/?p=28737"},"modified":"2019-06-29T17:07:38","modified_gmt":"2019-06-29T20:07:38","slug":"un-banco-rojo-en-la-plaza-giordano-bruno-por-soledad-bragna","status":"publish","type":"post","link":"http:\/\/caballitotequiero.com.ar\/portal\/2019\/06\/29\/un-banco-rojo-en-la-plaza-giordano-bruno-por-soledad-bragna\/","title":{"rendered":"UN BANCO ROJO EN LA PLAZA GIORDANO BRUNO POR SOLEDAD BRAGNA"},"content":{"rendered":"<p>Con motivo de la conmemoraci\u00f3n de 10 a\u00f1os de femicidio de Soledad Bargna, se inaugur\u00f3 un banco rojo en su homenaje, en la Plaza Giordano Bruno.<br \/>\nEl viernes 28 de junio, con la presencia de integrantes de la Junta Comunal 6 (actuales y pr\u00f3ximos), junto a autoridades de la Direcci\u00f3n de la Mujer, se realiz\u00f3 el acto a metros de Parral y Neuqu\u00e9n.<\/p>\n<p>Asistieron familiares y amigos de Soledad Bragna, asesinada el 22 de mayo de 2009 en su departamento de Caballito, pr\u00f3ximo al monumento al Cid Campeador. El homicida fue su vecino, Marcelo Pablo D\u00edaz, que al momento del crimen estaba casado y era padre de una menor de edad, ten\u00eda salidas transitorias, en el marco de una condena de 12 a\u00f1os de prisi\u00f3n por violaci\u00f3n. En 2011, el Tribunal lo conden\u00f3 a prisi\u00f3n perpetua.<br \/>\nSoledad viv\u00eda junto a su familia en Honorio Pueyrred\u00f3n al 800, era estudiante de la Universidad Argentina de la Empresa.<\/p>\n<p><a href=\"http:\/\/caballitotequiero.com.ar\/portal\/wp-content\/uploads\/2019\/06\/1-5.jpg\" rel=\"attachment wp-att-28740\"><img loading=\"lazy\" decoding=\"async\" class=\"aligncenter size-full wp-image-28740\" src=\"http:\/\/caballitotequiero.com.ar\/portal\/wp-content\/uploads\/2019\/06\/1-5.jpg\" alt=\"\" width=\"750\" height=\"562\" srcset=\"http:\/\/caballitotequiero.com.ar\/portal\/wp-content\/uploads\/2019\/06\/1-5.jpg 750w, http:\/\/caballitotequiero.com.ar\/portal\/wp-content\/uploads\/2019\/06\/1-5-300x225.jpg 300w, http:\/\/caballitotequiero.com.ar\/portal\/wp-content\/uploads\/2019\/06\/1-5-705x528.jpg 705w, http:\/\/caballitotequiero.com.ar\/portal\/wp-content\/uploads\/2019\/06\/1-5-450x337.jpg 450w\" sizes=\"auto, (max-width: 750px) 100vw, 750px\" \/><\/a><\/p>\n","protected":false},"excerpt":{"rendered":"<p>Con motivo de la conmemoraci\u00f3n de 10 a\u00f1os de femicidio de Soledad Bargna, se inaugur\u00f3 un banco rojo en su homenaje, en la Plaza Giordano Bruno. El viernes 28 de junio, con la presencia de integrantes de la Junta Comunal 6 (actuales y pr\u00f3ximos), junto a autoridades de la Direcci\u00f3n de la Mujer, se realiz\u00f3 [&hellip;]<\/p>\n","protected":false},"author":1,"featured_media":28740,"comment_status":"open","ping_status":"open","sticky":false,"template":"","format":"standard","meta":{"footnotes":""},"categories":[5],"tags":[],"class_list":["post-28737","post","type-post","status-publish","format-standard","has-post-thumbnail","hentry","category-noticias"],"_links":{"self":[{"href":"http:\/\/caballitotequiero.com.ar\/portal\/wp-json\/wp\/v2\/posts\/28737","targetHints":{"allow":["GET"]}}],"collection":[{"href":"http:\/\/caballitotequiero.com.ar\/portal\/wp-json\/wp\/v2\/posts"}],"about":[{"href":"http:\/\/caballitotequiero.com.ar\/portal\/wp-json\/wp\/v2\/types\/post"}],"author":[{"embeddable":true,"href":"http:\/\/caballitotequiero.com.ar\/portal\/wp-json\/wp\/v2\/users\/1"}],"replies":[{"embeddable":true,"href":"http:\/\/caballitotequiero.com.ar\/portal\/wp-json\/wp\/v2\/comments?post=28737"}],"version-history":[{"count":1,"href":"http:\/\/caballitotequiero.com.ar\/portal\/wp-json\/wp\/v2\/posts\/28737\/revisions"}],"predecessor-version":[{"id":28742,"href":"http:\/\/caballitotequiero.com.ar\/portal\/wp-json\/wp\/v2\/posts\/28737\/revisions\/28742"}],"wp:featuredmedia":[{"embeddable":true,"href":"http:\/\/caballitotequiero.com.ar\/portal\/wp-json\/wp\/v2\/media\/28740"}],"wp:attachment":[{"href":"http:\/\/caballitotequiero.com.ar\/portal\/wp-json\/wp\/v2\/media?parent=28737"}],"wp:term":[{"taxonomy":"category","embeddable":true,"href":"http:\/\/caballitotequiero.com.ar\/portal\/wp-json\/wp\/v2\/categories?post=28737"},{"taxonomy":"post_tag","embeddable":true,"href":"http:\/\/caballitotequiero.com.ar\/portal\/wp-json\/wp\/v2\/tags?post=28737"}],"curies":[{"name":"wp","href":"https:\/\/api.w.org\/{rel}","templated":true}]}}