{"id":28764,"date":"2019-07-04T18:34:43","date_gmt":"2019-07-04T21:34:43","guid":{"rendered":"http:\/\/caballitotequiero.com.ar\/portal\/?p=28764"},"modified":"2019-07-07T18:44:13","modified_gmt":"2019-07-07T21:44:13","slug":"la-linea-108-y-30-refugios-estan-disponibles-en-las-noches-de-frio","status":"publish","type":"post","link":"http:\/\/caballitotequiero.com.ar\/portal\/2019\/07\/04\/la-linea-108-y-30-refugios-estan-disponibles-en-las-noches-de-frio\/","title":{"rendered":"LA L\u00cdNEA 108 Y 30 REFUGIOS EST\u00c1N DISPONIBLES EN LAS NOCHES DE FR\u00cdO"},"content":{"rendered":"<p>El Gobierno de la Ciudad ofrece\u00a0una cama, un plato de comida caliente, duchas y toda la infraestructura necesaria para que las personas en situaci\u00f3n de calle puedan estar a resguardo de las bajas temperaturas.<\/p>\n<p>Los equipos especializados de la Ciudad tambi\u00e9n cuentan con trabajadores sociales que abordan a cada persona y a cada familia para acompa\u00f1arlas a salir de la situaci\u00f3n de calle.<\/p>\n<p>Los hogares de tr\u00e1nsito y refugios tienen como objetivo brindar a las personas en situaci\u00f3n de calle un \u00e1mbito de\u00a0<strong>contenci\u00f3n y atenci\u00f3n institucional<\/strong>\u00a0para promover la\u00a0<strong>reinserci\u00f3n<\/strong>\u00a0social de ciudadanos en situaci\u00f3n de vulnerabilidad socioecon\u00f3mica.<\/p>\n<p>De esta manera, ofrecen\u00a0<strong>albergue, comida, atenci\u00f3n, elementos de aseo y tratamiento profesional.<\/strong>\u00a0Adem\u00e1s, las personas cuentan con lockers con candado y un espacio para almacenar pertenencias voluminosas de forma segura.<\/p>\n<p>Para cumplir este objetivo, se cuenta con los siguientes recursos:<\/p>\n<ul>\n<li>28 lugares de alojamiento para adultos, m\u00e1s 6 dispositivos para ni\u00f1os y adolescentes y 3 para adultos mayores.<\/li>\n<li>2.300 plazas disponibles en los distintos\u00a0<a href=\"https:\/\/www.buenosaires.gob.ar\/desarrollohumanoyhabitat\/atencionsocialinmediata\/hogares\">paradores de la Ciudad<\/a>.<\/li>\n<li>M\u00e1s de 40 m\u00f3viles transitando la Ciudad.<\/li>\n<li>Trailers con bebidas y alimentos calientes en temperatura de fr\u00edo de polar.<\/li>\n<li>700 trabajadores, incluyendo operadores sociales y psic\u00f3logos.<\/li>\n<li><a href=\"https:\/\/www.buenosaires.gob.ar\/desarrollohumanoyhabitat\/linea-108-atencion-social-inmediata-0\">L\u00ednea 108 &#8211; Atenci\u00f3n Social Inmediata-<\/a>. Recibe y canaliza las demandas de atenci\u00f3n a personas en situaci\u00f3n de calle y\/o emergencia social.<\/li>\n<li>Recorridas en las calles de la Ciudad las 24 horas, reforz\u00e1ndose en la franja horaria de 19 a 3 con equipos profesionales del equipo del programa\u00a0<a href=\"https:\/\/www.buenosaires.gob.ar\/desarrollohumanoyhabitat\/buenos-aires-presente-bap\">Buenos Aires Presente (BAP)<\/a>.<\/li>\n<li>Durante los d\u00edas de fr\u00edo polar, las instituciones que brindan alojamiento se encuentran abiertas las 24 horas y garantizan las 4 comidas diarias.<\/li>\n<\/ul>\n<p><a href=\"http:\/\/caballitotequiero.com.ar\/portal\/wp-content\/uploads\/2019\/07\/frio-web.jpg\" rel=\"attachment wp-att-28765\"><img loading=\"lazy\" decoding=\"async\" class=\"aligncenter size-full wp-image-28765\" src=\"http:\/\/caballitotequiero.com.ar\/portal\/wp-content\/uploads\/2019\/07\/frio-web.jpg\" alt=\"\" width=\"700\" height=\"476\" srcset=\"http:\/\/caballitotequiero.com.ar\/portal\/wp-content\/uploads\/2019\/07\/frio-web.jpg 700w, http:\/\/caballitotequiero.com.ar\/portal\/wp-content\/uploads\/2019\/07\/frio-web-300x204.jpg 300w, http:\/\/caballitotequiero.com.ar\/portal\/wp-content\/uploads\/2019\/07\/frio-web-450x306.jpg 450w\" sizes=\"auto, (max-width: 700px) 100vw, 700px\" \/><\/a><\/p>\n","protected":false},"excerpt":{"rendered":"<p>El Gobierno de la Ciudad ofrece\u00a0una cama, un plato de comida caliente, duchas y toda la infraestructura necesaria para que las personas en situaci\u00f3n de calle puedan estar a resguardo de las bajas temperaturas. Los equipos especializados de la Ciudad tambi\u00e9n cuentan con trabajadores sociales que abordan a cada persona y a cada familia para [&hellip;]<\/p>\n","protected":false},"author":1,"featured_media":28765,"comment_status":"open","ping_status":"open","sticky":false,"template":"","format":"standard","meta":{"footnotes":""},"categories":[5],"tags":[],"class_list":["post-28764","post","type-post","status-publish","format-standard","has-post-thumbnail","hentry","category-noticias"],"_links":{"self":[{"href":"http:\/\/caballitotequiero.com.ar\/portal\/wp-json\/wp\/v2\/posts\/28764","targetHints":{"allow":["GET"]}}],"collection":[{"href":"http:\/\/caballitotequiero.com.ar\/portal\/wp-json\/wp\/v2\/posts"}],"about":[{"href":"http:\/\/caballitotequiero.com.ar\/portal\/wp-json\/wp\/v2\/types\/post"}],"author":[{"embeddable":true,"href":"http:\/\/caballitotequiero.com.ar\/portal\/wp-json\/wp\/v2\/users\/1"}],"replies":[{"embeddable":true,"href":"http:\/\/caballitotequiero.com.ar\/portal\/wp-json\/wp\/v2\/comments?post=28764"}],"version-history":[{"count":1,"href":"http:\/\/caballitotequiero.com.ar\/portal\/wp-json\/wp\/v2\/posts\/28764\/revisions"}],"predecessor-version":[{"id":28766,"href":"http:\/\/caballitotequiero.com.ar\/portal\/wp-json\/wp\/v2\/posts\/28764\/revisions\/28766"}],"wp:featuredmedia":[{"embeddable":true,"href":"http:\/\/caballitotequiero.com.ar\/portal\/wp-json\/wp\/v2\/media\/28765"}],"wp:attachment":[{"href":"http:\/\/caballitotequiero.com.ar\/portal\/wp-json\/wp\/v2\/media?parent=28764"}],"wp:term":[{"taxonomy":"category","embeddable":true,"href":"http:\/\/caballitotequiero.com.ar\/portal\/wp-json\/wp\/v2\/categories?post=28764"},{"taxonomy":"post_tag","embeddable":true,"href":"http:\/\/caballitotequiero.com.ar\/portal\/wp-json\/wp\/v2\/tags?post=28764"}],"curies":[{"name":"wp","href":"https:\/\/api.w.org\/{rel}","templated":true}]}}