{"id":28964,"date":"2019-08-05T19:42:32","date_gmt":"2019-08-05T22:42:32","guid":{"rendered":"http:\/\/caballitotequiero.com.ar\/portal\/?p=28964"},"modified":"2019-08-05T19:42:32","modified_gmt":"2019-08-05T22:42:32","slug":"inteligencia-emocional-en-el-centro-cultural-sureda","status":"publish","type":"post","link":"http:\/\/caballitotequiero.com.ar\/portal\/2019\/08\/05\/inteligencia-emocional-en-el-centro-cultural-sureda\/","title":{"rendered":"INTELIGENCIA EMOCIONAL EN EL CENTRO CULTURAL SUREDA"},"content":{"rendered":"<p>El Centro Cultural Sureda, Rosario 250, ofrece el s\u00e1bado 10 de agosto una charla continuando con su ciclo de Inteligencia Emocional. En esta oportunidad el tema ser\u00e1: \u00abClaves para la Comprensi\u00f3n: Empat\u00eda y Compasi\u00f3n\u00bb, coordina Mar\u00eda del Carmen D\u00edaz Guiajarro.<\/p>\n<p>Para consultas: 4901-7230 \/ Bono contibuci\u00f3n $ 200 \/<\/p>\n<p>S\u00e1bado 10 de agosto\u00a0 de 16 a 18 hs.<\/p>\n<p><a href=\"http:\/\/caballitotequiero.com.ar\/portal\/wp-content\/uploads\/2019\/08\/sureda.png\" rel=\"attachment wp-att-28965\"><img loading=\"lazy\" decoding=\"async\" class=\"aligncenter size-full wp-image-28965\" src=\"http:\/\/caballitotequiero.com.ar\/portal\/wp-content\/uploads\/2019\/08\/sureda.png\" alt=\"\" width=\"678\" height=\"960\" srcset=\"http:\/\/caballitotequiero.com.ar\/portal\/wp-content\/uploads\/2019\/08\/sureda.png 678w, http:\/\/caballitotequiero.com.ar\/portal\/wp-content\/uploads\/2019\/08\/sureda-212x300.png 212w, http:\/\/caballitotequiero.com.ar\/portal\/wp-content\/uploads\/2019\/08\/sureda-498x705.png 498w, http:\/\/caballitotequiero.com.ar\/portal\/wp-content\/uploads\/2019\/08\/sureda-450x637.png 450w\" sizes=\"auto, (max-width: 678px) 100vw, 678px\" \/><\/a><\/p>\n<p>&nbsp;<\/p>\n","protected":false},"excerpt":{"rendered":"<p>El Centro Cultural Sureda, Rosario 250, ofrece el s\u00e1bado 10 de agosto una charla continuando con su ciclo de Inteligencia Emocional. En esta oportunidad el tema ser\u00e1: \u00abClaves para la Comprensi\u00f3n: Empat\u00eda y Compasi\u00f3n\u00bb, coordina Mar\u00eda del Carmen D\u00edaz Guiajarro. Para consultas: 4901-7230 \/ Bono contibuci\u00f3n $ 200 \/ S\u00e1bado 10 de agosto\u00a0 de 16 [&hellip;]<\/p>\n","protected":false},"author":1,"featured_media":28966,"comment_status":"open","ping_status":"open","sticky":false,"template":"","format":"standard","meta":{"footnotes":""},"categories":[5],"tags":[],"class_list":["post-28964","post","type-post","status-publish","format-standard","has-post-thumbnail","hentry","category-noticias"],"_links":{"self":[{"href":"http:\/\/caballitotequiero.com.ar\/portal\/wp-json\/wp\/v2\/posts\/28964","targetHints":{"allow":["GET"]}}],"collection":[{"href":"http:\/\/caballitotequiero.com.ar\/portal\/wp-json\/wp\/v2\/posts"}],"about":[{"href":"http:\/\/caballitotequiero.com.ar\/portal\/wp-json\/wp\/v2\/types\/post"}],"author":[{"embeddable":true,"href":"http:\/\/caballitotequiero.com.ar\/portal\/wp-json\/wp\/v2\/users\/1"}],"replies":[{"embeddable":true,"href":"http:\/\/caballitotequiero.com.ar\/portal\/wp-json\/wp\/v2\/comments?post=28964"}],"version-history":[{"count":1,"href":"http:\/\/caballitotequiero.com.ar\/portal\/wp-json\/wp\/v2\/posts\/28964\/revisions"}],"predecessor-version":[{"id":28967,"href":"http:\/\/caballitotequiero.com.ar\/portal\/wp-json\/wp\/v2\/posts\/28964\/revisions\/28967"}],"wp:featuredmedia":[{"embeddable":true,"href":"http:\/\/caballitotequiero.com.ar\/portal\/wp-json\/wp\/v2\/media\/28966"}],"wp:attachment":[{"href":"http:\/\/caballitotequiero.com.ar\/portal\/wp-json\/wp\/v2\/media?parent=28964"}],"wp:term":[{"taxonomy":"category","embeddable":true,"href":"http:\/\/caballitotequiero.com.ar\/portal\/wp-json\/wp\/v2\/categories?post=28964"},{"taxonomy":"post_tag","embeddable":true,"href":"http:\/\/caballitotequiero.com.ar\/portal\/wp-json\/wp\/v2\/tags?post=28964"}],"curies":[{"name":"wp","href":"https:\/\/api.w.org\/{rel}","templated":true}]}}