{"id":29049,"date":"2019-08-15T10:17:12","date_gmt":"2019-08-15T13:17:12","guid":{"rendered":"http:\/\/caballitotequiero.com.ar\/portal\/?p=29049"},"modified":"2019-08-15T10:17:12","modified_gmt":"2019-08-15T13:17:12","slug":"hace-50-anos-se-inauguraba-la-imagen-de-la-virgen-de-lujan-en-el-parque-rivadavia","status":"publish","type":"post","link":"http:\/\/caballitotequiero.com.ar\/portal\/2019\/08\/15\/hace-50-anos-se-inauguraba-la-imagen-de-la-virgen-de-lujan-en-el-parque-rivadavia\/","title":{"rendered":"HACE 50 A\u00d1OS SE INAUGURABA LA IMAGEN DE LA VIRGEN DE LUJ\u00c1N EN EL PARQUE RIVADAVIA"},"content":{"rendered":"<p>El 15 de agosto de 1969, por iniciativa del P\u00e1rroco de la Iglesia Santa Mar\u00eda, Padre Fernando Carballo, se inaugur\u00f3 en el Parque Rivadavia un templete dedicado a la Virgen de Luj\u00e1n.<br \/>\nEse d\u00eda tuvo lugar\u00a0una misa de campa\u00f1a oficiada por monse\u00f1or Juan Carlos Aramburu. El acto cont\u00f3 con la presencia de efectivos del Regimiento de Granaderos a Caballo que montaron una Guardia de Honor; tambi\u00e9n participaron la Banda de la Polic\u00eda Federal, el Coro de la Cantor\u00eda de Nuestra Se\u00f1ora del Socorro, entidades tradicionalistas ataviadas con sus trajes t\u00edpicos y alumnos de diversas escuelas del distrito.<br \/>\nMonse\u00f1or Aramburu en su homil\u00eda se dirigi\u00f3 a los vecinos expres\u00e1ndoles que: \u00abLa Virgen bendecir\u00e1 especialmente a quienes recen con fervor ante su imagen\u00bb.<br \/>\nFinalizada la misa, el templete fue bendecido y el presb\u00edtero Carballo hizo entrega oficial del mismo. Al t\u00e9rmino de su mensaje a los vecinos, se enton\u00f3 el Himno Nacional Argentino.<br \/>\nLa particularidad de este homanaje a la Virgen de Luj\u00e1n es que fue la primer obra ubicada en un espacio p\u00fablico, costeada integramente por contribuciones de los vecinos.<\/p>\n<div id=\"attachment_29050\" style=\"width: 610px\" class=\"wp-caption aligncenter\"><a href=\"http:\/\/caballitotequiero.com.ar\/portal\/wp-content\/uploads\/2019\/08\/Virgen-Lujan-inauguracion-1-web.jpg\" rel=\"attachment wp-att-29050\"><img loading=\"lazy\" decoding=\"async\" aria-describedby=\"caption-attachment-29050\" class=\"size-full wp-image-29050\" src=\"http:\/\/caballitotequiero.com.ar\/portal\/wp-content\/uploads\/2019\/08\/Virgen-Lujan-inauguracion-1-web.jpg\" alt=\"El templete durante la inauguraci\u00f3n.\" width=\"600\" height=\"415\" srcset=\"http:\/\/caballitotequiero.com.ar\/portal\/wp-content\/uploads\/2019\/08\/Virgen-Lujan-inauguracion-1-web.jpg 600w, http:\/\/caballitotequiero.com.ar\/portal\/wp-content\/uploads\/2019\/08\/Virgen-Lujan-inauguracion-1-web-300x208.jpg 300w, http:\/\/caballitotequiero.com.ar\/portal\/wp-content\/uploads\/2019\/08\/Virgen-Lujan-inauguracion-1-web-450x311.jpg 450w\" sizes=\"auto, (max-width: 600px) 100vw, 600px\" \/><\/a><p id=\"caption-attachment-29050\" class=\"wp-caption-text\">El templete durante la inauguraci\u00f3n.<\/p><\/div>\n<p><a href=\"http:\/\/caballitotequiero.com.ar\/portal\/wp-content\/uploads\/2019\/08\/Virgen-Lujan-inauguracion-web-2.jpg\" rel=\"attachment wp-att-29051\"><img loading=\"lazy\" decoding=\"async\" class=\"aligncenter size-full wp-image-29051\" src=\"http:\/\/caballitotequiero.com.ar\/portal\/wp-content\/uploads\/2019\/08\/Virgen-Lujan-inauguracion-web-2.jpg\" alt=\"\" width=\"600\" height=\"400\" srcset=\"http:\/\/caballitotequiero.com.ar\/portal\/wp-content\/uploads\/2019\/08\/Virgen-Lujan-inauguracion-web-2.jpg 600w, http:\/\/caballitotequiero.com.ar\/portal\/wp-content\/uploads\/2019\/08\/Virgen-Lujan-inauguracion-web-2-300x200.jpg 300w, http:\/\/caballitotequiero.com.ar\/portal\/wp-content\/uploads\/2019\/08\/Virgen-Lujan-inauguracion-web-2-450x300.jpg 450w\" sizes=\"auto, (max-width: 600px) 100vw, 600px\" \/><\/a><\/p>\n","protected":false},"excerpt":{"rendered":"<p>El 15 de agosto de 1969, por iniciativa del P\u00e1rroco de la Iglesia Santa Mar\u00eda, Padre Fernando Carballo, se inaugur\u00f3 en el Parque Rivadavia un templete dedicado a la Virgen de Luj\u00e1n. Ese d\u00eda tuvo lugar\u00a0una misa de campa\u00f1a oficiada por monse\u00f1or Juan Carlos Aramburu. El acto cont\u00f3 con la presencia de efectivos del Regimiento [&hellip;]<\/p>\n","protected":false},"author":1,"featured_media":29051,"comment_status":"open","ping_status":"open","sticky":false,"template":"","format":"standard","meta":{"footnotes":""},"categories":[5],"tags":[],"class_list":["post-29049","post","type-post","status-publish","format-standard","has-post-thumbnail","hentry","category-noticias"],"_links":{"self":[{"href":"http:\/\/caballitotequiero.com.ar\/portal\/wp-json\/wp\/v2\/posts\/29049","targetHints":{"allow":["GET"]}}],"collection":[{"href":"http:\/\/caballitotequiero.com.ar\/portal\/wp-json\/wp\/v2\/posts"}],"about":[{"href":"http:\/\/caballitotequiero.com.ar\/portal\/wp-json\/wp\/v2\/types\/post"}],"author":[{"embeddable":true,"href":"http:\/\/caballitotequiero.com.ar\/portal\/wp-json\/wp\/v2\/users\/1"}],"replies":[{"embeddable":true,"href":"http:\/\/caballitotequiero.com.ar\/portal\/wp-json\/wp\/v2\/comments?post=29049"}],"version-history":[{"count":1,"href":"http:\/\/caballitotequiero.com.ar\/portal\/wp-json\/wp\/v2\/posts\/29049\/revisions"}],"predecessor-version":[{"id":29052,"href":"http:\/\/caballitotequiero.com.ar\/portal\/wp-json\/wp\/v2\/posts\/29049\/revisions\/29052"}],"wp:featuredmedia":[{"embeddable":true,"href":"http:\/\/caballitotequiero.com.ar\/portal\/wp-json\/wp\/v2\/media\/29051"}],"wp:attachment":[{"href":"http:\/\/caballitotequiero.com.ar\/portal\/wp-json\/wp\/v2\/media?parent=29049"}],"wp:term":[{"taxonomy":"category","embeddable":true,"href":"http:\/\/caballitotequiero.com.ar\/portal\/wp-json\/wp\/v2\/categories?post=29049"},{"taxonomy":"post_tag","embeddable":true,"href":"http:\/\/caballitotequiero.com.ar\/portal\/wp-json\/wp\/v2\/tags?post=29049"}],"curies":[{"name":"wp","href":"https:\/\/api.w.org\/{rel}","templated":true}]}}