{"id":29095,"date":"2019-08-22T09:34:51","date_gmt":"2019-08-22T12:34:51","guid":{"rendered":"http:\/\/caballitotequiero.com.ar\/portal\/?p=29095"},"modified":"2019-08-23T10:17:57","modified_gmt":"2019-08-23T13:17:57","slug":"se-festejo-primera-vez-en-la-ciudad-el-dia-de-la-futbolista-y-fue-en-caballito","status":"publish","type":"post","link":"http:\/\/caballitotequiero.com.ar\/portal\/2019\/08\/22\/se-festejo-primera-vez-en-la-ciudad-el-dia-de-la-futbolista-y-fue-en-caballito\/","title":{"rendered":"SE FESTEJ\u00d3 PRIMERA VEZ EN LA CIUDAD EL \u00abD\u00cdA DE LA FUTBOLISTA\u00bb Y FUE EN CABALLITO"},"content":{"rendered":"<p>El mi\u00e9rcoles 21 de agosto a las 19.30 en el Club Premier (Campichuelo 472) tuvo lugar la primera celebraci\u00f3n por el D\u00eda de las Futbolistas. Esta fecha fue sancionada por la Legislatura porte\u00f1a en el mes de julio pasado a partir de un proyecto presentado por la legisladora y presidenta de la Comisi\u00f3n de Mujer, Infancia, Adolescencia y Juventud, Andrea Conde.<\/p>\n<p>El evento cont\u00f3 con la presencia de las hist\u00f3ricas pioneras, jugadoras y ex jugadoras. Tambi\u00e9n acompa\u00f1aron las legisladoras Andrea Conde y Gabriela Cerruti, el ex Secretario de Deportes y ex futbolista Claudio Morresi, la escritora Ayel\u00e9n Pujol que estuvo a cargo de las presentaciones y el dirigente de Cultura de AFA N\u00e9stor Vicente, entre otros.<\/p>\n<p>Luego de tres a\u00f1os de gestiones y perseverancia la Legislatura porte\u00f1a declar\u00f3 al 21 de agosto como el D\u00eda de las Futbolistas, en homenaje al equipo argentino que gole\u00f3 a Inglaterra 4-1 con cuatro tantos de Elba Selva en el Mundial de 1971, disputado en M\u00e9xico<\/p>\n<p>Elba Selva record\u00f3 aquel d\u00eda: \u00a0\u201cSobre todo me emocion\u00f3 la gente, me qued\u00f3 en el alma y no se me va a borrar nunca cuando gritaban \u2018Ar-gen-tina, Ar-gen-ti-na\u2019. \u00a0Fue este hecho el que se \u00a0tom\u00f3 como hito hist\u00f3rico para proponer el D\u00eda de las Futbolistas.<\/p>\n<p>Mientras tanto, en diciembre del a\u00f1o pasado una de las jugadoras que particip\u00f3 en el Mundial de 1971 fund\u00f3 \u00abLas Pioneras\u00bb y comenzaron a ser reconocidas en todo el pa\u00eds y hasta fueron invitadas al Mundial de F\u00fatbol Femenino realizado este a\u00f1o en Francia. Algunas de las integrantes de aquel equipo, que hizo historia, relataron an\u00e9cdotas, compartieron sus recuerdos y le pusieron\u00a0 emoci\u00f3n al festejo.<\/p>\n<p>Con mucha alegr\u00eda, m\u00fasica y baile, se celebr\u00f3 por primera vez el D\u00eda de la Futbolista en la Ciudad, con la perspectiva de que el a\u00f1o pr\u00f3ximo sea ley para todo el pa\u00eds.<\/p>\n<div id=\"attachment_29096\" style=\"width: 710px\" class=\"wp-caption aligncenter\"><a href=\"http:\/\/caballitotequiero.com.ar\/portal\/wp-content\/uploads\/2019\/08\/1-5.jpg\" rel=\"attachment wp-att-29096\"><img loading=\"lazy\" decoding=\"async\" aria-describedby=\"caption-attachment-29096\" class=\"size-full wp-image-29096\" src=\"http:\/\/caballitotequiero.com.ar\/portal\/wp-content\/uploads\/2019\/08\/1-5.jpg\" alt=\"Galer\u00eda de fotos con la historia del F\u00fatbol Femenino en el Club Premier\" width=\"700\" height=\"525\" srcset=\"http:\/\/caballitotequiero.com.ar\/portal\/wp-content\/uploads\/2019\/08\/1-5.jpg 700w, http:\/\/caballitotequiero.com.ar\/portal\/wp-content\/uploads\/2019\/08\/1-5-300x225.jpg 300w, http:\/\/caballitotequiero.com.ar\/portal\/wp-content\/uploads\/2019\/08\/1-5-450x338.jpg 450w\" sizes=\"auto, (max-width: 700px) 100vw, 700px\" \/><\/a><p id=\"caption-attachment-29096\" class=\"wp-caption-text\">Galer\u00eda de fotos con la historia del F\u00fatbol Femenino en el Club Premier<\/p><\/div>\n<div id=\"attachment_29097\" style=\"width: 710px\" class=\"wp-caption aligncenter\"><a href=\"http:\/\/caballitotequiero.com.ar\/portal\/wp-content\/uploads\/2019\/08\/8-5.jpg\" rel=\"attachment wp-att-29097\"><img loading=\"lazy\" decoding=\"async\" aria-describedby=\"caption-attachment-29097\" class=\"size-full wp-image-29097\" src=\"http:\/\/caballitotequiero.com.ar\/portal\/wp-content\/uploads\/2019\/08\/8-5.jpg\" alt=\"&quot;Las Pioneras&quot; que participaron en el Mundial de 1971 .\" width=\"700\" height=\"538\" srcset=\"http:\/\/caballitotequiero.com.ar\/portal\/wp-content\/uploads\/2019\/08\/8-5.jpg 700w, http:\/\/caballitotequiero.com.ar\/portal\/wp-content\/uploads\/2019\/08\/8-5-300x231.jpg 300w, http:\/\/caballitotequiero.com.ar\/portal\/wp-content\/uploads\/2019\/08\/8-5-450x346.jpg 450w\" sizes=\"auto, (max-width: 700px) 100vw, 700px\" \/><\/a><p id=\"caption-attachment-29097\" class=\"wp-caption-text\">\u00abLas Pioneras\u00bb que participaron en el Mundial de 1971 .<\/p><\/div>\n<div id=\"attachment_29098\" style=\"width: 710px\" class=\"wp-caption aligncenter\"><a href=\"http:\/\/caballitotequiero.com.ar\/portal\/wp-content\/uploads\/2019\/08\/9-4.jpg\" rel=\"attachment wp-att-29098\"><img loading=\"lazy\" decoding=\"async\" aria-describedby=\"caption-attachment-29098\" class=\"size-full wp-image-29098\" src=\"http:\/\/caballitotequiero.com.ar\/portal\/wp-content\/uploads\/2019\/08\/9-4.jpg\" alt=\"Luciana Sandoval, presidenta de &quot;Las Pioneras&quot;.\" width=\"700\" height=\"524\" srcset=\"http:\/\/caballitotequiero.com.ar\/portal\/wp-content\/uploads\/2019\/08\/9-4.jpg 700w, http:\/\/caballitotequiero.com.ar\/portal\/wp-content\/uploads\/2019\/08\/9-4-300x225.jpg 300w, http:\/\/caballitotequiero.com.ar\/portal\/wp-content\/uploads\/2019\/08\/9-4-450x337.jpg 450w\" sizes=\"auto, (max-width: 700px) 100vw, 700px\" \/><\/a><p id=\"caption-attachment-29098\" class=\"wp-caption-text\">Luciana Sandoval, presidenta de \u00abLas Pioneras\u00bb.<\/p><\/div>\n<div id=\"attachment_29099\" style=\"width: 710px\" class=\"wp-caption aligncenter\"><a href=\"http:\/\/caballitotequiero.com.ar\/portal\/wp-content\/uploads\/2019\/08\/10-5.jpg\" rel=\"attachment wp-att-29099\"><img loading=\"lazy\" decoding=\"async\" aria-describedby=\"caption-attachment-29099\" class=\"size-full wp-image-29099\" src=\"http:\/\/caballitotequiero.com.ar\/portal\/wp-content\/uploads\/2019\/08\/10-5.jpg\" alt=\"N\u00e9stor Vicente, responsable de la Direcci\u00f3n de Cltura de AFA.\" width=\"700\" height=\"435\" srcset=\"http:\/\/caballitotequiero.com.ar\/portal\/wp-content\/uploads\/2019\/08\/10-5.jpg 700w, http:\/\/caballitotequiero.com.ar\/portal\/wp-content\/uploads\/2019\/08\/10-5-300x186.jpg 300w, http:\/\/caballitotequiero.com.ar\/portal\/wp-content\/uploads\/2019\/08\/10-5-450x280.jpg 450w\" sizes=\"auto, (max-width: 700px) 100vw, 700px\" \/><\/a><p id=\"caption-attachment-29099\" class=\"wp-caption-text\">N\u00e9stor Vicente, responsable de la Direcci\u00f3n de Cltura de AFA.<\/p><\/div>\n<div id=\"attachment_29100\" style=\"width: 710px\" class=\"wp-caption aligncenter\"><a href=\"http:\/\/caballitotequiero.com.ar\/portal\/wp-content\/uploads\/2019\/08\/11-3.jpg\" rel=\"attachment wp-att-29100\"><img loading=\"lazy\" decoding=\"async\" aria-describedby=\"caption-attachment-29100\" class=\"size-full wp-image-29100\" src=\"http:\/\/caballitotequiero.com.ar\/portal\/wp-content\/uploads\/2019\/08\/11-3.jpg\" alt=\"Parte del plantel que particip\u00f3 en 1971, en el Mundial de M\u00e9xico\" width=\"700\" height=\"482\" srcset=\"http:\/\/caballitotequiero.com.ar\/portal\/wp-content\/uploads\/2019\/08\/11-3.jpg 700w, http:\/\/caballitotequiero.com.ar\/portal\/wp-content\/uploads\/2019\/08\/11-3-300x207.jpg 300w, http:\/\/caballitotequiero.com.ar\/portal\/wp-content\/uploads\/2019\/08\/11-3-450x310.jpg 450w\" sizes=\"auto, (max-width: 700px) 100vw, 700px\" \/><\/a><p id=\"caption-attachment-29100\" class=\"wp-caption-text\">Parte del plantel que particip\u00f3 en 1971, en el Mundial de M\u00e9xico<\/p><\/div>\n<div id=\"attachment_29101\" style=\"width: 710px\" class=\"wp-caption aligncenter\"><a href=\"http:\/\/caballitotequiero.com.ar\/portal\/wp-content\/uploads\/2019\/08\/12-a.jpg\" rel=\"attachment wp-att-29101\"><img loading=\"lazy\" decoding=\"async\" aria-describedby=\"caption-attachment-29101\" class=\"size-full wp-image-29101\" src=\"http:\/\/caballitotequiero.com.ar\/portal\/wp-content\/uploads\/2019\/08\/12-a.jpg\" alt=\"Lilian Fadel, impulsora del F\u00fatbol Femenino con Amalia Flores, primera jugadora transferida a Europa.\" width=\"700\" height=\"519\" srcset=\"http:\/\/caballitotequiero.com.ar\/portal\/wp-content\/uploads\/2019\/08\/12-a.jpg 700w, http:\/\/caballitotequiero.com.ar\/portal\/wp-content\/uploads\/2019\/08\/12-a-300x222.jpg 300w, http:\/\/caballitotequiero.com.ar\/portal\/wp-content\/uploads\/2019\/08\/12-a-450x334.jpg 450w\" sizes=\"auto, (max-width: 700px) 100vw, 700px\" \/><\/a><p id=\"caption-attachment-29101\" class=\"wp-caption-text\">Lilian Fadel, impulsora del F\u00fatbol Femenino con Amalia Flores, primera jugadora transferida a Europa.<\/p><\/div>\n<div id=\"attachment_29102\" style=\"width: 710px\" class=\"wp-caption aligncenter\"><a href=\"http:\/\/caballitotequiero.com.ar\/portal\/wp-content\/uploads\/2019\/08\/12-2.jpg\" rel=\"attachment wp-att-29102\"><img loading=\"lazy\" decoding=\"async\" aria-describedby=\"caption-attachment-29102\" class=\"size-full wp-image-29102\" src=\"http:\/\/caballitotequiero.com.ar\/portal\/wp-content\/uploads\/2019\/08\/12-2.jpg\" alt=\"Amalia Flores, primera jugadora con pase internacional.\" width=\"700\" height=\"499\" srcset=\"http:\/\/caballitotequiero.com.ar\/portal\/wp-content\/uploads\/2019\/08\/12-2.jpg 700w, http:\/\/caballitotequiero.com.ar\/portal\/wp-content\/uploads\/2019\/08\/12-2-300x214.jpg 300w, http:\/\/caballitotequiero.com.ar\/portal\/wp-content\/uploads\/2019\/08\/12-2-260x185.jpg 260w, http:\/\/caballitotequiero.com.ar\/portal\/wp-content\/uploads\/2019\/08\/12-2-450x321.jpg 450w\" sizes=\"auto, (max-width: 700px) 100vw, 700px\" \/><\/a><p id=\"caption-attachment-29102\" class=\"wp-caption-text\">Amalia Flores, primera jugadora con pase internacional.<\/p><\/div>\n<div id=\"attachment_29103\" style=\"width: 710px\" class=\"wp-caption aligncenter\"><a href=\"http:\/\/caballitotequiero.com.ar\/portal\/wp-content\/uploads\/2019\/08\/14.jpg\" rel=\"attachment wp-att-29103\"><img loading=\"lazy\" decoding=\"async\" aria-describedby=\"caption-attachment-29103\" class=\"size-full wp-image-29103\" src=\"http:\/\/caballitotequiero.com.ar\/portal\/wp-content\/uploads\/2019\/08\/14.jpg\" alt=\"Y todo termin\u00f3 con m\u00fasica y baile.\" width=\"700\" height=\"470\" srcset=\"http:\/\/caballitotequiero.com.ar\/portal\/wp-content\/uploads\/2019\/08\/14.jpg 700w, http:\/\/caballitotequiero.com.ar\/portal\/wp-content\/uploads\/2019\/08\/14-300x201.jpg 300w, http:\/\/caballitotequiero.com.ar\/portal\/wp-content\/uploads\/2019\/08\/14-450x302.jpg 450w\" sizes=\"auto, (max-width: 700px) 100vw, 700px\" \/><\/a><p id=\"caption-attachment-29103\" class=\"wp-caption-text\">Y todo termin\u00f3 con m\u00fasica y baile.<\/p><\/div>\n<p>&nbsp;<\/p>\n","protected":false},"excerpt":{"rendered":"<p>El mi\u00e9rcoles 21 de agosto a las 19.30 en el Club Premier (Campichuelo 472) tuvo lugar la primera celebraci\u00f3n por el D\u00eda de las Futbolistas. Esta fecha fue sancionada por la Legislatura porte\u00f1a en el mes de julio pasado a partir de un proyecto presentado por la legisladora y presidenta de la Comisi\u00f3n de Mujer, [&hellip;]<\/p>\n","protected":false},"author":1,"featured_media":29103,"comment_status":"open","ping_status":"open","sticky":false,"template":"","format":"standard","meta":{"footnotes":""},"categories":[5],"tags":[],"class_list":["post-29095","post","type-post","status-publish","format-standard","has-post-thumbnail","hentry","category-noticias"],"_links":{"self":[{"href":"http:\/\/caballitotequiero.com.ar\/portal\/wp-json\/wp\/v2\/posts\/29095","targetHints":{"allow":["GET"]}}],"collection":[{"href":"http:\/\/caballitotequiero.com.ar\/portal\/wp-json\/wp\/v2\/posts"}],"about":[{"href":"http:\/\/caballitotequiero.com.ar\/portal\/wp-json\/wp\/v2\/types\/post"}],"author":[{"embeddable":true,"href":"http:\/\/caballitotequiero.com.ar\/portal\/wp-json\/wp\/v2\/users\/1"}],"replies":[{"embeddable":true,"href":"http:\/\/caballitotequiero.com.ar\/portal\/wp-json\/wp\/v2\/comments?post=29095"}],"version-history":[{"count":1,"href":"http:\/\/caballitotequiero.com.ar\/portal\/wp-json\/wp\/v2\/posts\/29095\/revisions"}],"predecessor-version":[{"id":29104,"href":"http:\/\/caballitotequiero.com.ar\/portal\/wp-json\/wp\/v2\/posts\/29095\/revisions\/29104"}],"wp:featuredmedia":[{"embeddable":true,"href":"http:\/\/caballitotequiero.com.ar\/portal\/wp-json\/wp\/v2\/media\/29103"}],"wp:attachment":[{"href":"http:\/\/caballitotequiero.com.ar\/portal\/wp-json\/wp\/v2\/media?parent=29095"}],"wp:term":[{"taxonomy":"category","embeddable":true,"href":"http:\/\/caballitotequiero.com.ar\/portal\/wp-json\/wp\/v2\/categories?post=29095"},{"taxonomy":"post_tag","embeddable":true,"href":"http:\/\/caballitotequiero.com.ar\/portal\/wp-json\/wp\/v2\/tags?post=29095"}],"curies":[{"name":"wp","href":"https:\/\/api.w.org\/{rel}","templated":true}]}}