{"id":2917,"date":"2011-07-10T16:55:57","date_gmt":"2011-07-10T19:55:57","guid":{"rendered":"http:\/\/caballitotequiero.com.ar\/portal\/?p=2917"},"modified":"2011-07-10T16:57:57","modified_gmt":"2011-07-10T19:57:57","slug":"se-vota-en-caballito","status":"publish","type":"post","link":"http:\/\/caballitotequiero.com.ar\/portal\/2011\/07\/10\/se-vota-en-caballito\/","title":{"rendered":"SE VOTA EN CABALLITO"},"content":{"rendered":"<p>Desde temprano, gran cantidad de vecinos concurrieron a las distintas escuelas del barrio de Caballito a depositar su voto para Jefe de Gobierno, Legisladores y comuneros.<br \/>\nPasado el mediod\u00eda, comenzaron a formarse extensas colas, en todos los lugares de votaci\u00f3n.<br \/>\nLos comicios transcurren con tranquilidad aunque, existieron reclamos por falta de boletas de algunos partidos pol\u00edticos.<br \/>\nTambi\u00e9n se denunci\u00f3 que en determinadas mesas se entregaban sobres a los votantes, sin ninguna firma.<br \/>\nPor otra parte, se impugnaron fiscales que no deb\u00edan estar ejerciendo esa funci\u00f3n ya que ten\u00edan domicilio en provincia.<br \/>\nLa de hoy ya es una elecci\u00f3n hist\u00f3rica, por ser la primera donde se elegir\u00e1n las autoridades comunales.<br \/>\nHorizonte recorri\u00f3 distintas escuelas de Caballito Sur y Norte. Asimismo, registr\u00f3 el momento en que, diferentes candidatos a Jefe Comunal, cumpl\u00edan con la obligaci\u00f3n c\u00edvica.<\/p>\n<div id=\"attachment_2918\" style=\"width: 520px\" class=\"wp-caption alignleft\"><img loading=\"lazy\" decoding=\"async\" aria-describedby=\"caption-attachment-2918\" class=\"size-full wp-image-2918\" src=\"http:\/\/caballitotequiero.com.ar\/portal\/wp-content\/uploads\/2011\/07\/1-colegio-huergo.jpg\" alt=\"\" width=\"510\" height=\"383\" srcset=\"http:\/\/caballitotequiero.com.ar\/portal\/wp-content\/uploads\/2011\/07\/1-colegio-huergo.jpg 510w, http:\/\/caballitotequiero.com.ar\/portal\/wp-content\/uploads\/2011\/07\/1-colegio-huergo-300x225.jpg 300w, http:\/\/caballitotequiero.com.ar\/portal\/wp-content\/uploads\/2011\/07\/1-colegio-huergo-80x60.jpg 80w\" sizes=\"auto, (max-width: 510px) 100vw, 510px\" \/><p id=\"caption-attachment-2918\" class=\"wp-caption-text\">\u00bfQu\u00e9 mesa me toca? los vecinos consultan las listas en el colegio Ingeniero Huergo<\/p><\/div>\n<div id=\"attachment_2919\" style=\"width: 520px\" class=\"wp-caption alignleft\"><img loading=\"lazy\" decoding=\"async\" aria-describedby=\"caption-attachment-2919\" class=\"size-full wp-image-2919\" src=\"http:\/\/caballitotequiero.com.ar\/portal\/wp-content\/uploads\/2011\/07\/2-damaso.jpg\" alt=\"\" width=\"510\" height=\"422\" srcset=\"http:\/\/caballitotequiero.com.ar\/portal\/wp-content\/uploads\/2011\/07\/2-damaso.jpg 510w, http:\/\/caballitotequiero.com.ar\/portal\/wp-content\/uploads\/2011\/07\/2-damaso-300x248.jpg 300w\" sizes=\"auto, (max-width: 510px) 100vw, 510px\" \/><p id=\"caption-attachment-2919\" class=\"wp-caption-text\">Colegio D\u00e1maso Centeno<\/p><\/div>\n<div id=\"attachment_2920\" style=\"width: 520px\" class=\"wp-caption alignleft\"><img loading=\"lazy\" decoding=\"async\" aria-describedby=\"caption-attachment-2920\" class=\"size-full wp-image-2920\" src=\"http:\/\/caballitotequiero.com.ar\/portal\/wp-content\/uploads\/2011\/07\/3-guatemala.jpg\" alt=\"\" width=\"510\" height=\"383\" srcset=\"http:\/\/caballitotequiero.com.ar\/portal\/wp-content\/uploads\/2011\/07\/3-guatemala.jpg 510w, http:\/\/caballitotequiero.com.ar\/portal\/wp-content\/uploads\/2011\/07\/3-guatemala-300x225.jpg 300w, http:\/\/caballitotequiero.com.ar\/portal\/wp-content\/uploads\/2011\/07\/3-guatemala-80x60.jpg 80w\" sizes=\"auto, (max-width: 510px) 100vw, 510px\" \/><p id=\"caption-attachment-2920\" class=\"wp-caption-text\">Escuela Rep\u00fablica de Guatemala<\/p><\/div>\n<div id=\"attachment_2921\" style=\"width: 520px\" class=\"wp-caption alignleft\"><img loading=\"lazy\" decoding=\"async\" aria-describedby=\"caption-attachment-2921\" class=\"size-full wp-image-2921\" src=\"http:\/\/caballitotequiero.com.ar\/portal\/wp-content\/uploads\/2011\/07\/4-marianista.jpg\" alt=\"\" width=\"510\" height=\"329\" srcset=\"http:\/\/caballitotequiero.com.ar\/portal\/wp-content\/uploads\/2011\/07\/4-marianista.jpg 510w, http:\/\/caballitotequiero.com.ar\/portal\/wp-content\/uploads\/2011\/07\/4-marianista-300x193.jpg 300w\" sizes=\"auto, (max-width: 510px) 100vw, 510px\" \/><p id=\"caption-attachment-2921\" class=\"wp-caption-text\">Colegio Marianista<\/p><\/div>\n<p><img loading=\"lazy\" decoding=\"async\" class=\"alignleft size-full wp-image-2922\" src=\"http:\/\/caballitotequiero.com.ar\/portal\/wp-content\/uploads\/2011\/07\/5.jpg\" alt=\"\" width=\"510\" height=\"383\" srcset=\"http:\/\/caballitotequiero.com.ar\/portal\/wp-content\/uploads\/2011\/07\/5.jpg 510w, http:\/\/caballitotequiero.com.ar\/portal\/wp-content\/uploads\/2011\/07\/5-300x225.jpg 300w, http:\/\/caballitotequiero.com.ar\/portal\/wp-content\/uploads\/2011\/07\/5-80x60.jpg 80w\" sizes=\"auto, (max-width: 510px) 100vw, 510px\" \/><img loading=\"lazy\" decoding=\"async\" class=\"alignleft size-full wp-image-2923\" src=\"http:\/\/caballitotequiero.com.ar\/portal\/wp-content\/uploads\/2011\/07\/boletas.jpg\" alt=\"\" width=\"510\" height=\"145\" srcset=\"http:\/\/caballitotequiero.com.ar\/portal\/wp-content\/uploads\/2011\/07\/boletas.jpg 510w, http:\/\/caballitotequiero.com.ar\/portal\/wp-content\/uploads\/2011\/07\/boletas-300x85.jpg 300w\" sizes=\"auto, (max-width: 510px) 100vw, 510px\" \/><\/p>\n<div id=\"attachment_2924\" style=\"width: 520px\" class=\"wp-caption alignleft\"><img loading=\"lazy\" decoding=\"async\" aria-describedby=\"caption-attachment-2924\" class=\"size-full wp-image-2924\" src=\"http:\/\/caballitotequiero.com.ar\/portal\/wp-content\/uploads\/2011\/07\/6-felipe-1.jpg\" alt=\"\" width=\"510\" height=\"383\" srcset=\"http:\/\/caballitotequiero.com.ar\/portal\/wp-content\/uploads\/2011\/07\/6-felipe-1.jpg 510w, http:\/\/caballitotequiero.com.ar\/portal\/wp-content\/uploads\/2011\/07\/6-felipe-1-300x225.jpg 300w, http:\/\/caballitotequiero.com.ar\/portal\/wp-content\/uploads\/2011\/07\/6-felipe-1-80x60.jpg 80w\" sizes=\"auto, (max-width: 510px) 100vw, 510px\" \/><p id=\"caption-attachment-2924\" class=\"wp-caption-text\">Felipe &quot;Toto&quot; Evangelista, candidato a la Comuna de Caballito por la lista 600 vot\u00f3 en la escuela ubicada en M\u00e9ndez de Andes al 1400<\/p><\/div>\n<div id=\"attachment_2925\" style=\"width: 520px\" class=\"wp-caption alignleft\"><img loading=\"lazy\" decoding=\"async\" aria-describedby=\"caption-attachment-2925\" class=\"size-full wp-image-2925\" src=\"http:\/\/caballitotequiero.com.ar\/portal\/wp-content\/uploads\/2011\/07\/7-felipe-2.jpg\" alt=\"\" width=\"510\" height=\"383\" srcset=\"http:\/\/caballitotequiero.com.ar\/portal\/wp-content\/uploads\/2011\/07\/7-felipe-2.jpg 510w, http:\/\/caballitotequiero.com.ar\/portal\/wp-content\/uploads\/2011\/07\/7-felipe-2-300x225.jpg 300w, http:\/\/caballitotequiero.com.ar\/portal\/wp-content\/uploads\/2011\/07\/7-felipe-2-80x60.jpg 80w\" sizes=\"auto, (max-width: 510px) 100vw, 510px\" \/><p id=\"caption-attachment-2925\" class=\"wp-caption-text\">Doble acontecimiento para Felipe Evangelista ya hoy celebra tambi\u00e9n su cumplea\u00f1os.<\/p><\/div>\n<div id=\"attachment_2926\" style=\"width: 520px\" class=\"wp-caption alignleft\"><img loading=\"lazy\" decoding=\"async\" aria-describedby=\"caption-attachment-2926\" class=\"size-full wp-image-2926\" src=\"http:\/\/caballitotequiero.com.ar\/portal\/wp-content\/uploads\/2011\/07\/8-felipe-y-arnaldo.jpg\" alt=\"\" width=\"510\" height=\"383\" srcset=\"http:\/\/caballitotequiero.com.ar\/portal\/wp-content\/uploads\/2011\/07\/8-felipe-y-arnaldo.jpg 510w, http:\/\/caballitotequiero.com.ar\/portal\/wp-content\/uploads\/2011\/07\/8-felipe-y-arnaldo-300x225.jpg 300w, http:\/\/caballitotequiero.com.ar\/portal\/wp-content\/uploads\/2011\/07\/8-felipe-y-arnaldo-80x60.jpg 80w\" sizes=\"auto, (max-width: 510px) 100vw, 510px\" \/><p id=\"caption-attachment-2926\" class=\"wp-caption-text\">El encuentro de dos candidatos: Felipe Evangelista (lista 600) y Arnaldo Goenaga (lista 179)<\/p><\/div>\n<div id=\"attachment_2927\" style=\"width: 520px\" class=\"wp-caption alignleft\"><img loading=\"lazy\" decoding=\"async\" aria-describedby=\"caption-attachment-2927\" class=\"size-full wp-image-2927\" src=\"http:\/\/caballitotequiero.com.ar\/portal\/wp-content\/uploads\/2011\/07\/9-arnaldo-2.jpg\" alt=\"\" width=\"510\" height=\"383\" srcset=\"http:\/\/caballitotequiero.com.ar\/portal\/wp-content\/uploads\/2011\/07\/9-arnaldo-2.jpg 510w, http:\/\/caballitotequiero.com.ar\/portal\/wp-content\/uploads\/2011\/07\/9-arnaldo-2-300x225.jpg 300w, http:\/\/caballitotequiero.com.ar\/portal\/wp-content\/uploads\/2011\/07\/9-arnaldo-2-80x60.jpg 80w\" sizes=\"auto, (max-width: 510px) 100vw, 510px\" \/><p id=\"caption-attachment-2927\" class=\"wp-caption-text\">Arnaldo Goenaga vot\u00f3 en el colegio Vieytes.<\/p><\/div>\n<p><img loading=\"lazy\" decoding=\"async\" class=\"alignleft size-full wp-image-2928\" src=\"http:\/\/caballitotequiero.com.ar\/portal\/wp-content\/uploads\/2011\/07\/10-arnaldo-3.jpg\" alt=\"\" width=\"510\" height=\"406\" srcset=\"http:\/\/caballitotequiero.com.ar\/portal\/wp-content\/uploads\/2011\/07\/10-arnaldo-3.jpg 510w, http:\/\/caballitotequiero.com.ar\/portal\/wp-content\/uploads\/2011\/07\/10-arnaldo-3-300x238.jpg 300w\" sizes=\"auto, (max-width: 510px) 100vw, 510px\" \/><\/p>\n<div id=\"attachment_2929\" style=\"width: 520px\" class=\"wp-caption alignleft\"><img loading=\"lazy\" decoding=\"async\" aria-describedby=\"caption-attachment-2929\" class=\"size-full wp-image-2929\" src=\"http:\/\/caballitotequiero.com.ar\/portal\/wp-content\/uploads\/2011\/07\/11-arnaldo-ondina.jpg\" alt=\"\" width=\"510\" height=\"387\" srcset=\"http:\/\/caballitotequiero.com.ar\/portal\/wp-content\/uploads\/2011\/07\/11-arnaldo-ondina.jpg 510w, http:\/\/caballitotequiero.com.ar\/portal\/wp-content\/uploads\/2011\/07\/11-arnaldo-ondina-300x227.jpg 300w, http:\/\/caballitotequiero.com.ar\/portal\/wp-content\/uploads\/2011\/07\/11-arnaldo-ondina-80x60.jpg 80w\" sizes=\"auto, (max-width: 510px) 100vw, 510px\" \/><p id=\"caption-attachment-2929\" class=\"wp-caption-text\">Encuentro de dos candidatos: Arnaldo Goenaga y Ondina Fraga, segunda en la lista para la Comuna por la lista del Frente para la Victoria<\/p><\/div>\n<div id=\"attachment_2930\" style=\"width: 520px\" class=\"wp-caption alignleft\"><img loading=\"lazy\" decoding=\"async\" aria-describedby=\"caption-attachment-2930\" class=\"size-full wp-image-2930\" src=\"http:\/\/caballitotequiero.com.ar\/portal\/wp-content\/uploads\/2011\/07\/12-arnaldo-y-lista.jpg\" alt=\"\" width=\"510\" height=\"383\" srcset=\"http:\/\/caballitotequiero.com.ar\/portal\/wp-content\/uploads\/2011\/07\/12-arnaldo-y-lista.jpg 510w, http:\/\/caballitotequiero.com.ar\/portal\/wp-content\/uploads\/2011\/07\/12-arnaldo-y-lista-300x225.jpg 300w, http:\/\/caballitotequiero.com.ar\/portal\/wp-content\/uploads\/2011\/07\/12-arnaldo-y-lista-80x60.jpg 80w\" sizes=\"auto, (max-width: 510px) 100vw, 510px\" \/><p id=\"caption-attachment-2930\" class=\"wp-caption-text\">Arnaldo Goenaga, junto a todos los integrantes de la lista 179, Acci\u00f3n Ciudadana, en el Colegio Vieytes<\/p><\/div>\n<div id=\"attachment_2931\" style=\"width: 520px\" class=\"wp-caption alignleft\"><img loading=\"lazy\" decoding=\"async\" aria-describedby=\"caption-attachment-2931\" class=\"size-full wp-image-2931\" src=\"http:\/\/caballitotequiero.com.ar\/portal\/wp-content\/uploads\/2011\/07\/13-iambrich-1.jpg\" alt=\"\" width=\"510\" height=\"383\" srcset=\"http:\/\/caballitotequiero.com.ar\/portal\/wp-content\/uploads\/2011\/07\/13-iambrich-1.jpg 510w, http:\/\/caballitotequiero.com.ar\/portal\/wp-content\/uploads\/2011\/07\/13-iambrich-1-300x225.jpg 300w, http:\/\/caballitotequiero.com.ar\/portal\/wp-content\/uploads\/2011\/07\/13-iambrich-1-80x60.jpg 80w\" sizes=\"auto, (max-width: 510px) 100vw, 510px\" \/><p id=\"caption-attachment-2931\" class=\"wp-caption-text\">Marcelo Iambrich, actual director del CGPC6 y candidato a jefe de comuna por el PRO, vot\u00f3 en el colegio N\u00ba9 Distrito Escolar 8\u00ba de Av. La Plata al 600.<\/p><\/div>\n<p><img loading=\"lazy\" decoding=\"async\" class=\"alignleft size-full wp-image-2932\" src=\"http:\/\/caballitotequiero.com.ar\/portal\/wp-content\/uploads\/2011\/07\/13-iambrich-2.jpg\" alt=\"\" width=\"510\" height=\"383\" srcset=\"http:\/\/caballitotequiero.com.ar\/portal\/wp-content\/uploads\/2011\/07\/13-iambrich-2.jpg 510w, http:\/\/caballitotequiero.com.ar\/portal\/wp-content\/uploads\/2011\/07\/13-iambrich-2-300x225.jpg 300w, http:\/\/caballitotequiero.com.ar\/portal\/wp-content\/uploads\/2011\/07\/13-iambrich-2-80x60.jpg 80w\" sizes=\"auto, (max-width: 510px) 100vw, 510px\" \/><\/p>\n<div id=\"attachment_2933\" style=\"width: 520px\" class=\"wp-caption alignleft\"><img loading=\"lazy\" decoding=\"async\" aria-describedby=\"caption-attachment-2933\" class=\"size-full wp-image-2933\" src=\"http:\/\/caballitotequiero.com.ar\/portal\/wp-content\/uploads\/2011\/07\/13-iambrich-3.jpg\" alt=\"\" width=\"510\" height=\"383\" srcset=\"http:\/\/caballitotequiero.com.ar\/portal\/wp-content\/uploads\/2011\/07\/13-iambrich-3.jpg 510w, http:\/\/caballitotequiero.com.ar\/portal\/wp-content\/uploads\/2011\/07\/13-iambrich-3-300x225.jpg 300w, http:\/\/caballitotequiero.com.ar\/portal\/wp-content\/uploads\/2011\/07\/13-iambrich-3-80x60.jpg 80w\" sizes=\"auto, (max-width: 510px) 100vw, 510px\" \/><p id=\"caption-attachment-2933\" class=\"wp-caption-text\">Marcelo Iambrich se acerc\u00f3 al lugar de votaci\u00f3n acompa\u00f1ado por su esposa y uno de sus hijos.<\/p><\/div>\n<div id=\"attachment_2934\" style=\"width: 520px\" class=\"wp-caption alignleft\"><img loading=\"lazy\" decoding=\"async\" aria-describedby=\"caption-attachment-2934\" class=\"size-full wp-image-2934\" src=\"http:\/\/caballitotequiero.com.ar\/portal\/wp-content\/uploads\/2011\/07\/14-montes.jpg\" alt=\"\" width=\"510\" height=\"426\" srcset=\"http:\/\/caballitotequiero.com.ar\/portal\/wp-content\/uploads\/2011\/07\/14-montes.jpg 510w, http:\/\/caballitotequiero.com.ar\/portal\/wp-content\/uploads\/2011\/07\/14-montes-300x250.jpg 300w\" sizes=\"auto, (max-width: 510px) 100vw, 510px\" \/><p id=\"caption-attachment-2934\" class=\"wp-caption-text\">Entre los diferentes vecinos que se pudo identificar, el Arq. N\u00e9stor Montes, perteneciente a la Red de Cultura de Caballito, vot\u00f3 en el colegio Huergo.<\/p><\/div>\n<div id=\"attachment_2935\" style=\"width: 520px\" class=\"wp-caption alignleft\"><img loading=\"lazy\" decoding=\"async\" aria-describedby=\"caption-attachment-2935\" class=\"size-full wp-image-2935\" src=\"http:\/\/caballitotequiero.com.ar\/portal\/wp-content\/uploads\/2011\/07\/15-hector.jpg\" alt=\"\" width=\"510\" height=\"383\" srcset=\"http:\/\/caballitotequiero.com.ar\/portal\/wp-content\/uploads\/2011\/07\/15-hector.jpg 510w, http:\/\/caballitotequiero.com.ar\/portal\/wp-content\/uploads\/2011\/07\/15-hector-300x225.jpg 300w, http:\/\/caballitotequiero.com.ar\/portal\/wp-content\/uploads\/2011\/07\/15-hector-80x60.jpg 80w\" sizes=\"auto, (max-width: 510px) 100vw, 510px\" \/><p id=\"caption-attachment-2935\" class=\"wp-caption-text\">H\u00e9ctor N\u00fa\u00f1ez Castro, director de la Revista Horizonte<\/p><\/div>\n<div id=\"attachment_2936\" style=\"width: 520px\" class=\"wp-caption alignleft\"><img loading=\"lazy\" decoding=\"async\" aria-describedby=\"caption-attachment-2936\" class=\"size-full wp-image-2936\" src=\"http:\/\/caballitotequiero.com.ar\/portal\/wp-content\/uploads\/2011\/07\/16-marina.jpg\" alt=\"\" width=\"510\" height=\"383\" srcset=\"http:\/\/caballitotequiero.com.ar\/portal\/wp-content\/uploads\/2011\/07\/16-marina.jpg 510w, http:\/\/caballitotequiero.com.ar\/portal\/wp-content\/uploads\/2011\/07\/16-marina-300x225.jpg 300w, http:\/\/caballitotequiero.com.ar\/portal\/wp-content\/uploads\/2011\/07\/16-marina-80x60.jpg 80w\" sizes=\"auto, (max-width: 510px) 100vw, 510px\" \/><p id=\"caption-attachment-2936\" class=\"wp-caption-text\">Marina Bussio, directora de la Revista Horizonte<\/p><\/div>\n","protected":false},"excerpt":{"rendered":"<p>Desde temprano, gran cantidad de vecinos concurrieron a las distintas escuelas del barrio de Caballito a depositar su voto para Jefe de Gobierno, Legisladores y comuneros. Pasado el mediod\u00eda, comenzaron a formarse extensas colas, en todos los lugares de votaci\u00f3n. Los comicios transcurren con tranquilidad aunque, existieron reclamos por falta de boletas de algunos partidos [&hellip;]<\/p>\n","protected":false},"author":1,"featured_media":2937,"comment_status":"open","ping_status":"open","sticky":false,"template":"","format":"standard","meta":{"footnotes":""},"categories":[5],"tags":[],"class_list":["post-2917","post","type-post","status-publish","format-standard","has-post-thumbnail","hentry","category-noticias"],"_links":{"self":[{"href":"http:\/\/caballitotequiero.com.ar\/portal\/wp-json\/wp\/v2\/posts\/2917","targetHints":{"allow":["GET"]}}],"collection":[{"href":"http:\/\/caballitotequiero.com.ar\/portal\/wp-json\/wp\/v2\/posts"}],"about":[{"href":"http:\/\/caballitotequiero.com.ar\/portal\/wp-json\/wp\/v2\/types\/post"}],"author":[{"embeddable":true,"href":"http:\/\/caballitotequiero.com.ar\/portal\/wp-json\/wp\/v2\/users\/1"}],"replies":[{"embeddable":true,"href":"http:\/\/caballitotequiero.com.ar\/portal\/wp-json\/wp\/v2\/comments?post=2917"}],"version-history":[{"count":3,"href":"http:\/\/caballitotequiero.com.ar\/portal\/wp-json\/wp\/v2\/posts\/2917\/revisions"}],"predecessor-version":[{"id":2939,"href":"http:\/\/caballitotequiero.com.ar\/portal\/wp-json\/wp\/v2\/posts\/2917\/revisions\/2939"}],"wp:featuredmedia":[{"embeddable":true,"href":"http:\/\/caballitotequiero.com.ar\/portal\/wp-json\/wp\/v2\/media\/2937"}],"wp:attachment":[{"href":"http:\/\/caballitotequiero.com.ar\/portal\/wp-json\/wp\/v2\/media?parent=2917"}],"wp:term":[{"taxonomy":"category","embeddable":true,"href":"http:\/\/caballitotequiero.com.ar\/portal\/wp-json\/wp\/v2\/categories?post=2917"},{"taxonomy":"post_tag","embeddable":true,"href":"http:\/\/caballitotequiero.com.ar\/portal\/wp-json\/wp\/v2\/tags?post=2917"}],"curies":[{"name":"wp","href":"https:\/\/api.w.org\/{rel}","templated":true}]}}