{"id":29496,"date":"2019-10-30T18:59:28","date_gmt":"2019-10-30T21:59:28","guid":{"rendered":"http:\/\/caballitotequiero.com.ar\/portal\/?p=29496"},"modified":"2019-10-30T18:59:28","modified_gmt":"2019-10-30T21:59:28","slug":"la-noche-de-los-museos-en-el-subte-y-el-tranvia","status":"publish","type":"post","link":"http:\/\/caballitotequiero.com.ar\/portal\/2019\/10\/30\/la-noche-de-los-museos-en-el-subte-y-el-tranvia\/","title":{"rendered":"LA NOCHE DE LOS MUSEOS EN EL SUBTE Y EL TRANV\u00cdA"},"content":{"rendered":"<p><strong>Podr\u00e1n realizarse\u00a0paseos a bordo de los hist\u00f3ricos coches La Brugeoise de madera y visitas guiadas por el Taller Polvor\u00edn desde donde parte el tranv\u00eda hist\u00f3rico.\u00a0<\/strong><\/p>\n<p>El s\u00e1bado 2 de noviembre, durante La Noche de los Museos, junto al Ministerio de Desarrollo Urbano y Transporte, la Asociaci\u00f3n Amigos del Tranv\u00eda y Participaci\u00f3n Ciudadana,\u00a0los vecinos podr\u00e1n disfrutar\u00a0un viaje al pasado con paseos a bordo de los antiguos coches La Brugeoise y visitas guiadas por el Polvor\u00edn, el taller ferroviario m\u00e1s antiguo de la red.<\/p>\n<p>As\u00ed, los coches que circularon durante 100 a\u00f1os en la L\u00ednea A y que fueron declarados Patrimonio Cultural de la Ciudad de Buenos Aires por la Legislatura porte\u00f1a en 2013, har\u00e1n un recorrido entre las estaciones Per\u00fa y Primera Junta. Los paseos tienen cupos limitados que fueron sorteados mediante Participaci\u00f3n Ciudadana.<\/p>\n<p>Al mismo tiempo, se podr\u00e1 visitar de manera libre y gratuita, sin inscripci\u00f3n previa, el Taller Polvor\u00edn -ubicado en Emilio Mitre 510, barrio de Caballito- que fue construido en 1914 por la Compa\u00f1\u00eda de Tranv\u00edas Anglo Argentina para guardar y reparar los coches de la L\u00ednea A (inaugurada el 1\u00b0 de diciembre de 1913).<\/p>\n<p><span style=\"text-decoration: underline;\"><strong>El programa de espect\u00e1culos y actividades es el siguiente:<\/strong><\/span><\/p>\n<p>&#8211; Tranv\u00edas y Subtes en Exhibici\u00f3n.<br \/>\n&#8211; Tranv\u00edas en circulaci\u00f3n toda la noche, brindando paseos gratuitos hasta las 3 AM<span class=\"text_exposed_show\"><br \/>\n&#8211; Espect\u00e1culos musicales y danza:<br \/>\n20.30 &#8211; La murga Candombe \u00abLa atada con Alambre\u00bb<br \/>\n21.30 &#8211; El Ballet Griego del Centro Cultural Lola Mora<br \/>\n23.00 &#8211; Todo el Jazz con el \u00abHot CLub de Boedo\u00bb<br \/>\n&#8211; Exposici\u00f3n de \u00abArte en Vivo\u00bb, con las artistas pl\u00e1sticas Alejandra De Falco\u200b y Celeste Cottet\u200b<\/span><\/p>\n<p><a href=\"http:\/\/caballitotequiero.com.ar\/portal\/wp-content\/uploads\/2019\/10\/noche-museos-tranvia-web.jpg\" rel=\"attachment wp-att-29497\"><img loading=\"lazy\" decoding=\"async\" class=\"aligncenter size-full wp-image-29497\" src=\"http:\/\/caballitotequiero.com.ar\/portal\/wp-content\/uploads\/2019\/10\/noche-museos-tranvia-web.jpg\" alt=\"\" width=\"700\" height=\"536\" srcset=\"http:\/\/caballitotequiero.com.ar\/portal\/wp-content\/uploads\/2019\/10\/noche-museos-tranvia-web.jpg 700w, http:\/\/caballitotequiero.com.ar\/portal\/wp-content\/uploads\/2019\/10\/noche-museos-tranvia-web-300x230.jpg 300w, http:\/\/caballitotequiero.com.ar\/portal\/wp-content\/uploads\/2019\/10\/noche-museos-tranvia-web-450x345.jpg 450w\" sizes=\"auto, (max-width: 700px) 100vw, 700px\" \/><\/a><\/p>\n","protected":false},"excerpt":{"rendered":"<p>Podr\u00e1n realizarse\u00a0paseos a bordo de los hist\u00f3ricos coches La Brugeoise de madera y visitas guiadas por el Taller Polvor\u00edn desde donde parte el tranv\u00eda hist\u00f3rico.\u00a0 El s\u00e1bado 2 de noviembre, durante La Noche de los Museos, junto al Ministerio de Desarrollo Urbano y Transporte, la Asociaci\u00f3n Amigos del Tranv\u00eda y Participaci\u00f3n Ciudadana,\u00a0los vecinos podr\u00e1n disfrutar\u00a0un [&hellip;]<\/p>\n","protected":false},"author":1,"featured_media":29497,"comment_status":"open","ping_status":"open","sticky":false,"template":"","format":"standard","meta":{"footnotes":""},"categories":[5],"tags":[],"class_list":["post-29496","post","type-post","status-publish","format-standard","has-post-thumbnail","hentry","category-noticias"],"_links":{"self":[{"href":"http:\/\/caballitotequiero.com.ar\/portal\/wp-json\/wp\/v2\/posts\/29496","targetHints":{"allow":["GET"]}}],"collection":[{"href":"http:\/\/caballitotequiero.com.ar\/portal\/wp-json\/wp\/v2\/posts"}],"about":[{"href":"http:\/\/caballitotequiero.com.ar\/portal\/wp-json\/wp\/v2\/types\/post"}],"author":[{"embeddable":true,"href":"http:\/\/caballitotequiero.com.ar\/portal\/wp-json\/wp\/v2\/users\/1"}],"replies":[{"embeddable":true,"href":"http:\/\/caballitotequiero.com.ar\/portal\/wp-json\/wp\/v2\/comments?post=29496"}],"version-history":[{"count":1,"href":"http:\/\/caballitotequiero.com.ar\/portal\/wp-json\/wp\/v2\/posts\/29496\/revisions"}],"predecessor-version":[{"id":29498,"href":"http:\/\/caballitotequiero.com.ar\/portal\/wp-json\/wp\/v2\/posts\/29496\/revisions\/29498"}],"wp:featuredmedia":[{"embeddable":true,"href":"http:\/\/caballitotequiero.com.ar\/portal\/wp-json\/wp\/v2\/media\/29497"}],"wp:attachment":[{"href":"http:\/\/caballitotequiero.com.ar\/portal\/wp-json\/wp\/v2\/media?parent=29496"}],"wp:term":[{"taxonomy":"category","embeddable":true,"href":"http:\/\/caballitotequiero.com.ar\/portal\/wp-json\/wp\/v2\/categories?post=29496"},{"taxonomy":"post_tag","embeddable":true,"href":"http:\/\/caballitotequiero.com.ar\/portal\/wp-json\/wp\/v2\/tags?post=29496"}],"curies":[{"name":"wp","href":"https:\/\/api.w.org\/{rel}","templated":true}]}}