{"id":29667,"date":"2019-11-27T23:51:39","date_gmt":"2019-11-28T02:51:39","guid":{"rendered":"http:\/\/caballitotequiero.com.ar\/portal\/?p=29667"},"modified":"2019-11-29T00:03:10","modified_gmt":"2019-11-29T03:03:10","slug":"el-programa-cultural-en-barrios-celebra-sus-35-anos-en-el-parque-centenario","status":"publish","type":"post","link":"http:\/\/caballitotequiero.com.ar\/portal\/2019\/11\/27\/el-programa-cultural-en-barrios-celebra-sus-35-anos-en-el-parque-centenario\/","title":{"rendered":"EL PROGRAMA CULTURAL EN BARRIOS CELEBRA SUS 35 A\u00d1OS EN EL PARQUE CENTENARIO"},"content":{"rendered":"<p>El s\u00e1bado 30 de noviembre, de 15 a 20 horas, el\u00a0<a href=\"https:\/\/www.buenosaires.gob.ar\/cultura\/promocion\/centrosbarriales\/\" target=\"_blank\">Programa Cultural en Barrios<\/a>\u00a0celebrar\u00e1 sus 35 a\u00f1os transformando por un d\u00eda el hist\u00f3rico\u00a0<em>Parque Centenario<\/em>\u00a0(Av. Leopoldo Marechal y Lillo) en un\u00a0<strong>Parque Cultural<\/strong>.\u00a0Habr\u00e1 talleres, workshops, clases de hip hop, foodtrucks, m\u00fasica, proyecciones y mucho m\u00e1s.<\/p>\n<p>El Programa Cultural en Barrios , dependiente de la Direcci\u00f3n General de Promoci\u00f3n Cultural, est\u00e1 conformado por\u00a0<strong>36 centros culturales por los que pasan 40.000 vecinos semanalmente<\/strong>. Los centros, distribuidos en 25 barrios y 14 comunas de la Ciudad, ofrecen 1.400 talleres de diversas disciplinas, adem\u00e1s de muestras y producciones.<\/p>\n<p>Hace 35 a\u00f1os que el programa transforma la vida cultural de la Ciudad y la de sus vecinos. En este sentido y para que ellos sean los verdaderos protagonistas de la jornada, el evento tendr\u00e1 m\u00faltiples propuestas:<\/p>\n<ul>\n<li><strong>M\u00e1s de 40 talleres gratuitos<\/strong>: serigraf\u00eda, hip hop, arte textil, Malabares, Capoeira, Yoga y muchos m\u00e1s.<\/li>\n<li><strong>20 producciones musicales<\/strong>\u00a0de vecinos de toda la ciudad en el Anfiteatro.<\/li>\n<li><strong>Proyecci\u00f3n de 35 historias<\/strong>\u00a0del programa a trav\u00e9s de sus protagonistas.<\/li>\n<li><strong>Clases masivas en la fuente<\/strong>: zumba, movimiento funcional, tango.<\/li>\n<li><strong>Jam de dibujo<\/strong>\u00a0en el Museo de Ciencias Naturales.<\/li>\n<li><strong>Actividades en el Observatorio<\/strong>.<\/li>\n<\/ul>\n<p><a href=\"http:\/\/caballitotequiero.com.ar\/portal\/wp-content\/uploads\/2019\/11\/Programa-Cultural-Barrios-web.jpg\" rel=\"attachment wp-att-29668\"><img loading=\"lazy\" decoding=\"async\" class=\"aligncenter size-full wp-image-29668\" src=\"http:\/\/caballitotequiero.com.ar\/portal\/wp-content\/uploads\/2019\/11\/Programa-Cultural-Barrios-web.jpg\" alt=\"\" width=\"500\" height=\"716\" srcset=\"http:\/\/caballitotequiero.com.ar\/portal\/wp-content\/uploads\/2019\/11\/Programa-Cultural-Barrios-web.jpg 500w, http:\/\/caballitotequiero.com.ar\/portal\/wp-content\/uploads\/2019\/11\/Programa-Cultural-Barrios-web-209x300.jpg 209w, http:\/\/caballitotequiero.com.ar\/portal\/wp-content\/uploads\/2019\/11\/Programa-Cultural-Barrios-web-492x705.jpg 492w, http:\/\/caballitotequiero.com.ar\/portal\/wp-content\/uploads\/2019\/11\/Programa-Cultural-Barrios-web-450x644.jpg 450w\" sizes=\"auto, (max-width: 500px) 100vw, 500px\" \/><\/a><\/p>\n<p>&nbsp;<\/p>\n","protected":false},"excerpt":{"rendered":"<p>El s\u00e1bado 30 de noviembre, de 15 a 20 horas, el\u00a0Programa Cultural en Barrios\u00a0celebrar\u00e1 sus 35 a\u00f1os transformando por un d\u00eda el hist\u00f3rico\u00a0Parque Centenario\u00a0(Av. Leopoldo Marechal y Lillo) en un\u00a0Parque Cultural.\u00a0Habr\u00e1 talleres, workshops, clases de hip hop, foodtrucks, m\u00fasica, proyecciones y mucho m\u00e1s. El Programa Cultural en Barrios , dependiente de la Direcci\u00f3n General de [&hellip;]<\/p>\n","protected":false},"author":1,"featured_media":29672,"comment_status":"open","ping_status":"open","sticky":false,"template":"","format":"standard","meta":{"footnotes":""},"categories":[5],"tags":[],"class_list":["post-29667","post","type-post","status-publish","format-standard","has-post-thumbnail","hentry","category-noticias"],"_links":{"self":[{"href":"http:\/\/caballitotequiero.com.ar\/portal\/wp-json\/wp\/v2\/posts\/29667","targetHints":{"allow":["GET"]}}],"collection":[{"href":"http:\/\/caballitotequiero.com.ar\/portal\/wp-json\/wp\/v2\/posts"}],"about":[{"href":"http:\/\/caballitotequiero.com.ar\/portal\/wp-json\/wp\/v2\/types\/post"}],"author":[{"embeddable":true,"href":"http:\/\/caballitotequiero.com.ar\/portal\/wp-json\/wp\/v2\/users\/1"}],"replies":[{"embeddable":true,"href":"http:\/\/caballitotequiero.com.ar\/portal\/wp-json\/wp\/v2\/comments?post=29667"}],"version-history":[{"count":1,"href":"http:\/\/caballitotequiero.com.ar\/portal\/wp-json\/wp\/v2\/posts\/29667\/revisions"}],"predecessor-version":[{"id":29670,"href":"http:\/\/caballitotequiero.com.ar\/portal\/wp-json\/wp\/v2\/posts\/29667\/revisions\/29670"}],"wp:featuredmedia":[{"embeddable":true,"href":"http:\/\/caballitotequiero.com.ar\/portal\/wp-json\/wp\/v2\/media\/29672"}],"wp:attachment":[{"href":"http:\/\/caballitotequiero.com.ar\/portal\/wp-json\/wp\/v2\/media?parent=29667"}],"wp:term":[{"taxonomy":"category","embeddable":true,"href":"http:\/\/caballitotequiero.com.ar\/portal\/wp-json\/wp\/v2\/categories?post=29667"},{"taxonomy":"post_tag","embeddable":true,"href":"http:\/\/caballitotequiero.com.ar\/portal\/wp-json\/wp\/v2\/tags?post=29667"}],"curies":[{"name":"wp","href":"https:\/\/api.w.org\/{rel}","templated":true}]}}