{"id":29675,"date":"2019-11-27T10:00:39","date_gmt":"2019-11-27T13:00:39","guid":{"rendered":"http:\/\/caballitotequiero.com.ar\/portal\/?p=29675"},"modified":"2019-11-29T10:03:25","modified_gmt":"2019-11-29T13:03:25","slug":"se-entregaron-los-premios-a-las-mujeres-empresarias-de-la-ciudad-2019","status":"publish","type":"post","link":"http:\/\/caballitotequiero.com.ar\/portal\/2019\/11\/27\/se-entregaron-los-premios-a-las-mujeres-empresarias-de-la-ciudad-2019\/","title":{"rendered":"SE ENTREGARON LOS PREMIOS A LAS MUJERES EMPRESARIAS DE LA CIUDAD 2019"},"content":{"rendered":"<p>Se llev\u00f3 a cabo la Primera Edici\u00f3n del Premio Mujeres Empresarias Ciudad, organizado por la Federaci\u00f3n de Comercio e Industria de la Ciudad Aut\u00f3noma de Buenos Aires (FECOBA), tuvo lugar en el Sal\u00f3n Dorado del Palacio Legislativo Porte\u00f1o, con el objetivo de reconocer y poner en valor el trabajo que realizan las mujeres empresarias y emprendedoras de la ciudad, destacando su aporte para el desarrollo econ\u00f3mico local, el empoderamiento de g\u00e9nero y su autonom\u00eda econ\u00f3mica.<\/p>\n<p>Ante un auditorio conformado por empresarias, emprendedoras, dirigentes, autoridades de gobierno, legisladores, representantes de ONG\u2019s y entidades financieras, el presidente de FECOBA, Fabi\u00e1n Castillo, resalt\u00f3 la importancia del rol de la mujer en las organizaciones y los puestos de toma de decisiones.<\/p>\n<p>\u201cEn nuestra entidad son muchas las mujeres que ocupan cargos en el Consejo Directivo y podemos decir que dentro del \u00e1mbito gremial empresario, la Federaci\u00f3n es pionera promoviendo la participaci\u00f3n tanto femenina como masculina en puestos de toma de decisi\u00f3n\u201d, se\u00f1al\u00f3 Castillo.<\/p>\n<p>Las ganadoras de las seis categor\u00edas del certamen, elegidas por un jurado integrado por mujeres l\u00edderes de diferentes \u00e1mbitos, fueron anunciadas por la periodista Paula Garc\u00eda, encargada de llevar adelante la conducci\u00f3n del evento.<\/p>\n<p>Maia Cordero, de Kubey Machine Videojuegos, gan\u00f3 en la categor\u00eda Nuevo Emprendimiento; Georgina Sposetti de Un ensayo para m\u00ed se llev\u00f3 el premio en la categor\u00eda Profesional Empresaria\/Prestadora de Servicios; Carlina Dorado de Vitroplas gan\u00f3 en Trayectoria Empresarial; Jesica Korn de Romipack obtuvo el premio en Liderazgo en la Empresa Familiar; Claudia Salas Mart\u00ednez, de Caf\u00e9 Mart\u00ednez, logr\u00f3 hacerse con el premio en Mujer Exportadora y Alejandra Gougy, de Cosecha Vintage, gan\u00f3 en la categor\u00eda Impacto Social.<\/p>\n<p>Elisabet Piacentini, titular de Mujeres Empresarias FECOBA e impulsora de dicho premio, manifest\u00f3: \u201clas Mujeres Empresarias FECOBA somos mujeres que ayudamos a otras, que festejamos cuando abren un nuevo negocio o un nuevo servicio. Todas ganamos si estamos juntas, si nos ayudamos y nos capacitamos, y la sociedad gana si se nos brindan m\u00e1s oportunidades, si podemos exportar m\u00e1s y si accedemos a cr\u00e9ditos, porque con nuestros proyectos y empresas creamos valor y generamos fuentes de trabajo\u201d.<\/p>\n<div id=\"attachment_29676\" style=\"width: 787px\" class=\"wp-caption aligncenter\"><a href=\"http:\/\/caballitotequiero.com.ar\/portal\/wp-content\/uploads\/2019\/11\/1-3.jpg\" rel=\"attachment wp-att-29676\"><img loading=\"lazy\" decoding=\"async\" aria-describedby=\"caption-attachment-29676\" class=\"size-full wp-image-29676\" src=\"http:\/\/caballitotequiero.com.ar\/portal\/wp-content\/uploads\/2019\/11\/1-3.jpg\" alt=\"Empresarias y emprendedoras premiadas junto a las autoridades de Fecoba y las integrantes del Jurado.\" width=\"777\" height=\"583\" srcset=\"http:\/\/caballitotequiero.com.ar\/portal\/wp-content\/uploads\/2019\/11\/1-3.jpg 777w, http:\/\/caballitotequiero.com.ar\/portal\/wp-content\/uploads\/2019\/11\/1-3-300x225.jpg 300w, http:\/\/caballitotequiero.com.ar\/portal\/wp-content\/uploads\/2019\/11\/1-3-768x576.jpg 768w, http:\/\/caballitotequiero.com.ar\/portal\/wp-content\/uploads\/2019\/11\/1-3-705x529.jpg 705w, http:\/\/caballitotequiero.com.ar\/portal\/wp-content\/uploads\/2019\/11\/1-3-450x338.jpg 450w\" sizes=\"auto, (max-width: 777px) 100vw, 777px\" \/><\/a><p id=\"caption-attachment-29676\" class=\"wp-caption-text\">Empresarias y emprendedoras premiadas junto a las autoridades de Fecoba y las integrantes del Jurado.<\/p><\/div>\n<div id=\"attachment_29677\" style=\"width: 787px\" class=\"wp-caption aligncenter\"><a href=\"http:\/\/caballitotequiero.com.ar\/portal\/wp-content\/uploads\/2019\/11\/2-3.jpg\" rel=\"attachment wp-att-29677\"><img loading=\"lazy\" decoding=\"async\" aria-describedby=\"caption-attachment-29677\" class=\"size-full wp-image-29677\" src=\"http:\/\/caballitotequiero.com.ar\/portal\/wp-content\/uploads\/2019\/11\/2-3.jpg\" alt=\"Fabi\u00e1n Castillo, presidente de Fecoba.\" width=\"777\" height=\"583\" srcset=\"http:\/\/caballitotequiero.com.ar\/portal\/wp-content\/uploads\/2019\/11\/2-3.jpg 777w, http:\/\/caballitotequiero.com.ar\/portal\/wp-content\/uploads\/2019\/11\/2-3-300x225.jpg 300w, http:\/\/caballitotequiero.com.ar\/portal\/wp-content\/uploads\/2019\/11\/2-3-768x576.jpg 768w, http:\/\/caballitotequiero.com.ar\/portal\/wp-content\/uploads\/2019\/11\/2-3-705x529.jpg 705w, http:\/\/caballitotequiero.com.ar\/portal\/wp-content\/uploads\/2019\/11\/2-3-450x338.jpg 450w\" sizes=\"auto, (max-width: 777px) 100vw, 777px\" \/><\/a><p id=\"caption-attachment-29677\" class=\"wp-caption-text\">Fabi\u00e1n Castillo, presidente de Fecoba.<\/p><\/div>\n<div id=\"attachment_29678\" style=\"width: 787px\" class=\"wp-caption aligncenter\"><a href=\"http:\/\/caballitotequiero.com.ar\/portal\/wp-content\/uploads\/2019\/11\/3-5.jpg\" rel=\"attachment wp-att-29678\"><img loading=\"lazy\" decoding=\"async\" aria-describedby=\"caption-attachment-29678\" class=\"size-full wp-image-29678\" src=\"http:\/\/caballitotequiero.com.ar\/portal\/wp-content\/uploads\/2019\/11\/3-5.jpg\" alt=\"Elisabet Piacentini, titular de Mujeres Empresarias FECOBA .\" width=\"777\" height=\"583\" srcset=\"http:\/\/caballitotequiero.com.ar\/portal\/wp-content\/uploads\/2019\/11\/3-5.jpg 777w, http:\/\/caballitotequiero.com.ar\/portal\/wp-content\/uploads\/2019\/11\/3-5-300x225.jpg 300w, http:\/\/caballitotequiero.com.ar\/portal\/wp-content\/uploads\/2019\/11\/3-5-768x576.jpg 768w, http:\/\/caballitotequiero.com.ar\/portal\/wp-content\/uploads\/2019\/11\/3-5-705x529.jpg 705w, http:\/\/caballitotequiero.com.ar\/portal\/wp-content\/uploads\/2019\/11\/3-5-450x338.jpg 450w\" sizes=\"auto, (max-width: 777px) 100vw, 777px\" \/><\/a><p id=\"caption-attachment-29678\" class=\"wp-caption-text\">Elisabet Piacentini, titular de Mujeres Empresarias FECOBA .<\/p><\/div>\n<p>&nbsp;<\/p>\n","protected":false},"excerpt":{"rendered":"<p>Se llev\u00f3 a cabo la Primera Edici\u00f3n del Premio Mujeres Empresarias Ciudad, organizado por la Federaci\u00f3n de Comercio e Industria de la Ciudad Aut\u00f3noma de Buenos Aires (FECOBA), tuvo lugar en el Sal\u00f3n Dorado del Palacio Legislativo Porte\u00f1o, con el objetivo de reconocer y poner en valor el trabajo que realizan las mujeres empresarias y [&hellip;]<\/p>\n","protected":false},"author":1,"featured_media":29676,"comment_status":"open","ping_status":"open","sticky":false,"template":"","format":"standard","meta":{"footnotes":""},"categories":[5],"tags":[],"class_list":["post-29675","post","type-post","status-publish","format-standard","has-post-thumbnail","hentry","category-noticias"],"_links":{"self":[{"href":"http:\/\/caballitotequiero.com.ar\/portal\/wp-json\/wp\/v2\/posts\/29675","targetHints":{"allow":["GET"]}}],"collection":[{"href":"http:\/\/caballitotequiero.com.ar\/portal\/wp-json\/wp\/v2\/posts"}],"about":[{"href":"http:\/\/caballitotequiero.com.ar\/portal\/wp-json\/wp\/v2\/types\/post"}],"author":[{"embeddable":true,"href":"http:\/\/caballitotequiero.com.ar\/portal\/wp-json\/wp\/v2\/users\/1"}],"replies":[{"embeddable":true,"href":"http:\/\/caballitotequiero.com.ar\/portal\/wp-json\/wp\/v2\/comments?post=29675"}],"version-history":[{"count":3,"href":"http:\/\/caballitotequiero.com.ar\/portal\/wp-json\/wp\/v2\/posts\/29675\/revisions"}],"predecessor-version":[{"id":29681,"href":"http:\/\/caballitotequiero.com.ar\/portal\/wp-json\/wp\/v2\/posts\/29675\/revisions\/29681"}],"wp:featuredmedia":[{"embeddable":true,"href":"http:\/\/caballitotequiero.com.ar\/portal\/wp-json\/wp\/v2\/media\/29676"}],"wp:attachment":[{"href":"http:\/\/caballitotequiero.com.ar\/portal\/wp-json\/wp\/v2\/media?parent=29675"}],"wp:term":[{"taxonomy":"category","embeddable":true,"href":"http:\/\/caballitotequiero.com.ar\/portal\/wp-json\/wp\/v2\/categories?post=29675"},{"taxonomy":"post_tag","embeddable":true,"href":"http:\/\/caballitotequiero.com.ar\/portal\/wp-json\/wp\/v2\/tags?post=29675"}],"curies":[{"name":"wp","href":"https:\/\/api.w.org\/{rel}","templated":true}]}}