{"id":29802,"date":"2019-12-27T13:25:43","date_gmt":"2019-12-27T16:25:43","guid":{"rendered":"http:\/\/caballitotequiero.com.ar\/portal\/?p=29802"},"modified":"2019-12-28T14:05:13","modified_gmt":"2019-12-28T17:05:13","slug":"presentacion-del-libro-pasion-de-inmigrantes-italianos","status":"publish","type":"post","link":"http:\/\/caballitotequiero.com.ar\/portal\/2019\/12\/27\/presentacion-del-libro-pasion-de-inmigrantes-italianos\/","title":{"rendered":"PRESENTACI\u00d3N DEL LIBRO \u00abPASI\u00d3N DE INMIGRANTES ITALIANOS\u00bb"},"content":{"rendered":"<p>Fue presentado en la Asociaci\u00f3n Dante Aligheri de Buenos Aires el libro \u00abPasi\u00f3n de Inmigrantes Italianos\u00bb.\u00a0Este material propicia el encuentro\u00a0entre la imagen y la palabra y se ve enriquecido por el idioma italiano y espa\u00f1ol, donde cada uno de ellos mantiene su propia armon\u00eda, cadencia e identidad; pero que el juntarse crea nuevas formas de entendimiento.<\/p>\n<p>En el pr\u00f3logo, el presidente\u00a0<strong>Dar\u00edo Signorini<\/strong>\u00a0se\u00f1ala que \u00ab\u2026nuevamente los autores nos han sorprendido, plasmando una brillante conjunci\u00f3n donde podemos apreciar un proceso creativo de distintos estilos que amalgaman t\u00e9cnica, memoria, pasi\u00f3n, sensibilidad, que nos transforman a sus vivencias y dan pie al desarrollo de los sue\u00f1os de esos inmigrantes italianos que de lontano vinieron para echar ra\u00edces y desarrollar esta Querida Argentina. Creando sus familias, manteniendo la Fe, desarrollando el trabajo,\u00a0 sus valores de la italianidad que supieron desarrollar con amor y pasi\u00f3n. Esto queda n\u00edtidamente reflejado por el arte desarrollado en este libro, que no solo se trata de letras, de im\u00e1genes, sino tambi\u00e9n de las m\u00e1s puras y nobles sentimiento humanista que persigan una sociedad de paz, bondad y sentimiento de solidaridad para crear un mundo mejor. Con el objetivo cumplido, sin duda el lector disfrutar\u00e1 de esta propuesta cultural y difundir\u00e1 este libro \u201cPasi\u00f3n de inmigrantes italianos\u201d, donde trabajando en equipo hemos podido una vez m\u00e1s cumplir el sue\u00f1o de quienes construyeron con su talento y humildad a realizarlo. La memoria del pasado, solo debe ser un medio para entender con claridad de d\u00f3nde venimos, quienes somos y como poder construir de forma m\u00e1s inteligente una sociedad m\u00e1s justa, de igualdad de posibilidades y donde el humanismo sea nuestro norte para garantizar un futuro mejor\u00bb.<\/p>\n<p><a href=\"http:\/\/caballitotequiero.com.ar\/portal\/wp-content\/uploads\/2019\/12\/Libro-Ida-1.jpg\" rel=\"attachment wp-att-29803\"><img loading=\"lazy\" decoding=\"async\" class=\"aligncenter size-full wp-image-29803\" src=\"http:\/\/caballitotequiero.com.ar\/portal\/wp-content\/uploads\/2019\/12\/Libro-Ida-1.jpg\" alt=\"\" width=\"777\" height=\"777\" srcset=\"http:\/\/caballitotequiero.com.ar\/portal\/wp-content\/uploads\/2019\/12\/Libro-Ida-1.jpg 777w, http:\/\/caballitotequiero.com.ar\/portal\/wp-content\/uploads\/2019\/12\/Libro-Ida-1-80x80.jpg 80w, http:\/\/caballitotequiero.com.ar\/portal\/wp-content\/uploads\/2019\/12\/Libro-Ida-1-300x300.jpg 300w, http:\/\/caballitotequiero.com.ar\/portal\/wp-content\/uploads\/2019\/12\/Libro-Ida-1-768x768.jpg 768w, http:\/\/caballitotequiero.com.ar\/portal\/wp-content\/uploads\/2019\/12\/Libro-Ida-1-36x36.jpg 36w, http:\/\/caballitotequiero.com.ar\/portal\/wp-content\/uploads\/2019\/12\/Libro-Ida-1-180x180.jpg 180w, http:\/\/caballitotequiero.com.ar\/portal\/wp-content\/uploads\/2019\/12\/Libro-Ida-1-705x705.jpg 705w, http:\/\/caballitotequiero.com.ar\/portal\/wp-content\/uploads\/2019\/12\/Libro-Ida-1-120x120.jpg 120w, http:\/\/caballitotequiero.com.ar\/portal\/wp-content\/uploads\/2019\/12\/Libro-Ida-1-450x450.jpg 450w\" sizes=\"auto, (max-width: 777px) 100vw, 777px\" \/><\/a><\/p>\n<p>Palabras de <strong>Ida De Vincenzo<\/strong>, directora de Proyectos Culturales del Comitato Degli Italiani All \u00b4Estero: \u00abNuevamente nos uni\u00f3 la realizaci\u00f3n de un libro. y en esta ocasi\u00f3n el encuentro entre la imagen y la palabra se ve enriquecido por los dos idiomas, el Italiano y el Espa\u00f1ol, cada uno de ellos con su propia armon\u00eda, su cadencia y su identidad que, al juntarse, crea nuevas formas de entendimiento.<br \/>\nEstamos seguros que estos trabajos y presentaciones en forma de relatos, poes\u00edas y fotos, llegaran al coraz\u00f3n de los que lean estas paginas y brindaran la oportunidad el reconocimiento a quienes trabajaron con la finalidad de hacer grande este pa\u00eds\u00bb.<\/p>\n<p><a href=\"http:\/\/caballitotequiero.com.ar\/portal\/wp-content\/uploads\/2019\/12\/libro-ida-2.jpg\" rel=\"attachment wp-att-29804\"><img loading=\"lazy\" decoding=\"async\" class=\"aligncenter size-full wp-image-29804\" src=\"http:\/\/caballitotequiero.com.ar\/portal\/wp-content\/uploads\/2019\/12\/libro-ida-2.jpg\" alt=\"\" width=\"777\" height=\"546\" srcset=\"http:\/\/caballitotequiero.com.ar\/portal\/wp-content\/uploads\/2019\/12\/libro-ida-2.jpg 777w, http:\/\/caballitotequiero.com.ar\/portal\/wp-content\/uploads\/2019\/12\/libro-ida-2-300x211.jpg 300w, http:\/\/caballitotequiero.com.ar\/portal\/wp-content\/uploads\/2019\/12\/libro-ida-2-768x540.jpg 768w, http:\/\/caballitotequiero.com.ar\/portal\/wp-content\/uploads\/2019\/12\/libro-ida-2-705x495.jpg 705w, http:\/\/caballitotequiero.com.ar\/portal\/wp-content\/uploads\/2019\/12\/libro-ida-2-450x316.jpg 450w\" sizes=\"auto, (max-width: 777px) 100vw, 777px\" \/><\/a><\/p>\n<p><strong>Participaron con sus trabajos en la realizaci\u00f3n del libro<\/strong>:\u00a0Dietris Aguilar-Virginia Amado-Bianca Amici-Damian J. Andre\u00f1uk-Diana Barci-Teresita Bovio Dussin-Karina Ca\u00f1ellas Oliver-Celia Carnovale-Damaso Casales-Dario Anibal Celli\u2013Lucy Cordoba-Salvador Costanzo-Alcira Antonia Cufre-Maria D\u2019Alessandro\u00a0 -Liliana De la Vega-Cristina De Vincenzo-Cenzino De Vincenzo-Ida De Vincenzo-Argelia Isabel Diaz-Adriana Diaz-Natalio Galluzzi-Angie Garcia-Osvaldo Garcia Napo-Alicia Graciela Gonzalez-Miriam Ester Gonzalez -Liliana Hernandez-Gladys Lilian Herrera-Norma Haisner Huesca-Ana Graciela Incostante-Aurelia Rosa Iurilli-Julia Noemi Issa-Sara Isabel Juarez-Graciela\u00a0 Kraft-Monica Lailla-Laura Lambre-Carlos Langone-Ana Leguisamo Rameau-Patricia Mabel Maiolino-Florencia Marcazzo-Ester Mastrantonio-Loreley Molinelli-Michele Munno-Maria Teresa Neira-Duvan Reynerio Ocampo-Juan Carlos Oliva-Maria Eva Olivera-Elena Paniagua-Andrea Pereira-Graciela Anheluk Pereyra Ester-Maria Isabel Perez-Galliano Remo De Agostini-Silvana Ridner-Cristina Roces-Adriana Alicia Rodriguez-Maria Gonzalez Rouco-Silvana Graciela Sarda-Claudia A. Santoro-Franca Scaturchio -Hilda Augusta Schiavoni-Olga Stoliar-Graciela Surani-Jose Miguel Trobbiani-Irene Celina Vives-Patricia Amelia Yorye.<\/p>\n<p><a href=\"http:\/\/caballitotequiero.com.ar\/portal\/wp-content\/uploads\/2019\/12\/libro-ida-3.jpg\" rel=\"attachment wp-att-29805\"><img loading=\"lazy\" decoding=\"async\" class=\"aligncenter size-full wp-image-29805\" src=\"http:\/\/caballitotequiero.com.ar\/portal\/wp-content\/uploads\/2019\/12\/libro-ida-3.jpg\" alt=\"\" width=\"777\" height=\"588\" srcset=\"http:\/\/caballitotequiero.com.ar\/portal\/wp-content\/uploads\/2019\/12\/libro-ida-3.jpg 777w, http:\/\/caballitotequiero.com.ar\/portal\/wp-content\/uploads\/2019\/12\/libro-ida-3-300x227.jpg 300w, http:\/\/caballitotequiero.com.ar\/portal\/wp-content\/uploads\/2019\/12\/libro-ida-3-768x581.jpg 768w, http:\/\/caballitotequiero.com.ar\/portal\/wp-content\/uploads\/2019\/12\/libro-ida-3-705x534.jpg 705w, http:\/\/caballitotequiero.com.ar\/portal\/wp-content\/uploads\/2019\/12\/libro-ida-3-450x341.jpg 450w\" sizes=\"auto, (max-width: 777px) 100vw, 777px\" \/><\/a><\/p>\n","protected":false},"excerpt":{"rendered":"<p>Fue presentado en la Asociaci\u00f3n Dante Aligheri de Buenos Aires el libro \u00abPasi\u00f3n de Inmigrantes Italianos\u00bb.\u00a0Este material propicia el encuentro\u00a0entre la imagen y la palabra y se ve enriquecido por el idioma italiano y espa\u00f1ol, donde cada uno de ellos mantiene su propia armon\u00eda, cadencia e identidad; pero que el juntarse crea nuevas formas de [&hellip;]<\/p>\n","protected":false},"author":1,"featured_media":29806,"comment_status":"open","ping_status":"open","sticky":false,"template":"","format":"standard","meta":{"footnotes":""},"categories":[5],"tags":[],"class_list":["post-29802","post","type-post","status-publish","format-standard","has-post-thumbnail","hentry","category-noticias"],"_links":{"self":[{"href":"http:\/\/caballitotequiero.com.ar\/portal\/wp-json\/wp\/v2\/posts\/29802","targetHints":{"allow":["GET"]}}],"collection":[{"href":"http:\/\/caballitotequiero.com.ar\/portal\/wp-json\/wp\/v2\/posts"}],"about":[{"href":"http:\/\/caballitotequiero.com.ar\/portal\/wp-json\/wp\/v2\/types\/post"}],"author":[{"embeddable":true,"href":"http:\/\/caballitotequiero.com.ar\/portal\/wp-json\/wp\/v2\/users\/1"}],"replies":[{"embeddable":true,"href":"http:\/\/caballitotequiero.com.ar\/portal\/wp-json\/wp\/v2\/comments?post=29802"}],"version-history":[{"count":1,"href":"http:\/\/caballitotequiero.com.ar\/portal\/wp-json\/wp\/v2\/posts\/29802\/revisions"}],"predecessor-version":[{"id":29807,"href":"http:\/\/caballitotequiero.com.ar\/portal\/wp-json\/wp\/v2\/posts\/29802\/revisions\/29807"}],"wp:featuredmedia":[{"embeddable":true,"href":"http:\/\/caballitotequiero.com.ar\/portal\/wp-json\/wp\/v2\/media\/29806"}],"wp:attachment":[{"href":"http:\/\/caballitotequiero.com.ar\/portal\/wp-json\/wp\/v2\/media?parent=29802"}],"wp:term":[{"taxonomy":"category","embeddable":true,"href":"http:\/\/caballitotequiero.com.ar\/portal\/wp-json\/wp\/v2\/categories?post=29802"},{"taxonomy":"post_tag","embeddable":true,"href":"http:\/\/caballitotequiero.com.ar\/portal\/wp-json\/wp\/v2\/tags?post=29802"}],"curies":[{"name":"wp","href":"https:\/\/api.w.org\/{rel}","templated":true}]}}