{"id":29834,"date":"2020-01-04T07:46:35","date_gmt":"2020-01-04T10:46:35","guid":{"rendered":"http:\/\/caballitotequiero.com.ar\/portal\/?p=29834"},"modified":"2020-01-04T07:48:16","modified_gmt":"2020-01-04T10:48:16","slug":"este-fin-de-semana-en-caballito","status":"publish","type":"post","link":"http:\/\/caballitotequiero.com.ar\/portal\/2020\/01\/04\/este-fin-de-semana-en-caballito\/","title":{"rendered":"ESTE FIN DE SEMANA EN CABALLITO"},"content":{"rendered":"<p><span style=\"text-decoration: underline;\"><strong>Domingo 5: Llegar\u00e1n los Reyes Magos<\/strong><\/span><\/p>\n<p>los\u00a0<strong>Reyes Magos<\/strong>\u00a0visitar\u00e1n distintos<strong>\u00a0bares notables<\/strong>\u00a0de la Ciudad. Esta vez, habr\u00e1 un fin de solidario: se invita a los participantes a<strong>\u00a0llevar un juguete<\/strong>\u00a0para entregar -luego- en el Hospital de Ni\u00f1os Pedro de Elizalde (ex Casa Cuna).<\/p>\n<p>El recorrido realizar\u00e1 diferentes paradas, finalizando su recorrrido en Caballito.<\/p>\n<p><strong>16.15<\/strong>\u00a0&#8211; Confiter\u00eda London City (Avenida de Mayo 591)<\/p>\n<p><strong>16.30<\/strong>\u00a0&#8211; Bar Iberia (Avenida de Mayo 1196)<\/p>\n<p><strong>17.00<\/strong>\u00a0&#8211; El Gato Negro (Avenida Corrientes 1669)<\/p>\n<p><strong>17.30<\/strong>\u00a0&#8211; Los Galgos (Callao 501)<\/p>\n<p><strong>18.00<\/strong>\u00a0&#8211; Bar de Cao (Avenida Independencia 2400)<\/p>\n<p><strong>19.00<\/strong>\u00a0&#8211; Confiter\u00eda Las Violetas (Av.\u00a0Rivadavia 3899 esquina Medrano)<\/p>\n<p><strong>20.00<\/strong>\u00a0&#8211; El Viejo Buz\u00f3n (Neuqu\u00e9n 1100, Caballito)<\/p>\n<p><span style=\"text-decoration: underline;\"><strong>Fin de Semana en el Patio de los Lecheros<\/strong><\/span><\/p>\n<p>Viernes, s\u00e1bado y domingo, desde el mediod\u00eda a 1 de la ma\u00f1ana. Donato Alvarez al 200 (junto a las v\u00edas del ferrocarril Sarmiento).<\/p>\n<div class=\"sp__Normal\">\n<div class=\"image-embeb image-trigger pointer\" data-index=\"2\">\n<p>Gastronom\u00eda y m\u00fasica en vivo en un \u00e1mbito de relax. Adem\u00e1s, un mercado de productores independientes, cervecer\u00eda artesanal, y para los chicos, juegos y talleres.<\/p>\n<\/div>\n<\/div>\n<div class=\"sp__Normal\">\n<div class=\"entry-body col-lg-6 col-md-8 col-sm-12 col-xs-12 \">\n<div class=\"body-nota\">\n<div class=\"sp__Normal\">\n<div class=\"image-embeb image-trigger pointer\" data-index=\"2\">\n<figure><img decoding=\"async\" src=\"https:\/\/images.clarin.com\/2020\/01\/02\/para-disfrutar-en-el-verano___S3qSY_kX_720x0__1.jpg\" alt=\"Para disfrutar en el verano porte\u00f1o. El Patio de los Lecheros ofrece una amplia oferta gastron\u00f3mica y de entretenimientos.\" data-big=\"https:\/\/images.clarin.com\/2020\/01\/02\/para-disfrutar-en-el-verano___S3qSY_kX_720x0__1.jpg\" data-small=\"https:\/\/images.clarin.com\/2020\/01\/02\/para-disfrutar-en-el-verano___S3qSY_kX_720x0__1.jpg\" data-observer-function=\"loadLazyImg\" \/><i class=\"fa fa-circle fa-stack-2x icon-background1\"><\/i><i class=\"fa fa-expand fa-stack-1x\"><\/i><\/figure>\n<p>&nbsp;<\/p>\n<\/div>\n<\/div>\n<div class=\"sp__Normal\">\u00a0<span style=\"text-decoration: underline;\"><strong>Paseos en Tranv\u00eda<\/strong><\/span><\/div>\n<p>S\u00e1bado de 17 a 20.15. Domingo, de 10 a 12.45 y de 17 a 20.15. Salida desde Emilio Mitre y Jos\u00e9 Bonifacio<\/p>\n<p>La Asociaci\u00f3n Amigos del Tranv\u00eda\u00a0<strong>no se toma vacaciones<\/strong>\u00a0y ofrece, en el verano porte\u00f1o,\u00a0la posibilidad de viajar en tranv\u00eda, un medio de transporte fundamental en el desarrollo de los barrios porte\u00f1os. Las salidas son cada 25 minutos.<\/p>\n<p>&nbsp;<\/p>\n<\/div>\n<\/div>\n<\/div>\n","protected":false},"excerpt":{"rendered":"<p>Domingo 5: Llegar\u00e1n los Reyes Magos los\u00a0Reyes Magos\u00a0visitar\u00e1n distintos\u00a0bares notables\u00a0de la Ciudad. Esta vez, habr\u00e1 un fin de solidario: se invita a los participantes a\u00a0llevar un juguete\u00a0para entregar -luego- en el Hospital de Ni\u00f1os Pedro de Elizalde (ex Casa Cuna). El recorrido realizar\u00e1 diferentes paradas, finalizando su recorrrido en Caballito. 16.15\u00a0&#8211; Confiter\u00eda London City (Avenida [&hellip;]<\/p>\n","protected":false},"author":1,"featured_media":29835,"comment_status":"open","ping_status":"open","sticky":false,"template":"","format":"standard","meta":{"footnotes":""},"categories":[5],"tags":[],"class_list":["post-29834","post","type-post","status-publish","format-standard","has-post-thumbnail","hentry","category-noticias"],"_links":{"self":[{"href":"http:\/\/caballitotequiero.com.ar\/portal\/wp-json\/wp\/v2\/posts\/29834","targetHints":{"allow":["GET"]}}],"collection":[{"href":"http:\/\/caballitotequiero.com.ar\/portal\/wp-json\/wp\/v2\/posts"}],"about":[{"href":"http:\/\/caballitotequiero.com.ar\/portal\/wp-json\/wp\/v2\/types\/post"}],"author":[{"embeddable":true,"href":"http:\/\/caballitotequiero.com.ar\/portal\/wp-json\/wp\/v2\/users\/1"}],"replies":[{"embeddable":true,"href":"http:\/\/caballitotequiero.com.ar\/portal\/wp-json\/wp\/v2\/comments?post=29834"}],"version-history":[{"count":3,"href":"http:\/\/caballitotequiero.com.ar\/portal\/wp-json\/wp\/v2\/posts\/29834\/revisions"}],"predecessor-version":[{"id":29838,"href":"http:\/\/caballitotequiero.com.ar\/portal\/wp-json\/wp\/v2\/posts\/29834\/revisions\/29838"}],"wp:featuredmedia":[{"embeddable":true,"href":"http:\/\/caballitotequiero.com.ar\/portal\/wp-json\/wp\/v2\/media\/29835"}],"wp:attachment":[{"href":"http:\/\/caballitotequiero.com.ar\/portal\/wp-json\/wp\/v2\/media?parent=29834"}],"wp:term":[{"taxonomy":"category","embeddable":true,"href":"http:\/\/caballitotequiero.com.ar\/portal\/wp-json\/wp\/v2\/categories?post=29834"},{"taxonomy":"post_tag","embeddable":true,"href":"http:\/\/caballitotequiero.com.ar\/portal\/wp-json\/wp\/v2\/tags?post=29834"}],"curies":[{"name":"wp","href":"https:\/\/api.w.org\/{rel}","templated":true}]}}