{"id":29839,"date":"2020-01-04T08:14:03","date_gmt":"2020-01-04T11:14:03","guid":{"rendered":"http:\/\/caballitotequiero.com.ar\/portal\/?p=29839"},"modified":"2020-01-06T08:43:37","modified_gmt":"2020-01-06T11:43:37","slug":"concurso-de-fotografia-mi-caballito-querido-con-motivo-del-199-aniversario-del-barrio","status":"publish","type":"post","link":"http:\/\/caballitotequiero.com.ar\/portal\/2020\/01\/04\/concurso-de-fotografia-mi-caballito-querido-con-motivo-del-199-aniversario-del-barrio\/","title":{"rendered":"CONCURSO DE FOTOGRAF\u00cdA \u00abMI CABALLITO QUERIDO\u00bb CON MOTIVO DEL 199 ANIVERSARIO DEL BARRIO"},"content":{"rendered":"<p>Con motivo de\u00a0celebrarse\u00a0el pr\u00f3ximo 15 de febrero un nuevo aniversario del barrio de Caballito,\u00a0\u00a0\u201cHorizonte\u201d la Revista de Caballito junto al Peri\u00f3dico ABC y la Asociaci\u00f3n Alvear (Avellaneda 542)\u00a0 invitan a los vecinos a participar en una nueva convocatoria capturando im\u00e1genes para la Exposici\u00f3n de Fotograf\u00eda \u00abMi Caballito Querido\u00bb. \u00a0Como siempre, el objetivo es plasmar en las fotos lugares de nuestro barrio. Descubrir sus paisajes, sus rincones, su gente. \u00a0Dejar testimonio de nuestro presente que quiz\u00e1s sea en alg\u00fan momento una postal del pasado. Les proponemos involucrar nuestros sentimientos de amor incondicional a nuestro Caballito querido.<\/p>\n<p><a href=\"http:\/\/caballitotequiero.com.ar\/portal\/wp-content\/uploads\/2020\/01\/fotografias-web.jpg\" rel=\"attachment wp-att-29840\"><img loading=\"lazy\" decoding=\"async\" class=\"aligncenter size-full wp-image-29840\" src=\"http:\/\/caballitotequiero.com.ar\/portal\/wp-content\/uploads\/2020\/01\/fotografias-web.jpg\" alt=\"\" width=\"750\" height=\"275\" srcset=\"http:\/\/caballitotequiero.com.ar\/portal\/wp-content\/uploads\/2020\/01\/fotografias-web.jpg 750w, http:\/\/caballitotequiero.com.ar\/portal\/wp-content\/uploads\/2020\/01\/fotografias-web-300x110.jpg 300w, http:\/\/caballitotequiero.com.ar\/portal\/wp-content\/uploads\/2020\/01\/fotografias-web-705x259.jpg 705w, http:\/\/caballitotequiero.com.ar\/portal\/wp-content\/uploads\/2020\/01\/fotografias-web-450x165.jpg 450w\" sizes=\"auto, (max-width: 750px) 100vw, 750px\" \/><\/a><\/p>\n<p><strong>Modalidad, bases y condiciones:<\/strong><\/p>\n<p>\u2022 Las im\u00e1genes ser\u00e1n referidas al barrio de Caballito.<br \/>\n\u2022 El concurso fotogr\u00e1fico es abierto a fot\u00f3grafos profesionales y\/o aficionados.<br \/>\n\u2022 Las fotograf\u00edas ser\u00e1n originales e in\u00e9ditas.<br \/>\n\u2022 Cada participante podr\u00e1 presentar hasta dos fotos.<br \/>\n\u2022 Todas las fotograf\u00edas seleccionadas ser\u00e1n expuestas en\u00a0la Asociaci\u00f3n Alvear (Avellaneda 542)\u00a0\u00a0a partir del 10 de febrero de 2020.<br \/>\n\u2022 Todos los participantes recibir\u00e1n diploma por su participaci\u00f3n.<br \/>\n\u2022 Las fotos deber\u00e1n enviarse via mail con una resoluci\u00f3n de 300 dpi al siguiente correo:<br \/>\nhorizontedecaballito@gmail.com<br \/>\n\u2022 Se recibir\u00e1n fotos durante el mes de enero y hasta el 5 de febrero de 2020.<br \/>\n\u2022 Las fotograf\u00edas podr\u00e1n ser: blanco\/ negro, color, o sepia<br \/>\n\u2022 Enviar en el mail los siguientes datos: T\u00edtulo de la obra, nombre y apellido del autor, tel\u00e9fono y mail.<br \/>\n\u2022 Los organizadores se reservan el derecho de la publicaci\u00f3n de las fotograf\u00edas, mencionando el nombre de su autor.<\/p>\n","protected":false},"excerpt":{"rendered":"<p>Con motivo de\u00a0celebrarse\u00a0el pr\u00f3ximo 15 de febrero un nuevo aniversario del barrio de Caballito,\u00a0\u00a0\u201cHorizonte\u201d la Revista de Caballito junto al Peri\u00f3dico ABC y la Asociaci\u00f3n Alvear (Avellaneda 542)\u00a0 invitan a los vecinos a participar en una nueva convocatoria capturando im\u00e1genes para la Exposici\u00f3n de Fotograf\u00eda \u00abMi Caballito Querido\u00bb. \u00a0Como siempre, el objetivo es plasmar en [&hellip;]<\/p>\n","protected":false},"author":1,"featured_media":29840,"comment_status":"open","ping_status":"open","sticky":false,"template":"","format":"standard","meta":{"footnotes":""},"categories":[5],"tags":[],"class_list":["post-29839","post","type-post","status-publish","format-standard","has-post-thumbnail","hentry","category-noticias"],"_links":{"self":[{"href":"http:\/\/caballitotequiero.com.ar\/portal\/wp-json\/wp\/v2\/posts\/29839","targetHints":{"allow":["GET"]}}],"collection":[{"href":"http:\/\/caballitotequiero.com.ar\/portal\/wp-json\/wp\/v2\/posts"}],"about":[{"href":"http:\/\/caballitotequiero.com.ar\/portal\/wp-json\/wp\/v2\/types\/post"}],"author":[{"embeddable":true,"href":"http:\/\/caballitotequiero.com.ar\/portal\/wp-json\/wp\/v2\/users\/1"}],"replies":[{"embeddable":true,"href":"http:\/\/caballitotequiero.com.ar\/portal\/wp-json\/wp\/v2\/comments?post=29839"}],"version-history":[{"count":3,"href":"http:\/\/caballitotequiero.com.ar\/portal\/wp-json\/wp\/v2\/posts\/29839\/revisions"}],"predecessor-version":[{"id":29846,"href":"http:\/\/caballitotequiero.com.ar\/portal\/wp-json\/wp\/v2\/posts\/29839\/revisions\/29846"}],"wp:featuredmedia":[{"embeddable":true,"href":"http:\/\/caballitotequiero.com.ar\/portal\/wp-json\/wp\/v2\/media\/29840"}],"wp:attachment":[{"href":"http:\/\/caballitotequiero.com.ar\/portal\/wp-json\/wp\/v2\/media?parent=29839"}],"wp:term":[{"taxonomy":"category","embeddable":true,"href":"http:\/\/caballitotequiero.com.ar\/portal\/wp-json\/wp\/v2\/categories?post=29839"},{"taxonomy":"post_tag","embeddable":true,"href":"http:\/\/caballitotequiero.com.ar\/portal\/wp-json\/wp\/v2\/tags?post=29839"}],"curies":[{"name":"wp","href":"https:\/\/api.w.org\/{rel}","templated":true}]}}