{"id":29861,"date":"2020-01-10T07:58:38","date_gmt":"2020-01-10T10:58:38","guid":{"rendered":"http:\/\/caballitotequiero.com.ar\/portal\/?p=29861"},"modified":"2020-01-11T08:04:11","modified_gmt":"2020-01-11T11:04:11","slug":"actividades-de-verano-en-el-museo-perlotti","status":"publish","type":"post","link":"http:\/\/caballitotequiero.com.ar\/portal\/2020\/01\/10\/actividades-de-verano-en-el-museo-perlotti\/","title":{"rendered":"ACTIVIDADES DE VERANO EN EL MUSEO PERLOTTI"},"content":{"rendered":"<p>El Museo de Esculturas Luis Perlotti, Pujol 644, informa sus actividades para ni\u00f1os programadas para los meses de enero y febrero.<\/p>\n<p><a href=\"http:\/\/caballitotequiero.com.ar\/portal\/wp-content\/uploads\/2020\/01\/perlotti-verano-web.jpg\" rel=\"attachment wp-att-29862\"><img loading=\"lazy\" decoding=\"async\" class=\"aligncenter size-full wp-image-29862\" src=\"http:\/\/caballitotequiero.com.ar\/portal\/wp-content\/uploads\/2020\/01\/perlotti-verano-web.jpg\" alt=\"\" width=\"700\" height=\"505\" srcset=\"http:\/\/caballitotequiero.com.ar\/portal\/wp-content\/uploads\/2020\/01\/perlotti-verano-web.jpg 700w, http:\/\/caballitotequiero.com.ar\/portal\/wp-content\/uploads\/2020\/01\/perlotti-verano-web-300x216.jpg 300w, http:\/\/caballitotequiero.com.ar\/portal\/wp-content\/uploads\/2020\/01\/perlotti-verano-web-450x325.jpg 450w\" sizes=\"auto, (max-width: 700px) 100vw, 700px\" \/><\/a><\/p>\n<p><strong>ENERO<\/strong><\/p>\n<p><strong>Tira con tirita y mandalas<\/strong><br \/>\n<em>Mi\u00e9rcoles 11 h.<\/em>\u00a0|\u00a0<strong>Para ni\u00f1os y ni\u00f1as de 8 a 12 a\u00f1os<\/strong><br \/>\n<em>Mi\u00e9rcoles 14 h.<\/em>\u00a0|\u00a0<strong>Para ni\u00f1os y ni\u00f1as de 4 a 7 a\u00f1os<\/strong><br \/>\n<em>Viernes 11 h.<\/em>\u00a0|\u00a0<strong>Para ni\u00f1os y ni\u00f1as de 4 a 7 a\u00f1os<\/strong><br \/>\n<em>Viernes 14 h.<\/em>\u00a0|\u00a0<strong>Para ni\u00f1os y ni\u00f1as de 8 a 12 a\u00f1os<\/strong><br \/>\n<em>S\u00e1bados 16 h.<\/em>\u00a0|\u00a0<strong>Para ni\u00f1os y ni\u00f1as de 4 a 7 a\u00f1os<\/strong><br \/>\n<em>Domingos 16 h.<\/em>\u00a0|\u00a0<strong>Para ni\u00f1os y ni\u00f1as de 8 a 12 a\u00f1os<\/strong><br \/>\nActividad en torno a la muestra de \u00abNe\u00f3n. L\u00edneas del Cosmos\u00bb. Creaci\u00f3n de collages y figuras con tiras de papel y coloreado de mandalas con fibras fl\u00fao.<br \/>\n<strong>FEBRERO<\/strong><\/p>\n<ul>\n<li><strong>Tira con tirita y mandalas<\/strong><br \/>\n<em>S\u00e1bados 16 h.<\/em>\u00a0|\u00a0<strong>Para ni\u00f1os y ni\u00f1as de 4 a 7 a\u00f1os<\/strong><br \/>\n<em>Domingos 16 h.<\/em>\u00a0|\u00a0<strong>Para ni\u00f1os y ni\u00f1as de 8 a 12 a\u00f1os<\/strong><br \/>\nActividad en torno a la muestra de \u00abNe\u00f3n. L\u00edneas del Cosmos\u00bb. Creaci\u00f3n de collages y figuras con tiras de papel y coloreado de mandalas con fibras fl\u00fao.<\/li>\n<li><strong>Taller de tridimensi\u00f3n con masas<\/strong><br \/>\n<em>Mi\u00e9rcoles y viernes | 14 h.<\/em><br \/>\nTanto con relieves o formas tridimensionales, los participantes pueden crear vol\u00famenes durante el taller con masas realizadas con elementos caseros que brillan con el ne\u00f3n.<br \/>\n<strong>Para ni\u00f1os y ni\u00f1as de 4 a 12 a\u00f1os<\/strong><\/li>\n<li><strong>Taller de angelitos<\/strong><br \/>\n<em>Mi\u00e9rcoles y viernes | 11 h.<\/em><br \/>\nCreaci\u00f3n del mandala \u201cojo de dios\u201d o \u201chuichol\u201d con palillos y lanas fl\u00fao. Todo mandala inicia por esta forma; a partir de esta experiencia los ni\u00f1os podr\u00e1n hacer nuevas creaciones.<br \/>\n<strong>Para ni\u00f1os y ni\u00f1as de 4 a 12 a\u00f1os<\/strong><\/li>\n<li><em>Entrada: $50 | Mi\u00e9rcoles gratis<\/em><br \/>\nPara m\u00e1s informaci\u00f3n comunicarse al 4433-3396 \/ 4431-2825 o por mail a\u00a0<a href=\"mailto:museoperlotti@buenosaires.gob.ar\">museoperlotti@buenosaires.gob.ar<\/a><\/li>\n<\/ul>\n<p>&nbsp;<\/p>\n","protected":false},"excerpt":{"rendered":"<p>El Museo de Esculturas Luis Perlotti, Pujol 644, informa sus actividades para ni\u00f1os programadas para los meses de enero y febrero. ENERO Tira con tirita y mandalas Mi\u00e9rcoles 11 h.\u00a0|\u00a0Para ni\u00f1os y ni\u00f1as de 8 a 12 a\u00f1os Mi\u00e9rcoles 14 h.\u00a0|\u00a0Para ni\u00f1os y ni\u00f1as de 4 a 7 a\u00f1os Viernes 11 h.\u00a0|\u00a0Para ni\u00f1os y ni\u00f1as [&hellip;]<\/p>\n","protected":false},"author":1,"featured_media":29862,"comment_status":"open","ping_status":"open","sticky":false,"template":"","format":"standard","meta":{"footnotes":""},"categories":[5],"tags":[],"class_list":["post-29861","post","type-post","status-publish","format-standard","has-post-thumbnail","hentry","category-noticias"],"_links":{"self":[{"href":"http:\/\/caballitotequiero.com.ar\/portal\/wp-json\/wp\/v2\/posts\/29861","targetHints":{"allow":["GET"]}}],"collection":[{"href":"http:\/\/caballitotequiero.com.ar\/portal\/wp-json\/wp\/v2\/posts"}],"about":[{"href":"http:\/\/caballitotequiero.com.ar\/portal\/wp-json\/wp\/v2\/types\/post"}],"author":[{"embeddable":true,"href":"http:\/\/caballitotequiero.com.ar\/portal\/wp-json\/wp\/v2\/users\/1"}],"replies":[{"embeddable":true,"href":"http:\/\/caballitotequiero.com.ar\/portal\/wp-json\/wp\/v2\/comments?post=29861"}],"version-history":[{"count":1,"href":"http:\/\/caballitotequiero.com.ar\/portal\/wp-json\/wp\/v2\/posts\/29861\/revisions"}],"predecessor-version":[{"id":29863,"href":"http:\/\/caballitotequiero.com.ar\/portal\/wp-json\/wp\/v2\/posts\/29861\/revisions\/29863"}],"wp:featuredmedia":[{"embeddable":true,"href":"http:\/\/caballitotequiero.com.ar\/portal\/wp-json\/wp\/v2\/media\/29862"}],"wp:attachment":[{"href":"http:\/\/caballitotequiero.com.ar\/portal\/wp-json\/wp\/v2\/media?parent=29861"}],"wp:term":[{"taxonomy":"category","embeddable":true,"href":"http:\/\/caballitotequiero.com.ar\/portal\/wp-json\/wp\/v2\/categories?post=29861"},{"taxonomy":"post_tag","embeddable":true,"href":"http:\/\/caballitotequiero.com.ar\/portal\/wp-json\/wp\/v2\/tags?post=29861"}],"curies":[{"name":"wp","href":"https:\/\/api.w.org\/{rel}","templated":true}]}}