{"id":29876,"date":"2020-01-17T19:36:55","date_gmt":"2020-01-17T22:36:55","guid":{"rendered":"http:\/\/caballitotequiero.com.ar\/portal\/?p=29876"},"modified":"2020-01-19T19:53:10","modified_gmt":"2020-01-19T22:53:10","slug":"sabias-que","status":"publish","type":"post","link":"http:\/\/caballitotequiero.com.ar\/portal\/2020\/01\/17\/sabias-que\/","title":{"rendered":"\u00bfSAB\u00cdAS QU\u00c9&#8230; ?"},"content":{"rendered":"<p><a href=\"http:\/\/caballitotequiero.com.ar\/portal\/wp-content\/uploads\/2020\/01\/Sabias-que-caballito-web.jpg\" rel=\"attachment wp-att-29877\"><img loading=\"lazy\" decoding=\"async\" class=\"aligncenter size-full wp-image-29877\" src=\"http:\/\/caballitotequiero.com.ar\/portal\/wp-content\/uploads\/2020\/01\/Sabias-que-caballito-web.jpg\" alt=\"\" width=\"638\" height=\"479\" srcset=\"http:\/\/caballitotequiero.com.ar\/portal\/wp-content\/uploads\/2020\/01\/Sabias-que-caballito-web.jpg 638w, http:\/\/caballitotequiero.com.ar\/portal\/wp-content\/uploads\/2020\/01\/Sabias-que-caballito-web-300x225.jpg 300w, http:\/\/caballitotequiero.com.ar\/portal\/wp-content\/uploads\/2020\/01\/Sabias-que-caballito-web-450x338.jpg 450w\" sizes=\"auto, (max-width: 638px) 100vw, 638px\" \/><\/a><\/p>\n<p>\u2026 Charly Garc\u00eda y Nito Mestre estudiaron en el Instituto Social Militar D\u00e1maso Centeno, donde dieron origen al conjunto de rock Sui Generis?<\/p>\n<p>&#8230;Durante muchos a\u00f1os, la cabecera este del estadio de Ferro tuvo como tel\u00f3n de fondo a los molinos harineros de la empresa fundada en 1901 por Francisco Morixe, que lleg\u00f3 a ser conocida como \u201cEl Molino de Caballito\u201d?<\/p>\n<p>\u2026 El asesinato de la ni\u00f1a Jimena Hern\u00e1ndez que conmovi\u00f3 al pa\u00eds en 1988, ocurri\u00f3 en el Colegio Santa Uni\u00f3n de los Sagrados Corazones, que hoy es el Instituto Monse\u00f1or Dillon en Almte. Segu\u00ed 863?<\/p>\n<p>\u2026 En el Palacio Videla Dorna, construido en 1886 donde hoy pasa el pasaje Florencio Balcarce, funcion\u00f3 entre 1899 y 1909 la Escuela Naval, que luego se traslad\u00f3 a R\u00edo Santiago?<\/p>\n<p>\u2026 El Palacio Lambar\u00e9, construido donde hoy se abre la primera cuadra de la calle Juan B. Ambrosetti, era propiedad de Eduardo T. Mulhall, director del peri\u00f3dico The Standard y fue la primera casa que tuvo tel\u00e9fono en Caballito?<\/p>\n<p>\u2026 En Av. Rivadavia 4893 se encontraba el desaparecido Pasaje Bernasconi con salida a Yerbal?<\/p>\n<p>\u2026 El primer sistema de delivery de la ciudad habr\u00eda funcionado en la sucursal Caballito de la confiter\u00eda Ideal, cuando el c\u00e9lebre escritor Conrado Nal\u00e9 Roxlo, empez\u00f3 a hacer pedidos por tel\u00e9fono para no moverse de su casa?<\/p>\n<p>\u2026 En el edificio Nicol\u00e1s Repetto (donde estuvo El Hogar Obrero) funcion\u00f3 el primer almac\u00e9n con autoservicio porte\u00f1o?<\/p>\n<p>\u2026. En la esquina NO de Rivadavia e Hidalgo existi\u00f3 el Front\u00f3n Nacional, una de las canchas de pelota m\u00e1s importantes que hubo en la ciudad?<\/p>\n<p>\u2026 La avenida Honorio Pueyrred\u00f3n tuvo su origen en un ramal del F.C. del Oeste (hoy Sarmiento) que comenz\u00f3 a funcionar como servicio de carga en 1895 y que hac\u00eda el recorrido Caballito-Chacarita?<\/p>\n","protected":false},"excerpt":{"rendered":"<p>\u2026 Charly Garc\u00eda y Nito Mestre estudiaron en el Instituto Social Militar D\u00e1maso Centeno, donde dieron origen al conjunto de rock Sui Generis? &#8230;Durante muchos a\u00f1os, la cabecera este del estadio de Ferro tuvo como tel\u00f3n de fondo a los molinos harineros de la empresa fundada en 1901 por Francisco Morixe, que lleg\u00f3 a ser [&hellip;]<\/p>\n","protected":false},"author":1,"featured_media":29877,"comment_status":"open","ping_status":"open","sticky":false,"template":"","format":"standard","meta":{"footnotes":""},"categories":[5],"tags":[],"class_list":["post-29876","post","type-post","status-publish","format-standard","has-post-thumbnail","hentry","category-noticias"],"_links":{"self":[{"href":"http:\/\/caballitotequiero.com.ar\/portal\/wp-json\/wp\/v2\/posts\/29876","targetHints":{"allow":["GET"]}}],"collection":[{"href":"http:\/\/caballitotequiero.com.ar\/portal\/wp-json\/wp\/v2\/posts"}],"about":[{"href":"http:\/\/caballitotequiero.com.ar\/portal\/wp-json\/wp\/v2\/types\/post"}],"author":[{"embeddable":true,"href":"http:\/\/caballitotequiero.com.ar\/portal\/wp-json\/wp\/v2\/users\/1"}],"replies":[{"embeddable":true,"href":"http:\/\/caballitotequiero.com.ar\/portal\/wp-json\/wp\/v2\/comments?post=29876"}],"version-history":[{"count":2,"href":"http:\/\/caballitotequiero.com.ar\/portal\/wp-json\/wp\/v2\/posts\/29876\/revisions"}],"predecessor-version":[{"id":29879,"href":"http:\/\/caballitotequiero.com.ar\/portal\/wp-json\/wp\/v2\/posts\/29876\/revisions\/29879"}],"wp:featuredmedia":[{"embeddable":true,"href":"http:\/\/caballitotequiero.com.ar\/portal\/wp-json\/wp\/v2\/media\/29877"}],"wp:attachment":[{"href":"http:\/\/caballitotequiero.com.ar\/portal\/wp-json\/wp\/v2\/media?parent=29876"}],"wp:term":[{"taxonomy":"category","embeddable":true,"href":"http:\/\/caballitotequiero.com.ar\/portal\/wp-json\/wp\/v2\/categories?post=29876"},{"taxonomy":"post_tag","embeddable":true,"href":"http:\/\/caballitotequiero.com.ar\/portal\/wp-json\/wp\/v2\/tags?post=29876"}],"curies":[{"name":"wp","href":"https:\/\/api.w.org\/{rel}","templated":true}]}}