{"id":29952,"date":"2020-01-31T20:29:10","date_gmt":"2020-01-31T23:29:10","guid":{"rendered":"http:\/\/caballitotequiero.com.ar\/portal\/?p=29952"},"modified":"2020-02-02T20:35:20","modified_gmt":"2020-02-02T23:35:20","slug":"justicia-por-fernando-convocatoria-en-el-parque-rivadavia","status":"publish","type":"post","link":"http:\/\/caballitotequiero.com.ar\/portal\/2020\/01\/31\/justicia-por-fernando-convocatoria-en-el-parque-rivadavia\/","title":{"rendered":"\u00a1JUSTICIA POR FERNANDO! CONVOCATORIA EN EL PARQUE RIVADAVIA"},"content":{"rendered":"<p>Los padres y la novia de Fernando B\u00e1ez Sosa, asesinado en Villa Gesell, encabezaron el viernes 31 de enero una marcha de silencio en parque Rivadavia .<\/p>\n<p>Rodeados de vecinos y amigos que llevaban carteles en sus manos con la cara del joven estudiante y la leyenda \u00abJusticia por Fernando, asesinado en Gesell\u00bb, Graciela y Silvino, vestidos ambos con una remera blanca con el rostro de su hijo rompieron el silencio con aplausos y se sumaron al grito de \u00ab\u00a1justicia!\u00bb.<\/p>\n<p>Entre los presentes se encontraban autoridades, docentes, alumnos y exalumnos del Colegio Marianista, establecimiento donde Fernando curs\u00f3 sus estudios secundarios.<\/p>\n<p>\u00abQuiero agradecer a todos los presentes por tomar su tiempo y venir a acompa\u00f1arme en este momento tan dif\u00edcil de mi vida. Quiero pedir justicia por mi hijo, no se mecer\u00eda esto que le hicieron\u00bb, dijo Graciela a la prensa. Pidi\u00f3 adem\u00e1s que \u201cnunca m\u00e1s haya otro Fernando\u201d, quien era \u201cun chico bueno, sano, que amaba a la novia, que amaba a sus amigos, que compart\u00eda d\u00eda y noche con ellos\u201d.<\/p>\n<p>\u201cNunca me defraud\u00f3, era un chico bueno y compa\u00f1ero que me ense\u00f1aba todo el tiempo las cosas\u201d, asegur\u00f3 entre l\u00e1grimas Graciela, abrazada a Silvino, y concluy\u00f3: \u201cCuando escucho la puerta, me parece que va a entrar mi hijo, y ya no est\u00e1. Pido justicia por \u00e9l\u201d.<\/p>\n<p>La marcha comenz\u00f3 pasadas las 18, y fue convocada tambi\u00e9n en distintos puntos del pa\u00eds, como en el Monumento a la bandera en Rosario, y en las ciudades de La Plata y Mendoza, entre otras.<\/p>\n<p><a href=\"http:\/\/caballitotequiero.com.ar\/portal\/wp-content\/uploads\/2020\/02\/1.jpg\" rel=\"attachment wp-att-29953\"><img loading=\"lazy\" decoding=\"async\" class=\"alignright size-full wp-image-29953\" src=\"http:\/\/caballitotequiero.com.ar\/portal\/wp-content\/uploads\/2020\/02\/1.jpg\" alt=\"\" width=\"700\" height=\"525\" srcset=\"http:\/\/caballitotequiero.com.ar\/portal\/wp-content\/uploads\/2020\/02\/1.jpg 700w, http:\/\/caballitotequiero.com.ar\/portal\/wp-content\/uploads\/2020\/02\/1-300x225.jpg 300w, http:\/\/caballitotequiero.com.ar\/portal\/wp-content\/uploads\/2020\/02\/1-450x338.jpg 450w\" sizes=\"auto, (max-width: 700px) 100vw, 700px\" \/><\/a> <a href=\"http:\/\/caballitotequiero.com.ar\/portal\/wp-content\/uploads\/2020\/02\/2.jpg\" rel=\"attachment wp-att-29954\"><img loading=\"lazy\" decoding=\"async\" class=\"alignright size-full wp-image-29954\" src=\"http:\/\/caballitotequiero.com.ar\/portal\/wp-content\/uploads\/2020\/02\/2.jpg\" alt=\"\" width=\"700\" height=\"525\" srcset=\"http:\/\/caballitotequiero.com.ar\/portal\/wp-content\/uploads\/2020\/02\/2.jpg 700w, http:\/\/caballitotequiero.com.ar\/portal\/wp-content\/uploads\/2020\/02\/2-300x225.jpg 300w, http:\/\/caballitotequiero.com.ar\/portal\/wp-content\/uploads\/2020\/02\/2-450x338.jpg 450w\" sizes=\"auto, (max-width: 700px) 100vw, 700px\" \/><\/a><\/p>\n<div id=\"attachment_29955\" style=\"width: 710px\" class=\"wp-caption alignright\"><a href=\"http:\/\/caballitotequiero.com.ar\/portal\/wp-content\/uploads\/2020\/02\/3.jpg\" rel=\"attachment wp-att-29955\"><img loading=\"lazy\" decoding=\"async\" aria-describedby=\"caption-attachment-29955\" class=\"size-full wp-image-29955\" src=\"http:\/\/caballitotequiero.com.ar\/portal\/wp-content\/uploads\/2020\/02\/3.jpg\" alt=\"Graciela y Silvino, pap\u00e1s de Fernando.\" width=\"700\" height=\"525\" srcset=\"http:\/\/caballitotequiero.com.ar\/portal\/wp-content\/uploads\/2020\/02\/3.jpg 700w, http:\/\/caballitotequiero.com.ar\/portal\/wp-content\/uploads\/2020\/02\/3-300x225.jpg 300w, http:\/\/caballitotequiero.com.ar\/portal\/wp-content\/uploads\/2020\/02\/3-450x338.jpg 450w\" sizes=\"auto, (max-width: 700px) 100vw, 700px\" \/><\/a><p id=\"caption-attachment-29955\" class=\"wp-caption-text\">Graciela y Silvino, pap\u00e1s de Fernando.<\/p><\/div>\n<p><a href=\"http:\/\/caballitotequiero.com.ar\/portal\/wp-content\/uploads\/2020\/02\/4.jpg\" rel=\"attachment wp-att-29956\"><img loading=\"lazy\" decoding=\"async\" class=\"alignright size-full wp-image-29956\" src=\"http:\/\/caballitotequiero.com.ar\/portal\/wp-content\/uploads\/2020\/02\/4.jpg\" alt=\"\" width=\"700\" height=\"525\" srcset=\"http:\/\/caballitotequiero.com.ar\/portal\/wp-content\/uploads\/2020\/02\/4.jpg 700w, http:\/\/caballitotequiero.com.ar\/portal\/wp-content\/uploads\/2020\/02\/4-300x225.jpg 300w, http:\/\/caballitotequiero.com.ar\/portal\/wp-content\/uploads\/2020\/02\/4-450x338.jpg 450w\" sizes=\"auto, (max-width: 700px) 100vw, 700px\" \/><\/a> <a href=\"http:\/\/caballitotequiero.com.ar\/portal\/wp-content\/uploads\/2020\/02\/5.jpg\" rel=\"attachment wp-att-29957\"><img loading=\"lazy\" decoding=\"async\" class=\"alignright size-full wp-image-29957\" src=\"http:\/\/caballitotequiero.com.ar\/portal\/wp-content\/uploads\/2020\/02\/5.jpg\" alt=\"\" width=\"700\" height=\"525\" srcset=\"http:\/\/caballitotequiero.com.ar\/portal\/wp-content\/uploads\/2020\/02\/5.jpg 700w, http:\/\/caballitotequiero.com.ar\/portal\/wp-content\/uploads\/2020\/02\/5-300x225.jpg 300w, http:\/\/caballitotequiero.com.ar\/portal\/wp-content\/uploads\/2020\/02\/5-450x338.jpg 450w\" sizes=\"auto, (max-width: 700px) 100vw, 700px\" \/><\/a> <a href=\"http:\/\/caballitotequiero.com.ar\/portal\/wp-content\/uploads\/2020\/02\/9.jpg\" rel=\"attachment wp-att-29958\"><img loading=\"lazy\" decoding=\"async\" class=\"alignright size-full wp-image-29958\" src=\"http:\/\/caballitotequiero.com.ar\/portal\/wp-content\/uploads\/2020\/02\/9.jpg\" alt=\"\" width=\"700\" height=\"525\" srcset=\"http:\/\/caballitotequiero.com.ar\/portal\/wp-content\/uploads\/2020\/02\/9.jpg 700w, http:\/\/caballitotequiero.com.ar\/portal\/wp-content\/uploads\/2020\/02\/9-300x225.jpg 300w, http:\/\/caballitotequiero.com.ar\/portal\/wp-content\/uploads\/2020\/02\/9-450x338.jpg 450w\" sizes=\"auto, (max-width: 700px) 100vw, 700px\" \/><\/a> <a href=\"http:\/\/caballitotequiero.com.ar\/portal\/wp-content\/uploads\/2020\/02\/10.jpg\" rel=\"attachment wp-att-29959\"><img loading=\"lazy\" decoding=\"async\" class=\"alignright size-full wp-image-29959\" src=\"http:\/\/caballitotequiero.com.ar\/portal\/wp-content\/uploads\/2020\/02\/10.jpg\" alt=\"\" width=\"700\" height=\"525\" srcset=\"http:\/\/caballitotequiero.com.ar\/portal\/wp-content\/uploads\/2020\/02\/10.jpg 700w, http:\/\/caballitotequiero.com.ar\/portal\/wp-content\/uploads\/2020\/02\/10-300x225.jpg 300w, http:\/\/caballitotequiero.com.ar\/portal\/wp-content\/uploads\/2020\/02\/10-450x338.jpg 450w\" sizes=\"auto, (max-width: 700px) 100vw, 700px\" \/><\/a><\/p>\n","protected":false},"excerpt":{"rendered":"<p>Los padres y la novia de Fernando B\u00e1ez Sosa, asesinado en Villa Gesell, encabezaron el viernes 31 de enero una marcha de silencio en parque Rivadavia . Rodeados de vecinos y amigos que llevaban carteles en sus manos con la cara del joven estudiante y la leyenda \u00abJusticia por Fernando, asesinado en Gesell\u00bb, Graciela y [&hellip;]<\/p>\n","protected":false},"author":1,"featured_media":29958,"comment_status":"open","ping_status":"open","sticky":false,"template":"","format":"standard","meta":{"footnotes":""},"categories":[5],"tags":[],"class_list":["post-29952","post","type-post","status-publish","format-standard","has-post-thumbnail","hentry","category-noticias"],"_links":{"self":[{"href":"http:\/\/caballitotequiero.com.ar\/portal\/wp-json\/wp\/v2\/posts\/29952","targetHints":{"allow":["GET"]}}],"collection":[{"href":"http:\/\/caballitotequiero.com.ar\/portal\/wp-json\/wp\/v2\/posts"}],"about":[{"href":"http:\/\/caballitotequiero.com.ar\/portal\/wp-json\/wp\/v2\/types\/post"}],"author":[{"embeddable":true,"href":"http:\/\/caballitotequiero.com.ar\/portal\/wp-json\/wp\/v2\/users\/1"}],"replies":[{"embeddable":true,"href":"http:\/\/caballitotequiero.com.ar\/portal\/wp-json\/wp\/v2\/comments?post=29952"}],"version-history":[{"count":1,"href":"http:\/\/caballitotequiero.com.ar\/portal\/wp-json\/wp\/v2\/posts\/29952\/revisions"}],"predecessor-version":[{"id":29960,"href":"http:\/\/caballitotequiero.com.ar\/portal\/wp-json\/wp\/v2\/posts\/29952\/revisions\/29960"}],"wp:featuredmedia":[{"embeddable":true,"href":"http:\/\/caballitotequiero.com.ar\/portal\/wp-json\/wp\/v2\/media\/29958"}],"wp:attachment":[{"href":"http:\/\/caballitotequiero.com.ar\/portal\/wp-json\/wp\/v2\/media?parent=29952"}],"wp:term":[{"taxonomy":"category","embeddable":true,"href":"http:\/\/caballitotequiero.com.ar\/portal\/wp-json\/wp\/v2\/categories?post=29952"},{"taxonomy":"post_tag","embeddable":true,"href":"http:\/\/caballitotequiero.com.ar\/portal\/wp-json\/wp\/v2\/tags?post=29952"}],"curies":[{"name":"wp","href":"https:\/\/api.w.org\/{rel}","templated":true}]}}