{"id":29961,"date":"2020-02-01T20:35:43","date_gmt":"2020-02-01T23:35:43","guid":{"rendered":"http:\/\/caballitotequiero.com.ar\/portal\/?p=29961"},"modified":"2020-02-02T20:40:50","modified_gmt":"2020-02-02T23:40:50","slug":"con-una-visita-guiada-comenzo-el-mes-de-caballito","status":"publish","type":"post","link":"http:\/\/caballitotequiero.com.ar\/portal\/2020\/02\/01\/con-una-visita-guiada-comenzo-el-mes-de-caballito\/","title":{"rendered":"CON UNA VISITA GUIADA COMENZ\u00d3 EL MES DE CABALLITO"},"content":{"rendered":"<p>Con m\u00e1s de cincuenta asistentes, el s\u00e1bado 1 de febrero, tuvo lugar\u00a0una Visita Guiada al Parque Rivadavia. De esta forma dio inicio el mes de la celebraci\u00f3n de los 199 a\u00f1os del barrio de Caballito.<\/p>\n<p>El recorrido por el Parque Rivadavia estuvo organizado por la Revista Horizonte y el Peri\u00f3dico ABC. Sus directores, Marina Bussio y Arnaldo Goenaga, dieron la bienvenida a los visitantes. Durante m\u00e1s de dos horas el grupo recorri\u00f3 el emblem\u00e1tico espacio verde. \u00a0Los relatos, a cargo de Marina, abordaron la historia de la antigua Quinta Lezica, su transformaci\u00f3n en parque p\u00fablico, los monumentos, su actualidad, el entorno del parque, las ferias, algunas de sus especies arb\u00f3reas como el antiguo eucalipto, las magnolias, el hist\u00f3rico omb\u00fa y los desaparecidos ginko bilobas. Se destac\u00f3 lo que queda en pie de la antigua quinta, y \u00a0algunos mitos y leyendas como la historia de \u201cLa Planchadora Degollada\u201d, \u201cLa desaparici\u00f3n de los patos\u201d y \u00a0\u201cEl \u00e1rbol de los deseos\u201d, entre otras.<\/p>\n<p>El paseo estuvo ilustrado con fotos hist\u00f3ricas, en las que pod\u00eda observarse como eran cada uno de los lugares a los que se hac\u00eda referencia.<\/p>\n<p>Al finalizar la visita se invit\u00f3 a los presentes a participar en los eventos que tendr\u00e1n lugar en la Semana de Caballito. (se publican a continuaci\u00f3n).<\/p>\n<p><a href=\"http:\/\/caballitotequiero.com.ar\/portal\/wp-content\/uploads\/2020\/02\/2-1.jpg\" rel=\"attachment wp-att-29962\"><img loading=\"lazy\" decoding=\"async\" class=\"alignright size-full wp-image-29962\" src=\"http:\/\/caballitotequiero.com.ar\/portal\/wp-content\/uploads\/2020\/02\/2-1.jpg\" alt=\"\" width=\"750\" height=\"552\" srcset=\"http:\/\/caballitotequiero.com.ar\/portal\/wp-content\/uploads\/2020\/02\/2-1.jpg 750w, http:\/\/caballitotequiero.com.ar\/portal\/wp-content\/uploads\/2020\/02\/2-1-300x221.jpg 300w, http:\/\/caballitotequiero.com.ar\/portal\/wp-content\/uploads\/2020\/02\/2-1-705x519.jpg 705w, http:\/\/caballitotequiero.com.ar\/portal\/wp-content\/uploads\/2020\/02\/2-1-450x331.jpg 450w\" sizes=\"auto, (max-width: 750px) 100vw, 750px\" \/><\/a><\/p>\n<div id=\"attachment_29963\" style=\"width: 760px\" class=\"wp-caption alignright\"><a href=\"http:\/\/caballitotequiero.com.ar\/portal\/wp-content\/uploads\/2020\/02\/3-1.jpg\" rel=\"attachment wp-att-29963\"><img loading=\"lazy\" decoding=\"async\" aria-describedby=\"caption-attachment-29963\" class=\"size-full wp-image-29963\" src=\"http:\/\/caballitotequiero.com.ar\/portal\/wp-content\/uploads\/2020\/02\/3-1.jpg\" alt=\"Arnaldo Goenaga (Peri\u00f3dico ABC) y Marina Bussio (Revista Horizonte)  guiando el recorrido.\" width=\"750\" height=\"546\" srcset=\"http:\/\/caballitotequiero.com.ar\/portal\/wp-content\/uploads\/2020\/02\/3-1.jpg 750w, http:\/\/caballitotequiero.com.ar\/portal\/wp-content\/uploads\/2020\/02\/3-1-300x218.jpg 300w, http:\/\/caballitotequiero.com.ar\/portal\/wp-content\/uploads\/2020\/02\/3-1-705x513.jpg 705w, http:\/\/caballitotequiero.com.ar\/portal\/wp-content\/uploads\/2020\/02\/3-1-450x328.jpg 450w\" sizes=\"auto, (max-width: 750px) 100vw, 750px\" \/><\/a><p id=\"caption-attachment-29963\" class=\"wp-caption-text\">Arnaldo Goenaga (Peri\u00f3dico ABC) y Marina Bussio (Revista Horizonte) guiando el recorrido.<\/p><\/div>\n<p><a href=\"http:\/\/caballitotequiero.com.ar\/portal\/wp-content\/uploads\/2020\/02\/4-1.jpg\" rel=\"attachment wp-att-29964\"><img loading=\"lazy\" decoding=\"async\" class=\"alignright size-full wp-image-29964\" src=\"http:\/\/caballitotequiero.com.ar\/portal\/wp-content\/uploads\/2020\/02\/4-1.jpg\" alt=\"\" width=\"750\" height=\"750\" srcset=\"http:\/\/caballitotequiero.com.ar\/portal\/wp-content\/uploads\/2020\/02\/4-1.jpg 750w, http:\/\/caballitotequiero.com.ar\/portal\/wp-content\/uploads\/2020\/02\/4-1-80x80.jpg 80w, http:\/\/caballitotequiero.com.ar\/portal\/wp-content\/uploads\/2020\/02\/4-1-300x300.jpg 300w, http:\/\/caballitotequiero.com.ar\/portal\/wp-content\/uploads\/2020\/02\/4-1-36x36.jpg 36w, http:\/\/caballitotequiero.com.ar\/portal\/wp-content\/uploads\/2020\/02\/4-1-180x180.jpg 180w, http:\/\/caballitotequiero.com.ar\/portal\/wp-content\/uploads\/2020\/02\/4-1-705x705.jpg 705w, http:\/\/caballitotequiero.com.ar\/portal\/wp-content\/uploads\/2020\/02\/4-1-120x120.jpg 120w, http:\/\/caballitotequiero.com.ar\/portal\/wp-content\/uploads\/2020\/02\/4-1-450x450.jpg 450w\" sizes=\"auto, (max-width: 750px) 100vw, 750px\" \/><\/a> <a href=\"http:\/\/caballitotequiero.com.ar\/portal\/wp-content\/uploads\/2020\/02\/5-1.jpg\" rel=\"attachment wp-att-29965\"><img loading=\"lazy\" decoding=\"async\" class=\"alignright size-full wp-image-29965\" src=\"http:\/\/caballitotequiero.com.ar\/portal\/wp-content\/uploads\/2020\/02\/5-1.jpg\" alt=\"\" width=\"750\" height=\"482\" srcset=\"http:\/\/caballitotequiero.com.ar\/portal\/wp-content\/uploads\/2020\/02\/5-1.jpg 750w, http:\/\/caballitotequiero.com.ar\/portal\/wp-content\/uploads\/2020\/02\/5-1-300x193.jpg 300w, http:\/\/caballitotequiero.com.ar\/portal\/wp-content\/uploads\/2020\/02\/5-1-705x453.jpg 705w, http:\/\/caballitotequiero.com.ar\/portal\/wp-content\/uploads\/2020\/02\/5-1-450x289.jpg 450w\" sizes=\"auto, (max-width: 750px) 100vw, 750px\" \/><\/a><\/p>\n","protected":false},"excerpt":{"rendered":"<p>Con m\u00e1s de cincuenta asistentes, el s\u00e1bado 1 de febrero, tuvo lugar\u00a0una Visita Guiada al Parque Rivadavia. De esta forma dio inicio el mes de la celebraci\u00f3n de los 199 a\u00f1os del barrio de Caballito. El recorrido por el Parque Rivadavia estuvo organizado por la Revista Horizonte y el Peri\u00f3dico ABC. Sus directores, Marina Bussio [&hellip;]<\/p>\n","protected":false},"author":1,"featured_media":29965,"comment_status":"open","ping_status":"open","sticky":false,"template":"","format":"standard","meta":{"footnotes":""},"categories":[5],"tags":[],"class_list":["post-29961","post","type-post","status-publish","format-standard","has-post-thumbnail","hentry","category-noticias"],"_links":{"self":[{"href":"http:\/\/caballitotequiero.com.ar\/portal\/wp-json\/wp\/v2\/posts\/29961","targetHints":{"allow":["GET"]}}],"collection":[{"href":"http:\/\/caballitotequiero.com.ar\/portal\/wp-json\/wp\/v2\/posts"}],"about":[{"href":"http:\/\/caballitotequiero.com.ar\/portal\/wp-json\/wp\/v2\/types\/post"}],"author":[{"embeddable":true,"href":"http:\/\/caballitotequiero.com.ar\/portal\/wp-json\/wp\/v2\/users\/1"}],"replies":[{"embeddable":true,"href":"http:\/\/caballitotequiero.com.ar\/portal\/wp-json\/wp\/v2\/comments?post=29961"}],"version-history":[{"count":1,"href":"http:\/\/caballitotequiero.com.ar\/portal\/wp-json\/wp\/v2\/posts\/29961\/revisions"}],"predecessor-version":[{"id":29966,"href":"http:\/\/caballitotequiero.com.ar\/portal\/wp-json\/wp\/v2\/posts\/29961\/revisions\/29966"}],"wp:featuredmedia":[{"embeddable":true,"href":"http:\/\/caballitotequiero.com.ar\/portal\/wp-json\/wp\/v2\/media\/29965"}],"wp:attachment":[{"href":"http:\/\/caballitotequiero.com.ar\/portal\/wp-json\/wp\/v2\/media?parent=29961"}],"wp:term":[{"taxonomy":"category","embeddable":true,"href":"http:\/\/caballitotequiero.com.ar\/portal\/wp-json\/wp\/v2\/categories?post=29961"},{"taxonomy":"post_tag","embeddable":true,"href":"http:\/\/caballitotequiero.com.ar\/portal\/wp-json\/wp\/v2\/tags?post=29961"}],"curies":[{"name":"wp","href":"https:\/\/api.w.org\/{rel}","templated":true}]}}