{"id":30048,"date":"2020-02-15T23:43:04","date_gmt":"2020-02-16T02:43:04","guid":{"rendered":"http:\/\/caballitotequiero.com.ar\/portal\/?p=30048"},"modified":"2020-02-17T01:03:44","modified_gmt":"2020-02-17T04:03:44","slug":"15-de-febrero-dia-de-caballito-misa-de-accion-de-gracias","status":"publish","type":"post","link":"http:\/\/caballitotequiero.com.ar\/portal\/2020\/02\/15\/15-de-febrero-dia-de-caballito-misa-de-accion-de-gracias\/","title":{"rendered":"15 de FEBRERO: D\u00cdA DE CABALLITO, MISA DE ACCI\u00d3N DE GRACIAS"},"content":{"rendered":"<p>\u00a1Por fin lleg\u00f3 el d\u00eda! Luego de una semana intensa, de muchas y variadas actividades dedicadas a festejar los 199 a\u00f1os del barrio, el s\u00e1bado 15 de febrero, comenz\u00f3 la jornada con la celebraci\u00f3n de una misa en la Parroquia Santa Julia, en acci\u00f3n de gracias por los 199 a\u00f1os del barrio de Caballito. La misa\u00a0fue oficiada por el Padre Ra\u00fal Perrupato y a pesar de la temprana hora, no fueron pocos los vecinos que se acercaron a compartir el evento.<\/p>\n<p>Al finalizar la celebraci\u00f3n se coloc\u00f3 junto a la imagen de la Patrona de Caballito, Nuestra Se\u00f1ora de la Misericordia, un ramo de flores. Recordemos que en el a\u00f1o 2002 se sancion\u00f3 la Ley 940 que establece esta figura. La imagen est\u00e1 desde 1938 en la Parroquia Santa Julia y el motivo por el cual se la declar\u00f3 Patrona de Caballito es porque a ella se le atribuye que protegi\u00f3 al barrio en 1871 cuando se produjo la terrible epidemia de la fiebre amarilla.<\/p>\n<div id=\"attachment_30049\" style=\"width: 710px\" class=\"wp-caption aligncenter\"><a href=\"http:\/\/caballitotequiero.com.ar\/portal\/wp-content\/uploads\/2020\/02\/1-3.jpg\" rel=\"attachment wp-att-30049\"><img loading=\"lazy\" decoding=\"async\" aria-describedby=\"caption-attachment-30049\" class=\"size-full wp-image-30049\" src=\"http:\/\/caballitotequiero.com.ar\/portal\/wp-content\/uploads\/2020\/02\/1-3.jpg\" alt=\"A las 8 de la ma\u00f1ana del s\u00e1bado 15 de febrero, se ofici\u00f3 la misa de acci\u00f3n de gracia por los 199 a\u00f1os de Caballito.\" width=\"700\" height=\"525\" srcset=\"http:\/\/caballitotequiero.com.ar\/portal\/wp-content\/uploads\/2020\/02\/1-3.jpg 700w, http:\/\/caballitotequiero.com.ar\/portal\/wp-content\/uploads\/2020\/02\/1-3-300x225.jpg 300w, http:\/\/caballitotequiero.com.ar\/portal\/wp-content\/uploads\/2020\/02\/1-3-450x338.jpg 450w\" sizes=\"auto, (max-width: 700px) 100vw, 700px\" \/><\/a><p id=\"caption-attachment-30049\" class=\"wp-caption-text\">A las 8 de la ma\u00f1ana del s\u00e1bado 15 de febrero, se ofici\u00f3 la misa de acci\u00f3n de gracia por los 199 a\u00f1os de Caballito.<\/p><\/div>\n<div id=\"attachment_30050\" style=\"width: 710px\" class=\"wp-caption aligncenter\"><a href=\"http:\/\/caballitotequiero.com.ar\/portal\/wp-content\/uploads\/2020\/02\/2-6.jpg\" rel=\"attachment wp-att-30050\"><img loading=\"lazy\" decoding=\"async\" aria-describedby=\"caption-attachment-30050\" class=\"size-full wp-image-30050\" src=\"http:\/\/caballitotequiero.com.ar\/portal\/wp-content\/uploads\/2020\/02\/2-6.jpg\" alt=\"La misa fue celebrada por el Padre Ra\u00fal Perrupato.\" width=\"700\" height=\"700\" srcset=\"http:\/\/caballitotequiero.com.ar\/portal\/wp-content\/uploads\/2020\/02\/2-6.jpg 700w, http:\/\/caballitotequiero.com.ar\/portal\/wp-content\/uploads\/2020\/02\/2-6-80x80.jpg 80w, http:\/\/caballitotequiero.com.ar\/portal\/wp-content\/uploads\/2020\/02\/2-6-300x300.jpg 300w, http:\/\/caballitotequiero.com.ar\/portal\/wp-content\/uploads\/2020\/02\/2-6-36x36.jpg 36w, http:\/\/caballitotequiero.com.ar\/portal\/wp-content\/uploads\/2020\/02\/2-6-180x180.jpg 180w, http:\/\/caballitotequiero.com.ar\/portal\/wp-content\/uploads\/2020\/02\/2-6-120x120.jpg 120w, http:\/\/caballitotequiero.com.ar\/portal\/wp-content\/uploads\/2020\/02\/2-6-450x450.jpg 450w\" sizes=\"auto, (max-width: 700px) 100vw, 700px\" \/><\/a><p id=\"caption-attachment-30050\" class=\"wp-caption-text\">La misa fue celebrada por el Padre Ra\u00fal Perrupato.<\/p><\/div>\n<div id=\"attachment_30051\" style=\"width: 710px\" class=\"wp-caption aligncenter\"><a href=\"http:\/\/caballitotequiero.com.ar\/portal\/wp-content\/uploads\/2020\/02\/3-4.jpg\" rel=\"attachment wp-att-30051\"><img loading=\"lazy\" decoding=\"async\" aria-describedby=\"caption-attachment-30051\" class=\"size-full wp-image-30051\" src=\"http:\/\/caballitotequiero.com.ar\/portal\/wp-content\/uploads\/2020\/02\/3-4.jpg\" alt=\"Al finalizar la celebraci\u00f3n se coloc\u00f3 un ramo de flores junto a la Patrona de Caballito, Nuestra Se\u00f1ora de la Misericordia.\" width=\"700\" height=\"700\" srcset=\"http:\/\/caballitotequiero.com.ar\/portal\/wp-content\/uploads\/2020\/02\/3-4.jpg 700w, http:\/\/caballitotequiero.com.ar\/portal\/wp-content\/uploads\/2020\/02\/3-4-80x80.jpg 80w, http:\/\/caballitotequiero.com.ar\/portal\/wp-content\/uploads\/2020\/02\/3-4-300x300.jpg 300w, http:\/\/caballitotequiero.com.ar\/portal\/wp-content\/uploads\/2020\/02\/3-4-36x36.jpg 36w, http:\/\/caballitotequiero.com.ar\/portal\/wp-content\/uploads\/2020\/02\/3-4-180x180.jpg 180w, http:\/\/caballitotequiero.com.ar\/portal\/wp-content\/uploads\/2020\/02\/3-4-120x120.jpg 120w, http:\/\/caballitotequiero.com.ar\/portal\/wp-content\/uploads\/2020\/02\/3-4-450x450.jpg 450w\" sizes=\"auto, (max-width: 700px) 100vw, 700px\" \/><\/a><p id=\"caption-attachment-30051\" class=\"wp-caption-text\">Al finalizar la celebraci\u00f3n se coloc\u00f3 un ramo de flores junto a la Patrona de Caballito, Nuestra Se\u00f1ora de la Misericordia.<\/p><\/div>\n","protected":false},"excerpt":{"rendered":"<p>\u00a1Por fin lleg\u00f3 el d\u00eda! Luego de una semana intensa, de muchas y variadas actividades dedicadas a festejar los 199 a\u00f1os del barrio, el s\u00e1bado 15 de febrero, comenz\u00f3 la jornada con la celebraci\u00f3n de una misa en la Parroquia Santa Julia, en acci\u00f3n de gracias por los 199 a\u00f1os del barrio de Caballito. La [&hellip;]<\/p>\n","protected":false},"author":1,"featured_media":30052,"comment_status":"open","ping_status":"open","sticky":false,"template":"","format":"standard","meta":{"footnotes":""},"categories":[5],"tags":[],"class_list":["post-30048","post","type-post","status-publish","format-standard","has-post-thumbnail","hentry","category-noticias"],"_links":{"self":[{"href":"http:\/\/caballitotequiero.com.ar\/portal\/wp-json\/wp\/v2\/posts\/30048","targetHints":{"allow":["GET"]}}],"collection":[{"href":"http:\/\/caballitotequiero.com.ar\/portal\/wp-json\/wp\/v2\/posts"}],"about":[{"href":"http:\/\/caballitotequiero.com.ar\/portal\/wp-json\/wp\/v2\/types\/post"}],"author":[{"embeddable":true,"href":"http:\/\/caballitotequiero.com.ar\/portal\/wp-json\/wp\/v2\/users\/1"}],"replies":[{"embeddable":true,"href":"http:\/\/caballitotequiero.com.ar\/portal\/wp-json\/wp\/v2\/comments?post=30048"}],"version-history":[{"count":1,"href":"http:\/\/caballitotequiero.com.ar\/portal\/wp-json\/wp\/v2\/posts\/30048\/revisions"}],"predecessor-version":[{"id":30053,"href":"http:\/\/caballitotequiero.com.ar\/portal\/wp-json\/wp\/v2\/posts\/30048\/revisions\/30053"}],"wp:featuredmedia":[{"embeddable":true,"href":"http:\/\/caballitotequiero.com.ar\/portal\/wp-json\/wp\/v2\/media\/30052"}],"wp:attachment":[{"href":"http:\/\/caballitotequiero.com.ar\/portal\/wp-json\/wp\/v2\/media?parent=30048"}],"wp:term":[{"taxonomy":"category","embeddable":true,"href":"http:\/\/caballitotequiero.com.ar\/portal\/wp-json\/wp\/v2\/categories?post=30048"},{"taxonomy":"post_tag","embeddable":true,"href":"http:\/\/caballitotequiero.com.ar\/portal\/wp-json\/wp\/v2\/tags?post=30048"}],"curies":[{"name":"wp","href":"https:\/\/api.w.org\/{rel}","templated":true}]}}