{"id":30060,"date":"2020-02-16T01:10:09","date_gmt":"2020-02-16T04:10:09","guid":{"rendered":"http:\/\/caballitotequiero.com.ar\/portal\/?p=30060"},"modified":"2020-02-17T01:20:50","modified_gmt":"2020-02-17T04:20:50","slug":"el-area-gestion-vecinal-de-la-comuna-6-agasajo-y-distinguio-a-vecinos-en-el-dia-de-caballito","status":"publish","type":"post","link":"http:\/\/caballitotequiero.com.ar\/portal\/2020\/02\/16\/el-area-gestion-vecinal-de-la-comuna-6-agasajo-y-distinguio-a-vecinos-en-el-dia-de-caballito\/","title":{"rendered":"EL \u00c1REA \u201cGESTI\u00d3N VECINAL\u201d DE LA COMUNA 6 AGASAJ\u00d3 Y DISTINGUI\u00d3 A VECINOS EN EL D\u00cdA DE CABALLITO"},"content":{"rendered":"<p>El D\u00eda de Caballito, 15 de febrero, con una cena ofrecida en el gimnasio de la planta baja del Club Ferro Carril Oeste, el \u00c1rea de Gesti\u00f3n Vecinal de la Comuna 6 celebr\u00f3 junto a vecinos y representantes de diferentes instituciones de Caballito, los 199 a\u00f1os del barrio.<\/p>\n<p>El evento fue convocado por el comunero Osvaldo Balossi, quien entreg\u00f3 diplomas de reconocimientos a quienes se destacaron por su compromiso en la construcci\u00f3n y defensa de la identidad e historia del barrio de Caballito.<\/p>\n<p>Entre muchos otros, recibi\u00f3 este reconocimiento Marina Bussio, directora de la Revista Horizonte, junto a la Asociaci\u00f3n Amigos del Tranv\u00eda; Arnaldo Goenaga, director del Peri\u00f3dico ABC y de la Biblioteca Popular Gral. Alvear; Felipe \u201cToto\u201d Evangelista; el Club Oeste, Club Premier, Caballito por la Memoria, Libreros del Parque Rivadavia, Centro de Jubilados de Plaza Irlanda, entre otros.<\/p>\n<p>Sobre el cierre de la celebraci\u00f3n, Balossi agradeci\u00f3 y felicit\u00f3 a todos los homenajeados, a la vez que convoc\u00f3 a trabajar para la celebraci\u00f3n de los 200 a\u00f1os del barrio de Caballito.<\/p>\n<div id=\"attachment_30061\" style=\"width: 710px\" class=\"wp-caption aligncenter\"><a href=\"http:\/\/caballitotequiero.com.ar\/portal\/wp-content\/uploads\/2020\/02\/1-5.jpg\" rel=\"attachment wp-att-30061\"><img loading=\"lazy\" decoding=\"async\" aria-describedby=\"caption-attachment-30061\" class=\"size-full wp-image-30061\" src=\"http:\/\/caballitotequiero.com.ar\/portal\/wp-content\/uploads\/2020\/02\/1-5.jpg\" alt=\"El gimnasio del Club FCO fue el escenario de la cena de los 199 a\u00f1os.\" width=\"700\" height=\"525\" srcset=\"http:\/\/caballitotequiero.com.ar\/portal\/wp-content\/uploads\/2020\/02\/1-5.jpg 700w, http:\/\/caballitotequiero.com.ar\/portal\/wp-content\/uploads\/2020\/02\/1-5-300x225.jpg 300w, http:\/\/caballitotequiero.com.ar\/portal\/wp-content\/uploads\/2020\/02\/1-5-450x338.jpg 450w\" sizes=\"auto, (max-width: 700px) 100vw, 700px\" \/><\/a><p id=\"caption-attachment-30061\" class=\"wp-caption-text\">El gimnasio del Club FCO fue el escenario de la cena de los 199 a\u00f1os.<\/p><\/div>\n<div id=\"attachment_30062\" style=\"width: 710px\" class=\"wp-caption aligncenter\"><a href=\"http:\/\/caballitotequiero.com.ar\/portal\/wp-content\/uploads\/2020\/02\/3-6.jpg\" rel=\"attachment wp-att-30062\"><img loading=\"lazy\" decoding=\"async\" aria-describedby=\"caption-attachment-30062\" class=\"size-full wp-image-30062\" src=\"http:\/\/caballitotequiero.com.ar\/portal\/wp-content\/uploads\/2020\/02\/3-6.jpg\" alt=\"El comunero Osvaldo Balossi entrega el diploma a Felipe Evangelista.\" width=\"700\" height=\"525\" srcset=\"http:\/\/caballitotequiero.com.ar\/portal\/wp-content\/uploads\/2020\/02\/3-6.jpg 700w, http:\/\/caballitotequiero.com.ar\/portal\/wp-content\/uploads\/2020\/02\/3-6-300x225.jpg 300w, http:\/\/caballitotequiero.com.ar\/portal\/wp-content\/uploads\/2020\/02\/3-6-450x338.jpg 450w\" sizes=\"auto, (max-width: 700px) 100vw, 700px\" \/><\/a><p id=\"caption-attachment-30062\" class=\"wp-caption-text\">El comunero Osvaldo Balossi entrega el diploma a Felipe Evangelista.<\/p><\/div>\n<div id=\"attachment_30063\" style=\"width: 710px\" class=\"wp-caption aligncenter\"><a href=\"http:\/\/caballitotequiero.com.ar\/portal\/wp-content\/uploads\/2020\/02\/4-6.jpg\" rel=\"attachment wp-att-30063\"><img loading=\"lazy\" decoding=\"async\" aria-describedby=\"caption-attachment-30063\" class=\"size-full wp-image-30063\" src=\"http:\/\/caballitotequiero.com.ar\/portal\/wp-content\/uploads\/2020\/02\/4-6.jpg\" alt=\"Reciben su distinci\u00f3n integrantes de la Asociaci\u00f3n Amigos del Tranv\u00eda.\" width=\"700\" height=\"525\" srcset=\"http:\/\/caballitotequiero.com.ar\/portal\/wp-content\/uploads\/2020\/02\/4-6.jpg 700w, http:\/\/caballitotequiero.com.ar\/portal\/wp-content\/uploads\/2020\/02\/4-6-300x225.jpg 300w, http:\/\/caballitotequiero.com.ar\/portal\/wp-content\/uploads\/2020\/02\/4-6-450x338.jpg 450w\" sizes=\"auto, (max-width: 700px) 100vw, 700px\" \/><\/a><p id=\"caption-attachment-30063\" class=\"wp-caption-text\">Reciben su distinci\u00f3n integrantes de la Asociaci\u00f3n Amigos del Tranv\u00eda.<\/p><\/div>\n<div id=\"attachment_30064\" style=\"width: 710px\" class=\"wp-caption aligncenter\"><a href=\"http:\/\/caballitotequiero.com.ar\/portal\/wp-content\/uploads\/2020\/02\/5-5.jpg\" rel=\"attachment wp-att-30064\"><img loading=\"lazy\" decoding=\"async\" aria-describedby=\"caption-attachment-30064\" class=\"size-full wp-image-30064\" src=\"http:\/\/caballitotequiero.com.ar\/portal\/wp-content\/uploads\/2020\/02\/5-5.jpg\" alt=\"Arnaldo Goenaga, director de ABC junto a Osvaldo Balossi.\" width=\"700\" height=\"568\" srcset=\"http:\/\/caballitotequiero.com.ar\/portal\/wp-content\/uploads\/2020\/02\/5-5.jpg 700w, http:\/\/caballitotequiero.com.ar\/portal\/wp-content\/uploads\/2020\/02\/5-5-300x243.jpg 300w, http:\/\/caballitotequiero.com.ar\/portal\/wp-content\/uploads\/2020\/02\/5-5-450x365.jpg 450w\" sizes=\"auto, (max-width: 700px) 100vw, 700px\" \/><\/a><p id=\"caption-attachment-30064\" class=\"wp-caption-text\">Arnaldo Goenaga, director de ABC junto a Osvaldo Balossi.<\/p><\/div>\n<div id=\"attachment_30065\" style=\"width: 710px\" class=\"wp-caption aligncenter\"><a href=\"http:\/\/caballitotequiero.com.ar\/portal\/wp-content\/uploads\/2020\/02\/6-5.jpg\" rel=\"attachment wp-att-30065\"><img loading=\"lazy\" decoding=\"async\" aria-describedby=\"caption-attachment-30065\" class=\"size-full wp-image-30065\" src=\"http:\/\/caballitotequiero.com.ar\/portal\/wp-content\/uploads\/2020\/02\/6-5.jpg\" alt=\"Marina Bussio, directora de la Revista Horizonte con su diploma .\" width=\"700\" height=\"546\" srcset=\"http:\/\/caballitotequiero.com.ar\/portal\/wp-content\/uploads\/2020\/02\/6-5.jpg 700w, http:\/\/caballitotequiero.com.ar\/portal\/wp-content\/uploads\/2020\/02\/6-5-300x234.jpg 300w, http:\/\/caballitotequiero.com.ar\/portal\/wp-content\/uploads\/2020\/02\/6-5-450x351.jpg 450w\" sizes=\"auto, (max-width: 700px) 100vw, 700px\" \/><\/a><p id=\"caption-attachment-30065\" class=\"wp-caption-text\">Marina Bussio, directora de la Revista Horizonte con su diploma .<\/p><\/div>\n<div id=\"attachment_30066\" style=\"width: 710px\" class=\"wp-caption aligncenter\"><a href=\"http:\/\/caballitotequiero.com.ar\/portal\/wp-content\/uploads\/2020\/02\/7-2.jpg\" rel=\"attachment wp-att-30066\"><img loading=\"lazy\" decoding=\"async\" aria-describedby=\"caption-attachment-30066\" class=\"size-full wp-image-30066\" src=\"http:\/\/caballitotequiero.com.ar\/portal\/wp-content\/uploads\/2020\/02\/7-2.jpg\" alt=\"El comunero Osvaldo Balossi invit\u00f3 a los vecinos a sumarse a trabajar en los festejos  de los 200 a\u00f1os.\" width=\"700\" height=\"525\" srcset=\"http:\/\/caballitotequiero.com.ar\/portal\/wp-content\/uploads\/2020\/02\/7-2.jpg 700w, http:\/\/caballitotequiero.com.ar\/portal\/wp-content\/uploads\/2020\/02\/7-2-300x225.jpg 300w, http:\/\/caballitotequiero.com.ar\/portal\/wp-content\/uploads\/2020\/02\/7-2-450x338.jpg 450w\" sizes=\"auto, (max-width: 700px) 100vw, 700px\" \/><\/a><p id=\"caption-attachment-30066\" class=\"wp-caption-text\">El comunero Osvaldo Balossi invit\u00f3 a los vecinos a sumarse a trabajar en los festejos de los 200 a\u00f1os.<\/p><\/div>\n<p>&nbsp;<\/p>\n","protected":false},"excerpt":{"rendered":"<p>El D\u00eda de Caballito, 15 de febrero, con una cena ofrecida en el gimnasio de la planta baja del Club Ferro Carril Oeste, el \u00c1rea de Gesti\u00f3n Vecinal de la Comuna 6 celebr\u00f3 junto a vecinos y representantes de diferentes instituciones de Caballito, los 199 a\u00f1os del barrio. El evento fue convocado por el comunero [&hellip;]<\/p>\n","protected":false},"author":1,"featured_media":30061,"comment_status":"open","ping_status":"open","sticky":false,"template":"","format":"standard","meta":{"footnotes":""},"categories":[5],"tags":[],"class_list":["post-30060","post","type-post","status-publish","format-standard","has-post-thumbnail","hentry","category-noticias"],"_links":{"self":[{"href":"http:\/\/caballitotequiero.com.ar\/portal\/wp-json\/wp\/v2\/posts\/30060","targetHints":{"allow":["GET"]}}],"collection":[{"href":"http:\/\/caballitotequiero.com.ar\/portal\/wp-json\/wp\/v2\/posts"}],"about":[{"href":"http:\/\/caballitotequiero.com.ar\/portal\/wp-json\/wp\/v2\/types\/post"}],"author":[{"embeddable":true,"href":"http:\/\/caballitotequiero.com.ar\/portal\/wp-json\/wp\/v2\/users\/1"}],"replies":[{"embeddable":true,"href":"http:\/\/caballitotequiero.com.ar\/portal\/wp-json\/wp\/v2\/comments?post=30060"}],"version-history":[{"count":1,"href":"http:\/\/caballitotequiero.com.ar\/portal\/wp-json\/wp\/v2\/posts\/30060\/revisions"}],"predecessor-version":[{"id":30067,"href":"http:\/\/caballitotequiero.com.ar\/portal\/wp-json\/wp\/v2\/posts\/30060\/revisions\/30067"}],"wp:featuredmedia":[{"embeddable":true,"href":"http:\/\/caballitotequiero.com.ar\/portal\/wp-json\/wp\/v2\/media\/30061"}],"wp:attachment":[{"href":"http:\/\/caballitotequiero.com.ar\/portal\/wp-json\/wp\/v2\/media?parent=30060"}],"wp:term":[{"taxonomy":"category","embeddable":true,"href":"http:\/\/caballitotequiero.com.ar\/portal\/wp-json\/wp\/v2\/categories?post=30060"},{"taxonomy":"post_tag","embeddable":true,"href":"http:\/\/caballitotequiero.com.ar\/portal\/wp-json\/wp\/v2\/tags?post=30060"}],"curies":[{"name":"wp","href":"https:\/\/api.w.org\/{rel}","templated":true}]}}