{"id":30215,"date":"2020-03-09T08:43:02","date_gmt":"2020-03-09T11:43:02","guid":{"rendered":"http:\/\/caballitotequiero.com.ar\/portal\/?p=30215"},"modified":"2020-03-13T08:58:11","modified_gmt":"2020-03-13T11:58:11","slug":"el-dia-de-la-mujer-en-caballito-2","status":"publish","type":"post","link":"http:\/\/caballitotequiero.com.ar\/portal\/2020\/03\/09\/el-dia-de-la-mujer-en-caballito-2\/","title":{"rendered":"EL D\u00cdA DE LA MUJER EN CABALLITO"},"content":{"rendered":"<p>El domingo 8 de marzo, D\u00eda Internacional de la Mujer, tuvo lugar un evento en el que participaron vecinas del barrio de Caballito junto a integrantes de diferentes espacios y asociaciones.\u00a0 El encuentro se realiz\u00f3 en el Caf\u00e9 Notable \u201cEl Viejo Buz\u00f3n\u201d y fue convocado por los medios barriales: Revista Horizonte y Peri\u00f3dico ABC junto a la Asociaci\u00f3n \u201cLa Cofrad\u00eda de Caballito\u201d.<\/p>\n<p>Durante el evento Sandra Ag\u00fcero, especialista en tema de G\u00e9nero, hizo uso de la palabra y se refiri\u00f3 a esta fecha y su importancia en estos tiempos. Por su parte, M\u00f3nica Groba fue invitada a dejar su mensaje (ver\u2026.) recibiendo el caluroso aplauso de la concurrencia.<\/p>\n<p>Sobre el final de la reuni\u00f3n, fue invitada Leticia D\u00edaz, vecina de Caballito, luciendo sus j\u00f3venes 100 a\u00f1os, a recibir un Diploma de Reconocimiento por un siglo de vida aportando amor y sabidur\u00eda a su gente y al barrio.<\/p>\n<p>Fue una tarde compartida con charlas, fotos, caf\u00e9 y un excelente esp\u00edritu de camarader\u00eda. Un homenaje a las mujeres de Caballito.<\/p>\n<p>&nbsp;<\/p>\n<p>Recordemos que el 8 de marzo se conmemora el tr\u00e1gico hecho sucedido en 1908 en Nueva York, en el que murieron 129 mujeres trabajadoras. Es por eso que se estableci\u00f3 el 8 de marzo de cada a\u00f1o para conmemorar el D\u00eda Internacional de la Mujer. La fecha es marco tambi\u00e9n para hacer visible la problem\u00e1tica actual, la lucha por la igualdad, el reconocimiento y ejercicio efectivo de sus derechos.<\/p>\n<p>Pero tambi\u00e9n celebramos Ser Mujer, celebramos los logros obtenidos, los avances conseguidos. En Caballito hay mujeres que pusieron y ponen el cuerpo y luchan por espacios p\u00fablicos; hay mujeres que est\u00e1n al frente, con una excelente gesti\u00f3n, en los Centros Culturales del barrio;\u00a0 hay mujeres que representan a los vecinos con cargos en la Comuna; mujeres dirigiendo Hospitales y Escuelas P\u00fablicas; mujeres creadoras de ONGs dedicadas a diferentes tem\u00e1ticas; tambi\u00e9n hay una mujer dirigiendo la publicaci\u00f3n barrial de Caballito desde hace 26 a\u00f1os; mujeres creadoras, emprendedoras, activas y que trascienden.<\/p>\n<p>Por todo esto, el domingo 8 de marzo, mujeres de Caballito se reunieron para conmemorar y celebrar el D\u00eda de la Mujer.<\/p>\n<div id=\"attachment_30216\" style=\"width: 710px\" class=\"wp-caption aligncenter\"><a href=\"http:\/\/caballitotequiero.com.ar\/portal\/wp-content\/uploads\/2020\/03\/2-1.jpg\" rel=\"attachment wp-att-30216\"><img loading=\"lazy\" decoding=\"async\" aria-describedby=\"caption-attachment-30216\" class=\"size-full wp-image-30216\" src=\"http:\/\/caballitotequiero.com.ar\/portal\/wp-content\/uploads\/2020\/03\/2-1.jpg\" alt=\"No falt\u00f3 la torta en la ceebraci\u00f3n.\" width=\"700\" height=\"525\" srcset=\"http:\/\/caballitotequiero.com.ar\/portal\/wp-content\/uploads\/2020\/03\/2-1.jpg 700w, http:\/\/caballitotequiero.com.ar\/portal\/wp-content\/uploads\/2020\/03\/2-1-300x225.jpg 300w, http:\/\/caballitotequiero.com.ar\/portal\/wp-content\/uploads\/2020\/03\/2-1-450x338.jpg 450w\" sizes=\"auto, (max-width: 700px) 100vw, 700px\" \/><\/a><p id=\"caption-attachment-30216\" class=\"wp-caption-text\">No falt\u00f3 la torta en la celebraci\u00f3n.<\/p><\/div>\n<div id=\"attachment_30217\" style=\"width: 710px\" class=\"wp-caption aligncenter\"><a href=\"http:\/\/caballitotequiero.com.ar\/portal\/wp-content\/uploads\/2020\/03\/3-b.jpg\" rel=\"attachment wp-att-30217\"><img loading=\"lazy\" decoding=\"async\" aria-describedby=\"caption-attachment-30217\" class=\"size-full wp-image-30217\" src=\"http:\/\/caballitotequiero.com.ar\/portal\/wp-content\/uploads\/2020\/03\/3-b.jpg\" alt=\"Marina Bussio, directora de la Revista Horizonte convoc\u00f3 a celebrar esta fecha, como hace m\u00e1s de diez a\u00f1os.\" width=\"700\" height=\"513\" srcset=\"http:\/\/caballitotequiero.com.ar\/portal\/wp-content\/uploads\/2020\/03\/3-b.jpg 700w, http:\/\/caballitotequiero.com.ar\/portal\/wp-content\/uploads\/2020\/03\/3-b-300x220.jpg 300w, http:\/\/caballitotequiero.com.ar\/portal\/wp-content\/uploads\/2020\/03\/3-b-450x330.jpg 450w\" sizes=\"auto, (max-width: 700px) 100vw, 700px\" \/><\/a><p id=\"caption-attachment-30217\" class=\"wp-caption-text\">Marina Bussio, directora de la Revista Horizonte convoc\u00f3 a celebrar esta fecha, como hace m\u00e1s de diez a\u00f1os.<\/p><\/div>\n<div id=\"attachment_30218\" style=\"width: 710px\" class=\"wp-caption aligncenter\"><a href=\"http:\/\/caballitotequiero.com.ar\/portal\/wp-content\/uploads\/2020\/03\/3-2.jpg\" rel=\"attachment wp-att-30218\"><img loading=\"lazy\" decoding=\"async\" aria-describedby=\"caption-attachment-30218\" class=\"size-full wp-image-30218\" src=\"http:\/\/caballitotequiero.com.ar\/portal\/wp-content\/uploads\/2020\/03\/3-2.jpg\" alt=\"Sandra Ag\u00fcero, especialista en temas de G\u00e9nero, con un mensaje en este d\u00eda.\" width=\"700\" height=\"525\" srcset=\"http:\/\/caballitotequiero.com.ar\/portal\/wp-content\/uploads\/2020\/03\/3-2.jpg 700w, http:\/\/caballitotequiero.com.ar\/portal\/wp-content\/uploads\/2020\/03\/3-2-300x225.jpg 300w, http:\/\/caballitotequiero.com.ar\/portal\/wp-content\/uploads\/2020\/03\/3-2-450x338.jpg 450w\" sizes=\"auto, (max-width: 700px) 100vw, 700px\" \/><\/a><p id=\"caption-attachment-30218\" class=\"wp-caption-text\">Sandra Ag\u00fcero, especialista en temas de G\u00e9nero, con un mensaje en este d\u00eda.<\/p><\/div>\n<div id=\"attachment_30219\" style=\"width: 710px\" class=\"wp-caption aligncenter\"><a href=\"http:\/\/caballitotequiero.com.ar\/portal\/wp-content\/uploads\/2020\/03\/4-1.jpg\" rel=\"attachment wp-att-30219\"><img loading=\"lazy\" decoding=\"async\" aria-describedby=\"caption-attachment-30219\" class=\"size-full wp-image-30219\" src=\"http:\/\/caballitotequiero.com.ar\/portal\/wp-content\/uploads\/2020\/03\/4-1.jpg\" alt=\"M\u00f3nica Groba, se refiri\u00f3 a la Mujer en la sociedad hoy.\" width=\"700\" height=\"525\" srcset=\"http:\/\/caballitotequiero.com.ar\/portal\/wp-content\/uploads\/2020\/03\/4-1.jpg 700w, http:\/\/caballitotequiero.com.ar\/portal\/wp-content\/uploads\/2020\/03\/4-1-300x225.jpg 300w, http:\/\/caballitotequiero.com.ar\/portal\/wp-content\/uploads\/2020\/03\/4-1-450x338.jpg 450w\" sizes=\"auto, (max-width: 700px) 100vw, 700px\" \/><\/a><p id=\"caption-attachment-30219\" class=\"wp-caption-text\">M\u00f3nica Groba, se refiri\u00f3 a la Mujer en la sociedad hoy.<\/p><\/div>\n<p><a href=\"http:\/\/caballitotequiero.com.ar\/portal\/wp-content\/uploads\/2020\/03\/5-1.jpg\" rel=\"attachment wp-att-30220\"><img loading=\"lazy\" decoding=\"async\" class=\"aligncenter size-full wp-image-30220\" src=\"http:\/\/caballitotequiero.com.ar\/portal\/wp-content\/uploads\/2020\/03\/5-1.jpg\" alt=\"\" width=\"700\" height=\"700\" srcset=\"http:\/\/caballitotequiero.com.ar\/portal\/wp-content\/uploads\/2020\/03\/5-1.jpg 700w, http:\/\/caballitotequiero.com.ar\/portal\/wp-content\/uploads\/2020\/03\/5-1-80x80.jpg 80w, http:\/\/caballitotequiero.com.ar\/portal\/wp-content\/uploads\/2020\/03\/5-1-300x300.jpg 300w, http:\/\/caballitotequiero.com.ar\/portal\/wp-content\/uploads\/2020\/03\/5-1-36x36.jpg 36w, http:\/\/caballitotequiero.com.ar\/portal\/wp-content\/uploads\/2020\/03\/5-1-180x180.jpg 180w, http:\/\/caballitotequiero.com.ar\/portal\/wp-content\/uploads\/2020\/03\/5-1-120x120.jpg 120w, http:\/\/caballitotequiero.com.ar\/portal\/wp-content\/uploads\/2020\/03\/5-1-450x450.jpg 450w\" sizes=\"auto, (max-width: 700px) 100vw, 700px\" \/><\/a><\/p>\n<div id=\"attachment_30222\" style=\"width: 710px\" class=\"wp-caption aligncenter\"><a href=\"http:\/\/caballitotequiero.com.ar\/portal\/wp-content\/uploads\/2020\/03\/8-1.jpg\" rel=\"attachment wp-att-30222\"><img loading=\"lazy\" decoding=\"async\" aria-describedby=\"caption-attachment-30222\" class=\"size-full wp-image-30222\" src=\"http:\/\/caballitotequiero.com.ar\/portal\/wp-content\/uploads\/2020\/03\/8-1.jpg\" alt=\"Leticia y Olga,centenarias vecinas que fueron homenajeadas.\" width=\"700\" height=\"511\" srcset=\"http:\/\/caballitotequiero.com.ar\/portal\/wp-content\/uploads\/2020\/03\/8-1.jpg 700w, http:\/\/caballitotequiero.com.ar\/portal\/wp-content\/uploads\/2020\/03\/8-1-300x219.jpg 300w, http:\/\/caballitotequiero.com.ar\/portal\/wp-content\/uploads\/2020\/03\/8-1-450x329.jpg 450w\" sizes=\"auto, (max-width: 700px) 100vw, 700px\" \/><\/a><p id=\"caption-attachment-30222\" class=\"wp-caption-text\">Leticia y Olga,centenarias vecinas que fueron homenajeadas.<\/p><\/div>\n<p><a href=\"http:\/\/caballitotequiero.com.ar\/portal\/wp-content\/uploads\/2020\/03\/9-2.jpg\" rel=\"attachment wp-att-30223\"><img loading=\"lazy\" decoding=\"async\" class=\"aligncenter size-full wp-image-30223\" src=\"http:\/\/caballitotequiero.com.ar\/portal\/wp-content\/uploads\/2020\/03\/9-2.jpg\" alt=\"Leticia D\u00edaz recibe su diploma de reconocimiento a sus 100 a\u00f1os dedicados a brindar amor al barrio y a su familia.\" width=\"700\" height=\"525\" srcset=\"http:\/\/caballitotequiero.com.ar\/portal\/wp-content\/uploads\/2020\/03\/9-2.jpg 700w, http:\/\/caballitotequiero.com.ar\/portal\/wp-content\/uploads\/2020\/03\/9-2-300x225.jpg 300w, http:\/\/caballitotequiero.com.ar\/portal\/wp-content\/uploads\/2020\/03\/9-2-450x338.jpg 450w\" sizes=\"auto, (max-width: 700px) 100vw, 700px\" \/><\/a><\/p>\n<div id=\"attachment_30224\" style=\"width: 710px\" class=\"wp-caption aligncenter\"><a href=\"http:\/\/caballitotequiero.com.ar\/portal\/wp-content\/uploads\/2020\/03\/10-1.jpg\" rel=\"attachment wp-att-30224\"><img loading=\"lazy\" decoding=\"async\" aria-describedby=\"caption-attachment-30224\" class=\"size-full wp-image-30224\" src=\"http:\/\/caballitotequiero.com.ar\/portal\/wp-content\/uploads\/2020\/03\/10-1.jpg\" alt=\"Mujeres de la Cofrad\u00eda de Caballito\" width=\"700\" height=\"525\" srcset=\"http:\/\/caballitotequiero.com.ar\/portal\/wp-content\/uploads\/2020\/03\/10-1.jpg 700w, http:\/\/caballitotequiero.com.ar\/portal\/wp-content\/uploads\/2020\/03\/10-1-300x225.jpg 300w, http:\/\/caballitotequiero.com.ar\/portal\/wp-content\/uploads\/2020\/03\/10-1-450x338.jpg 450w\" sizes=\"auto, (max-width: 700px) 100vw, 700px\" \/><\/a><p id=\"caption-attachment-30224\" class=\"wp-caption-text\">Mujeres de la Cofrad\u00eda de Caballito<\/p><\/div>\n<div id=\"attachment_30225\" style=\"width: 710px\" class=\"wp-caption aligncenter\"><a href=\"http:\/\/caballitotequiero.com.ar\/portal\/wp-content\/uploads\/2020\/03\/11-2.jpg\" rel=\"attachment wp-att-30225\"><img loading=\"lazy\" decoding=\"async\" aria-describedby=\"caption-attachment-30225\" class=\"size-full wp-image-30225\" src=\"http:\/\/caballitotequiero.com.ar\/portal\/wp-content\/uploads\/2020\/03\/11-2.jpg\" alt=\"Leticia con sus hijas\" width=\"700\" height=\"525\" srcset=\"http:\/\/caballitotequiero.com.ar\/portal\/wp-content\/uploads\/2020\/03\/11-2.jpg 700w, http:\/\/caballitotequiero.com.ar\/portal\/wp-content\/uploads\/2020\/03\/11-2-300x225.jpg 300w, http:\/\/caballitotequiero.com.ar\/portal\/wp-content\/uploads\/2020\/03\/11-2-450x338.jpg 450w\" sizes=\"auto, (max-width: 700px) 100vw, 700px\" \/><\/a><p id=\"caption-attachment-30225\" class=\"wp-caption-text\">Leticia con sus hijas<\/p><\/div>\n<div id=\"attachment_30226\" style=\"width: 710px\" class=\"wp-caption aligncenter\"><a href=\"http:\/\/caballitotequiero.com.ar\/portal\/wp-content\/uploads\/2020\/03\/12-1.jpg\" rel=\"attachment wp-att-30226\"><img loading=\"lazy\" decoding=\"async\" aria-describedby=\"caption-attachment-30226\" class=\"size-full wp-image-30226\" src=\"http:\/\/caballitotequiero.com.ar\/portal\/wp-content\/uploads\/2020\/03\/12-1.jpg\" alt=\"Mujeres del grupo de Casco Hist\u00f3rico.\" width=\"700\" height=\"525\" srcset=\"http:\/\/caballitotequiero.com.ar\/portal\/wp-content\/uploads\/2020\/03\/12-1.jpg 700w, http:\/\/caballitotequiero.com.ar\/portal\/wp-content\/uploads\/2020\/03\/12-1-300x225.jpg 300w, http:\/\/caballitotequiero.com.ar\/portal\/wp-content\/uploads\/2020\/03\/12-1-450x338.jpg 450w\" sizes=\"auto, (max-width: 700px) 100vw, 700px\" \/><\/a><p id=\"caption-attachment-30226\" class=\"wp-caption-text\">Mujeres del grupo de Casco Hist\u00f3rico.<\/p><\/div>\n<p><a href=\"http:\/\/caballitotequiero.com.ar\/portal\/wp-content\/uploads\/2020\/03\/13-1.jpg\" rel=\"attachment wp-att-30227\"><img loading=\"lazy\" decoding=\"async\" class=\"aligncenter size-full wp-image-30227\" src=\"http:\/\/caballitotequiero.com.ar\/portal\/wp-content\/uploads\/2020\/03\/13-1.jpg\" alt=\"\" width=\"700\" height=\"525\" srcset=\"http:\/\/caballitotequiero.com.ar\/portal\/wp-content\/uploads\/2020\/03\/13-1.jpg 700w, http:\/\/caballitotequiero.com.ar\/portal\/wp-content\/uploads\/2020\/03\/13-1-300x225.jpg 300w, http:\/\/caballitotequiero.com.ar\/portal\/wp-content\/uploads\/2020\/03\/13-1-450x338.jpg 450w\" sizes=\"auto, (max-width: 700px) 100vw, 700px\" \/><\/a> <a href=\"http:\/\/caballitotequiero.com.ar\/portal\/wp-content\/uploads\/2020\/03\/14-1.jpg\" rel=\"attachment wp-att-30228\"><img loading=\"lazy\" decoding=\"async\" class=\"aligncenter size-full wp-image-30228\" src=\"http:\/\/caballitotequiero.com.ar\/portal\/wp-content\/uploads\/2020\/03\/14-1.jpg\" alt=\"\" width=\"700\" height=\"525\" srcset=\"http:\/\/caballitotequiero.com.ar\/portal\/wp-content\/uploads\/2020\/03\/14-1.jpg 700w, http:\/\/caballitotequiero.com.ar\/portal\/wp-content\/uploads\/2020\/03\/14-1-300x225.jpg 300w, http:\/\/caballitotequiero.com.ar\/portal\/wp-content\/uploads\/2020\/03\/14-1-450x338.jpg 450w\" sizes=\"auto, (max-width: 700px) 100vw, 700px\" \/><\/a> <a href=\"http:\/\/caballitotequiero.com.ar\/portal\/wp-content\/uploads\/2020\/03\/15.jpg\" rel=\"attachment wp-att-30229\"><img loading=\"lazy\" decoding=\"async\" class=\"aligncenter size-full wp-image-30229\" src=\"http:\/\/caballitotequiero.com.ar\/portal\/wp-content\/uploads\/2020\/03\/15.jpg\" alt=\"15\" width=\"700\" height=\"525\" srcset=\"http:\/\/caballitotequiero.com.ar\/portal\/wp-content\/uploads\/2020\/03\/15.jpg 700w, http:\/\/caballitotequiero.com.ar\/portal\/wp-content\/uploads\/2020\/03\/15-300x225.jpg 300w, http:\/\/caballitotequiero.com.ar\/portal\/wp-content\/uploads\/2020\/03\/15-450x338.jpg 450w\" sizes=\"auto, (max-width: 700px) 100vw, 700px\" \/><\/a><\/p>\n<div id=\"attachment_30230\" style=\"width: 710px\" class=\"wp-caption aligncenter\"><a href=\"http:\/\/caballitotequiero.com.ar\/portal\/wp-content\/uploads\/2020\/03\/16.jpg\" rel=\"attachment wp-att-30230\"><img loading=\"lazy\" decoding=\"async\" aria-describedby=\"caption-attachment-30230\" class=\"size-full wp-image-30230\" src=\"http:\/\/caballitotequiero.com.ar\/portal\/wp-content\/uploads\/2020\/03\/16.jpg\" alt=\"Mujeres Fecoba tambi\u00e9n presentes.\" width=\"700\" height=\"456\" srcset=\"http:\/\/caballitotequiero.com.ar\/portal\/wp-content\/uploads\/2020\/03\/16.jpg 700w, http:\/\/caballitotequiero.com.ar\/portal\/wp-content\/uploads\/2020\/03\/16-300x195.jpg 300w, http:\/\/caballitotequiero.com.ar\/portal\/wp-content\/uploads\/2020\/03\/16-450x293.jpg 450w\" sizes=\"auto, (max-width: 700px) 100vw, 700px\" \/><\/a><p id=\"caption-attachment-30230\" class=\"wp-caption-text\">Mujeres Fecoba tambi\u00e9n presentes.<\/p><\/div>\n<p><a href=\"http:\/\/caballitotequiero.com.ar\/portal\/wp-content\/uploads\/2020\/03\/18.jpg\" rel=\"attachment wp-att-30231\"><img loading=\"lazy\" decoding=\"async\" class=\"aligncenter size-full wp-image-30231\" src=\"http:\/\/caballitotequiero.com.ar\/portal\/wp-content\/uploads\/2020\/03\/18.jpg\" alt=\"\" width=\"700\" height=\"481\" srcset=\"http:\/\/caballitotequiero.com.ar\/portal\/wp-content\/uploads\/2020\/03\/18.jpg 700w, http:\/\/caballitotequiero.com.ar\/portal\/wp-content\/uploads\/2020\/03\/18-300x206.jpg 300w, http:\/\/caballitotequiero.com.ar\/portal\/wp-content\/uploads\/2020\/03\/18-450x309.jpg 450w\" sizes=\"auto, (max-width: 700px) 100vw, 700px\" \/><\/a><\/p>\n<div id=\"attachment_30232\" style=\"width: 710px\" class=\"wp-caption aligncenter\"><a href=\"http:\/\/caballitotequiero.com.ar\/portal\/wp-content\/uploads\/2020\/03\/19.jpg\" rel=\"attachment wp-att-30232\"><img loading=\"lazy\" decoding=\"async\" aria-describedby=\"caption-attachment-30232\" class=\"size-full wp-image-30232\" src=\"http:\/\/caballitotequiero.com.ar\/portal\/wp-content\/uploads\/2020\/03\/19.jpg\" alt=\"\u00a1Gracias Sergio y Toto! por la colaboraci\u00f3n para hacer posible este festejo.\" width=\"700\" height=\"553\" srcset=\"http:\/\/caballitotequiero.com.ar\/portal\/wp-content\/uploads\/2020\/03\/19.jpg 700w, http:\/\/caballitotequiero.com.ar\/portal\/wp-content\/uploads\/2020\/03\/19-300x237.jpg 300w, http:\/\/caballitotequiero.com.ar\/portal\/wp-content\/uploads\/2020\/03\/19-450x356.jpg 450w\" sizes=\"auto, (max-width: 700px) 100vw, 700px\" \/><\/a><p id=\"caption-attachment-30232\" class=\"wp-caption-text\">\u00a1Gracias Sergio y Toto! por la colaboraci\u00f3n para hacer posible este festejo.<\/p><\/div>\n<p>&nbsp;<\/p>\n<p>&nbsp;<\/p>\n","protected":false},"excerpt":{"rendered":"<p>El domingo 8 de marzo, D\u00eda Internacional de la Mujer, tuvo lugar un evento en el que participaron vecinas del barrio de Caballito junto a integrantes de diferentes espacios y asociaciones.\u00a0 El encuentro se realiz\u00f3 en el Caf\u00e9 Notable \u201cEl Viejo Buz\u00f3n\u201d y fue convocado por los medios barriales: Revista Horizonte y Peri\u00f3dico ABC junto [&hellip;]<\/p>\n","protected":false},"author":1,"featured_media":30220,"comment_status":"open","ping_status":"open","sticky":false,"template":"","format":"standard","meta":{"footnotes":""},"categories":[5],"tags":[],"class_list":["post-30215","post","type-post","status-publish","format-standard","has-post-thumbnail","hentry","category-noticias"],"_links":{"self":[{"href":"http:\/\/caballitotequiero.com.ar\/portal\/wp-json\/wp\/v2\/posts\/30215","targetHints":{"allow":["GET"]}}],"collection":[{"href":"http:\/\/caballitotequiero.com.ar\/portal\/wp-json\/wp\/v2\/posts"}],"about":[{"href":"http:\/\/caballitotequiero.com.ar\/portal\/wp-json\/wp\/v2\/types\/post"}],"author":[{"embeddable":true,"href":"http:\/\/caballitotequiero.com.ar\/portal\/wp-json\/wp\/v2\/users\/1"}],"replies":[{"embeddable":true,"href":"http:\/\/caballitotequiero.com.ar\/portal\/wp-json\/wp\/v2\/comments?post=30215"}],"version-history":[{"count":1,"href":"http:\/\/caballitotequiero.com.ar\/portal\/wp-json\/wp\/v2\/posts\/30215\/revisions"}],"predecessor-version":[{"id":30233,"href":"http:\/\/caballitotequiero.com.ar\/portal\/wp-json\/wp\/v2\/posts\/30215\/revisions\/30233"}],"wp:featuredmedia":[{"embeddable":true,"href":"http:\/\/caballitotequiero.com.ar\/portal\/wp-json\/wp\/v2\/media\/30220"}],"wp:attachment":[{"href":"http:\/\/caballitotequiero.com.ar\/portal\/wp-json\/wp\/v2\/media?parent=30215"}],"wp:term":[{"taxonomy":"category","embeddable":true,"href":"http:\/\/caballitotequiero.com.ar\/portal\/wp-json\/wp\/v2\/categories?post=30215"},{"taxonomy":"post_tag","embeddable":true,"href":"http:\/\/caballitotequiero.com.ar\/portal\/wp-json\/wp\/v2\/tags?post=30215"}],"curies":[{"name":"wp","href":"https:\/\/api.w.org\/{rel}","templated":true}]}}