{"id":30237,"date":"2020-03-10T09:02:19","date_gmt":"2020-03-10T12:02:19","guid":{"rendered":"http:\/\/caballitotequiero.com.ar\/portal\/?p=30237"},"modified":"2020-03-13T09:06:39","modified_gmt":"2020-03-13T12:06:39","slug":"internas-de-la-ucr-en-caballito","status":"publish","type":"post","link":"http:\/\/caballitotequiero.com.ar\/portal\/2020\/03\/10\/internas-de-la-ucr-en-caballito\/","title":{"rendered":"INTERNAS DE LA UCR EN CABALLITO"},"content":{"rendered":"<p><a href=\"http:\/\/caballitotequiero.com.ar\/portal\/wp-content\/uploads\/2020\/03\/Internas-UCR-Caballito-web-2.jpg\" rel=\"attachment wp-att-30240\"><img loading=\"lazy\" decoding=\"async\" class=\"alignleft size-full wp-image-30240\" src=\"http:\/\/caballitotequiero.com.ar\/portal\/wp-content\/uploads\/2020\/03\/Internas-UCR-Caballito-web-2.jpg\" alt=\"\" width=\"200\" height=\"289\" \/><\/a>En Caballito existen principalmente dos espacios diferenciados: el sector del \u201cTano\u201d Angelici, quien ha regresado a la vida partidaria despu\u00e9s de haber sido parte del PRO durante los \u00faltimos 12 a\u00f1os y la actual conducci\u00f3n de la UCR a cargo de Guillermo de Maya, referenciados con el diputado nacional Emiliano Yacobitti.<\/p>\n<p>La actual presidenta de la UCR en la\u00a0 Comuna 6 es Lucha Alonso, vecina del barrio y militante desde hace 10 a\u00f1os en Caballito, referente del comit\u00e9 Arturo Illia, con sede en Av. San Mart\u00ecn 1613. Durante su gesti\u00f3n se llev\u00f3 a cabo la consolidaci\u00f3n del partido como actor pol\u00edtico logrando llegar a contar con 2 Comuneros en la actual Junta Comunal.<\/p>\n<p>Lucha Alonso y el Comit\u00e9 conocido como \u201cEl Illia\u201d van a trabajar por la reelecci\u00f3n con un radicalismo militante, activo y de cara a la ciudadan\u00eda. Alonso remarca la importancia de la participaci\u00f3n, que todos los afiliados voten y que expresen en urnas el tipo de radicalismo que queremos que conduzca la ciudad.<\/p>\n","protected":false},"excerpt":{"rendered":"<p>En Caballito existen principalmente dos espacios diferenciados: el sector del \u201cTano\u201d Angelici, quien ha regresado a la vida partidaria despu\u00e9s de haber sido parte del PRO durante los \u00faltimos 12 a\u00f1os y la actual conducci\u00f3n de la UCR a cargo de Guillermo de Maya, referenciados con el diputado nacional Emiliano Yacobitti. La actual presidenta de [&hellip;]<\/p>\n","protected":false},"author":1,"featured_media":30238,"comment_status":"open","ping_status":"open","sticky":false,"template":"","format":"standard","meta":{"footnotes":""},"categories":[5],"tags":[],"class_list":["post-30237","post","type-post","status-publish","format-standard","has-post-thumbnail","hentry","category-noticias"],"_links":{"self":[{"href":"http:\/\/caballitotequiero.com.ar\/portal\/wp-json\/wp\/v2\/posts\/30237","targetHints":{"allow":["GET"]}}],"collection":[{"href":"http:\/\/caballitotequiero.com.ar\/portal\/wp-json\/wp\/v2\/posts"}],"about":[{"href":"http:\/\/caballitotequiero.com.ar\/portal\/wp-json\/wp\/v2\/types\/post"}],"author":[{"embeddable":true,"href":"http:\/\/caballitotequiero.com.ar\/portal\/wp-json\/wp\/v2\/users\/1"}],"replies":[{"embeddable":true,"href":"http:\/\/caballitotequiero.com.ar\/portal\/wp-json\/wp\/v2\/comments?post=30237"}],"version-history":[{"count":2,"href":"http:\/\/caballitotequiero.com.ar\/portal\/wp-json\/wp\/v2\/posts\/30237\/revisions"}],"predecessor-version":[{"id":30241,"href":"http:\/\/caballitotequiero.com.ar\/portal\/wp-json\/wp\/v2\/posts\/30237\/revisions\/30241"}],"wp:featuredmedia":[{"embeddable":true,"href":"http:\/\/caballitotequiero.com.ar\/portal\/wp-json\/wp\/v2\/media\/30238"}],"wp:attachment":[{"href":"http:\/\/caballitotequiero.com.ar\/portal\/wp-json\/wp\/v2\/media?parent=30237"}],"wp:term":[{"taxonomy":"category","embeddable":true,"href":"http:\/\/caballitotequiero.com.ar\/portal\/wp-json\/wp\/v2\/categories?post=30237"},{"taxonomy":"post_tag","embeddable":true,"href":"http:\/\/caballitotequiero.com.ar\/portal\/wp-json\/wp\/v2\/tags?post=30237"}],"curies":[{"name":"wp","href":"https:\/\/api.w.org\/{rel}","templated":true}]}}