{"id":3041,"date":"2011-07-19T07:28:26","date_gmt":"2011-07-19T10:28:26","guid":{"rendered":"http:\/\/caballitotequiero.com.ar\/portal\/?p=3041"},"modified":"2011-07-19T07:28:26","modified_gmt":"2011-07-19T10:28:26","slug":"jazz-en-ferro","status":"publish","type":"post","link":"http:\/\/caballitotequiero.com.ar\/portal\/2011\/07\/19\/jazz-en-ferro\/","title":{"rendered":"JAZZ EN FERRO"},"content":{"rendered":"<p>El s\u00e1bado 23 de julio comienza el ciclo \u00abJazz Ferro 2011\u00bb. El mismo continuar\u00e1 hasta el mes de agosto y tendr\u00e1 lugar en la biblioteca del Club. Federico Garc\u00eda Lorca 350, 1\u00ba piso.<\/p>\n<p><img loading=\"lazy\" decoding=\"async\" class=\"alignleft size-full wp-image-3042\" src=\"http:\/\/caballitotequiero.com.ar\/portal\/wp-content\/uploads\/2011\/07\/jazz-en-ferro.jpg\" alt=\"\" width=\"510\" height=\"383\" srcset=\"http:\/\/caballitotequiero.com.ar\/portal\/wp-content\/uploads\/2011\/07\/jazz-en-ferro.jpg 510w, http:\/\/caballitotequiero.com.ar\/portal\/wp-content\/uploads\/2011\/07\/jazz-en-ferro-300x225.jpg 300w, http:\/\/caballitotequiero.com.ar\/portal\/wp-content\/uploads\/2011\/07\/jazz-en-ferro-80x60.jpg 80w\" sizes=\"auto, (max-width: 510px) 100vw, 510px\" \/><\/p>\n","protected":false},"excerpt":{"rendered":"<p>El s\u00e1bado 23 de julio comienza el ciclo \u00abJazz Ferro 2011\u00bb. El mismo continuar\u00e1 hasta el mes de agosto y tendr\u00e1 lugar en la biblioteca del Club. Federico Garc\u00eda Lorca 350, 1\u00ba piso.<\/p>\n","protected":false},"author":1,"featured_media":3043,"comment_status":"open","ping_status":"open","sticky":false,"template":"","format":"standard","meta":{"footnotes":""},"categories":[5],"tags":[],"class_list":["post-3041","post","type-post","status-publish","format-standard","has-post-thumbnail","hentry","category-noticias"],"_links":{"self":[{"href":"http:\/\/caballitotequiero.com.ar\/portal\/wp-json\/wp\/v2\/posts\/3041","targetHints":{"allow":["GET"]}}],"collection":[{"href":"http:\/\/caballitotequiero.com.ar\/portal\/wp-json\/wp\/v2\/posts"}],"about":[{"href":"http:\/\/caballitotequiero.com.ar\/portal\/wp-json\/wp\/v2\/types\/post"}],"author":[{"embeddable":true,"href":"http:\/\/caballitotequiero.com.ar\/portal\/wp-json\/wp\/v2\/users\/1"}],"replies":[{"embeddable":true,"href":"http:\/\/caballitotequiero.com.ar\/portal\/wp-json\/wp\/v2\/comments?post=3041"}],"version-history":[{"count":2,"href":"http:\/\/caballitotequiero.com.ar\/portal\/wp-json\/wp\/v2\/posts\/3041\/revisions"}],"predecessor-version":[{"id":3045,"href":"http:\/\/caballitotequiero.com.ar\/portal\/wp-json\/wp\/v2\/posts\/3041\/revisions\/3045"}],"wp:featuredmedia":[{"embeddable":true,"href":"http:\/\/caballitotequiero.com.ar\/portal\/wp-json\/wp\/v2\/media\/3043"}],"wp:attachment":[{"href":"http:\/\/caballitotequiero.com.ar\/portal\/wp-json\/wp\/v2\/media?parent=3041"}],"wp:term":[{"taxonomy":"category","embeddable":true,"href":"http:\/\/caballitotequiero.com.ar\/portal\/wp-json\/wp\/v2\/categories?post=3041"},{"taxonomy":"post_tag","embeddable":true,"href":"http:\/\/caballitotequiero.com.ar\/portal\/wp-json\/wp\/v2\/tags?post=3041"}],"curies":[{"name":"wp","href":"https:\/\/api.w.org\/{rel}","templated":true}]}}