{"id":30596,"date":"2020-04-19T23:24:23","date_gmt":"2020-04-20T02:24:23","guid":{"rendered":"http:\/\/caballitotequiero.com.ar\/portal\/?p=30596"},"modified":"2020-04-19T23:24:23","modified_gmt":"2020-04-20T02:24:23","slug":"miercoles-22-charla-virtual-sobre-historia-de-caballito","status":"publish","type":"post","link":"http:\/\/caballitotequiero.com.ar\/portal\/2020\/04\/19\/miercoles-22-charla-virtual-sobre-historia-de-caballito\/","title":{"rendered":"MI\u00c9RCOLES 22: CHARLA VIRTUAL SOBRE HISTORIA DE CABALLITO"},"content":{"rendered":"<p>El pr\u00f3ximo mi\u00e9rcoles 22 de abril, a las 17 hs, Marina Bussio, directora de Horizonte, la Revista de Caballito y miembro de la Junta de Estudios Hist\u00f3ricos del Caballito, realizar\u00e1 una charla en vivo con su Facebook, ilustrada con fotos y planos.<\/p>\n<p>Se abordar\u00e1n temas tales como el origen del nombre, la historia de la veleta, las diferentes etapas del barrio y la actualidad.<\/p>\n<p>Tendr\u00e1 una duraci\u00f3n aproximada de 40 minutos y se podr\u00e1 interactuar con preguntas que se contestar\u00e1n en vivo.<\/p>\n<p><a href=\"http:\/\/caballitotequiero.com.ar\/portal\/wp-content\/uploads\/2020\/04\/charla-caballito-web.jpg\" rel=\"attachment wp-att-30597\"><img loading=\"lazy\" decoding=\"async\" class=\"aligncenter size-full wp-image-30597\" src=\"http:\/\/caballitotequiero.com.ar\/portal\/wp-content\/uploads\/2020\/04\/charla-caballito-web.jpg\" alt=\"\" width=\"750\" height=\"533\" srcset=\"http:\/\/caballitotequiero.com.ar\/portal\/wp-content\/uploads\/2020\/04\/charla-caballito-web.jpg 750w, http:\/\/caballitotequiero.com.ar\/portal\/wp-content\/uploads\/2020\/04\/charla-caballito-web-300x213.jpg 300w, http:\/\/caballitotequiero.com.ar\/portal\/wp-content\/uploads\/2020\/04\/charla-caballito-web-260x185.jpg 260w, http:\/\/caballitotequiero.com.ar\/portal\/wp-content\/uploads\/2020\/04\/charla-caballito-web-705x501.jpg 705w, http:\/\/caballitotequiero.com.ar\/portal\/wp-content\/uploads\/2020\/04\/charla-caballito-web-450x320.jpg 450w\" sizes=\"auto, (max-width: 750px) 100vw, 750px\" \/><\/a><\/p>\n","protected":false},"excerpt":{"rendered":"<p>El pr\u00f3ximo mi\u00e9rcoles 22 de abril, a las 17 hs, Marina Bussio, directora de Horizonte, la Revista de Caballito y miembro de la Junta de Estudios Hist\u00f3ricos del Caballito, realizar\u00e1 una charla en vivo con su Facebook, ilustrada con fotos y planos. Se abordar\u00e1n temas tales como el origen del nombre, la historia de la [&hellip;]<\/p>\n","protected":false},"author":1,"featured_media":30597,"comment_status":"open","ping_status":"open","sticky":false,"template":"","format":"standard","meta":{"footnotes":""},"categories":[5],"tags":[],"class_list":["post-30596","post","type-post","status-publish","format-standard","has-post-thumbnail","hentry","category-noticias"],"_links":{"self":[{"href":"http:\/\/caballitotequiero.com.ar\/portal\/wp-json\/wp\/v2\/posts\/30596","targetHints":{"allow":["GET"]}}],"collection":[{"href":"http:\/\/caballitotequiero.com.ar\/portal\/wp-json\/wp\/v2\/posts"}],"about":[{"href":"http:\/\/caballitotequiero.com.ar\/portal\/wp-json\/wp\/v2\/types\/post"}],"author":[{"embeddable":true,"href":"http:\/\/caballitotequiero.com.ar\/portal\/wp-json\/wp\/v2\/users\/1"}],"replies":[{"embeddable":true,"href":"http:\/\/caballitotequiero.com.ar\/portal\/wp-json\/wp\/v2\/comments?post=30596"}],"version-history":[{"count":1,"href":"http:\/\/caballitotequiero.com.ar\/portal\/wp-json\/wp\/v2\/posts\/30596\/revisions"}],"predecessor-version":[{"id":30598,"href":"http:\/\/caballitotequiero.com.ar\/portal\/wp-json\/wp\/v2\/posts\/30596\/revisions\/30598"}],"wp:featuredmedia":[{"embeddable":true,"href":"http:\/\/caballitotequiero.com.ar\/portal\/wp-json\/wp\/v2\/media\/30597"}],"wp:attachment":[{"href":"http:\/\/caballitotequiero.com.ar\/portal\/wp-json\/wp\/v2\/media?parent=30596"}],"wp:term":[{"taxonomy":"category","embeddable":true,"href":"http:\/\/caballitotequiero.com.ar\/portal\/wp-json\/wp\/v2\/categories?post=30596"},{"taxonomy":"post_tag","embeddable":true,"href":"http:\/\/caballitotequiero.com.ar\/portal\/wp-json\/wp\/v2\/tags?post=30596"}],"curies":[{"name":"wp","href":"https:\/\/api.w.org\/{rel}","templated":true}]}}