{"id":30609,"date":"2020-04-20T00:46:15","date_gmt":"2020-04-20T03:46:15","guid":{"rendered":"http:\/\/caballitotequiero.com.ar\/portal\/?p=30609"},"modified":"2020-04-21T01:03:43","modified_gmt":"2020-04-21T04:03:43","slug":"30609","status":"publish","type":"post","link":"http:\/\/caballitotequiero.com.ar\/portal\/2020\/04\/20\/30609\/","title":{"rendered":"\u00abMIRADOR\u00bb EMITIR\u00c1 LAS 24 HORAS LA PROGRAMACI\u00d3N \u00abSEGUIMOS EDUCANDO\u00bb"},"content":{"rendered":"<p><strong>Mirador<\/strong>, la se\u00f1al de televisi\u00f3n que uni\u00f3 a una veintena de canales p\u00fablicos con emisiones de todas las provincias, ceder\u00e1 su espacio para emitir las 14 horas de programaci\u00f3n de\u00a0<strong>\u201cSeguimos Educando\u201d.<\/strong>\u00a0De esta manera, esta iniciativa organizada de manera conjunta por el\u00a0<strong>Ministerio de Educaci\u00f3n de la Naci\u00f3n, la Secretar\u00eda de Medios P\u00fablicos,<\/strong>\u00a0<strong>Contenidos P\u00fablicos Sociedad del Estado\u00a0<\/strong>\u2013que re\u00fane a las se\u00f1ales<strong>\u00a0Encuentro, Pakapaka y DeporTV\u00a0<\/strong>\u2014<strong>, TV P\u00fablica y Radio Nacional,<\/strong>\u00a0se suman m\u00e1s horas de contenidos educativos en los medios p\u00fablicos de todo el territorio.<\/p>\n<p>El espacio, en el\u00a0<strong>22.3 de la TDA<\/strong>, tendr\u00e1 toda la programaci\u00f3n y los contenidos audiovisuales pensados para los niveles inicial, primario y secundario, mientras dure el Aislamiento Social Preventivo decretado por el Gobierno nacional. La programaci\u00f3n ser\u00e1 transmitida desde las 8 de la ma\u00f1ana hasta las 22 horas, con propuestas pensadas desde las salas de 4 y 5 a\u00f1os, hasta el \u00faltimo a\u00f1o de la escuela secundaria. Los martes, adem\u00e1s, habr\u00e1 una propuesta de Taller en Casa hasta las 24.<\/p>\n<p><a href=\"http:\/\/caballitotequiero.com.ar\/portal\/wp-content\/uploads\/2020\/04\/alumno-compu-web.jpg\" rel=\"attachment wp-att-30610\"><img loading=\"lazy\" decoding=\"async\" class=\"aligncenter size-full wp-image-30610\" src=\"http:\/\/caballitotequiero.com.ar\/portal\/wp-content\/uploads\/2020\/04\/alumno-compu-web.jpg\" alt=\"\" width=\"630\" height=\"354\" srcset=\"http:\/\/caballitotequiero.com.ar\/portal\/wp-content\/uploads\/2020\/04\/alumno-compu-web.jpg 630w, http:\/\/caballitotequiero.com.ar\/portal\/wp-content\/uploads\/2020\/04\/alumno-compu-web-300x169.jpg 300w, http:\/\/caballitotequiero.com.ar\/portal\/wp-content\/uploads\/2020\/04\/alumno-compu-web-450x253.jpg 450w\" sizes=\"auto, (max-width: 630px) 100vw, 630px\" \/><\/a><\/p>\n<p><strong>\u201cSeguimos Educando\u201d<\/strong>\u00a0es un programa que lleva adelante la Secretar\u00eda de Medios y<\/p>\n<p>Comunicaci\u00f3n P\u00fablica y el Ministerio de Educaci\u00f3n de la Naci\u00f3n, que desde el 1\u00b0 de abril produce\u00a0<strong>14 horas diarias de contenidos televisivos y 7 horas diarias de contenidos para radio\u00a0<\/strong>destinada a todos los niveles educativos.<\/p>\n<p>En este caso, los programas cuentan con la presencia de un docente del \u00e1rea, y un conductor (periodista, artista o cient\u00edfico), que propulsa la difusi\u00f3n de materiales did\u00e1cticos y de entretenimiento para acompa\u00f1ar todo este proceso de aprendizaje. Entre los conductores de televisi\u00f3n est\u00e1n\u00a0<strong>\u00c1ngela Lerena, Los Cazurros, Sol Canesa, Dar\u00edo Sztajnszrajber, Diego Iglesias, Carolina Molini, Emiliano Larrea, Magal\u00ed S\u00e1nchez, Mauricio Vila y Agustina Balbi<\/strong>.<\/p>\n<p><strong>La grilla de programaci\u00f3n prevista para Mirador ser\u00e1 la siguiente: \u00a0\u00a0<\/strong><\/p>\n<p>8 a 10\u00a0\u00a0 \u2013 1\u00b0 Grado<\/p>\n<p>10 a 12 \u2013 2to y 3to Grado<\/p>\n<p>12 a 14 \u2013 Nivel Inicial<\/p>\n<p>14 a 16 \u2013 4to y 5to<\/p>\n<p>16 a 18 \u2013 6to y 7mo<\/p>\n<p>18 a 20 \u2013 Secundario B\u00e1sico<\/p>\n<p>20 a 22 \u2013 Secundario Orientado<\/p>\n<p>Los martes, de 22 a 23 y de 23 a 24, se sumar\u00e1 Taller en Casa.\u00a0<strong>\u00a0<\/strong><\/p>\n","protected":false},"excerpt":{"rendered":"<p>Mirador, la se\u00f1al de televisi\u00f3n que uni\u00f3 a una veintena de canales p\u00fablicos con emisiones de todas las provincias, ceder\u00e1 su espacio para emitir las 14 horas de programaci\u00f3n de\u00a0\u201cSeguimos Educando\u201d.\u00a0De esta manera, esta iniciativa organizada de manera conjunta por el\u00a0Ministerio de Educaci\u00f3n de la Naci\u00f3n, la Secretar\u00eda de Medios P\u00fablicos,\u00a0Contenidos P\u00fablicos Sociedad del Estado\u00a0\u2013que [&hellip;]<\/p>\n","protected":false},"author":1,"featured_media":30610,"comment_status":"open","ping_status":"open","sticky":false,"template":"","format":"standard","meta":{"footnotes":""},"categories":[5],"tags":[],"class_list":["post-30609","post","type-post","status-publish","format-standard","has-post-thumbnail","hentry","category-noticias"],"_links":{"self":[{"href":"http:\/\/caballitotequiero.com.ar\/portal\/wp-json\/wp\/v2\/posts\/30609","targetHints":{"allow":["GET"]}}],"collection":[{"href":"http:\/\/caballitotequiero.com.ar\/portal\/wp-json\/wp\/v2\/posts"}],"about":[{"href":"http:\/\/caballitotequiero.com.ar\/portal\/wp-json\/wp\/v2\/types\/post"}],"author":[{"embeddable":true,"href":"http:\/\/caballitotequiero.com.ar\/portal\/wp-json\/wp\/v2\/users\/1"}],"replies":[{"embeddable":true,"href":"http:\/\/caballitotequiero.com.ar\/portal\/wp-json\/wp\/v2\/comments?post=30609"}],"version-history":[{"count":3,"href":"http:\/\/caballitotequiero.com.ar\/portal\/wp-json\/wp\/v2\/posts\/30609\/revisions"}],"predecessor-version":[{"id":30613,"href":"http:\/\/caballitotequiero.com.ar\/portal\/wp-json\/wp\/v2\/posts\/30609\/revisions\/30613"}],"wp:featuredmedia":[{"embeddable":true,"href":"http:\/\/caballitotequiero.com.ar\/portal\/wp-json\/wp\/v2\/media\/30610"}],"wp:attachment":[{"href":"http:\/\/caballitotequiero.com.ar\/portal\/wp-json\/wp\/v2\/media?parent=30609"}],"wp:term":[{"taxonomy":"category","embeddable":true,"href":"http:\/\/caballitotequiero.com.ar\/portal\/wp-json\/wp\/v2\/categories?post=30609"},{"taxonomy":"post_tag","embeddable":true,"href":"http:\/\/caballitotequiero.com.ar\/portal\/wp-json\/wp\/v2\/tags?post=30609"}],"curies":[{"name":"wp","href":"https:\/\/api.w.org\/{rel}","templated":true}]}}