{"id":3072,"date":"2011-07-23T19:30:56","date_gmt":"2011-07-23T22:30:56","guid":{"rendered":"http:\/\/caballitotequiero.com.ar\/portal\/?p=3072"},"modified":"2011-07-23T19:30:56","modified_gmt":"2011-07-23T22:30:56","slug":"107%c2%ba-aniversario-del-club-ferrocarril-oeste","status":"publish","type":"post","link":"http:\/\/caballitotequiero.com.ar\/portal\/2011\/07\/23\/107%c2%ba-aniversario-del-club-ferrocarril-oeste\/","title":{"rendered":"107\u00ba ANIVERSARIO DEL CLUB FERROCARRIL OESTE"},"content":{"rendered":"<p>El Club Ferrocarril Oeste cumple 107 a\u00f1os. La Comisi\u00f3n Coordinadora de Socios y el Departamento de Educaci\u00f3n F\u00edsica, invitan a socios y no socios a los festejos que se realizar\u00e1n el s\u00e1bado 30 de julio.<\/p>\n<p><img loading=\"lazy\" decoding=\"async\" class=\"alignleft size-full wp-image-3073\" src=\"http:\/\/caballitotequiero.com.ar\/portal\/wp-content\/uploads\/2011\/07\/ferro-1.jpg\" alt=\"\" width=\"510\" height=\"722\" srcset=\"http:\/\/caballitotequiero.com.ar\/portal\/wp-content\/uploads\/2011\/07\/ferro-1.jpg 510w, http:\/\/caballitotequiero.com.ar\/portal\/wp-content\/uploads\/2011\/07\/ferro-1-211x300.jpg 211w\" sizes=\"auto, (max-width: 510px) 100vw, 510px\" \/><\/p>\n","protected":false},"excerpt":{"rendered":"<p>El Club Ferrocarril Oeste cumple 107 a\u00f1os. La Comisi\u00f3n Coordinadora de Socios y el Departamento de Educaci\u00f3n F\u00edsica, invitan a socios y no socios a los festejos que se realizar\u00e1n el s\u00e1bado 30 de julio.<\/p>\n","protected":false},"author":1,"featured_media":3074,"comment_status":"open","ping_status":"open","sticky":false,"template":"","format":"standard","meta":{"footnotes":""},"categories":[5],"tags":[],"class_list":["post-3072","post","type-post","status-publish","format-standard","has-post-thumbnail","hentry","category-noticias"],"_links":{"self":[{"href":"http:\/\/caballitotequiero.com.ar\/portal\/wp-json\/wp\/v2\/posts\/3072","targetHints":{"allow":["GET"]}}],"collection":[{"href":"http:\/\/caballitotequiero.com.ar\/portal\/wp-json\/wp\/v2\/posts"}],"about":[{"href":"http:\/\/caballitotequiero.com.ar\/portal\/wp-json\/wp\/v2\/types\/post"}],"author":[{"embeddable":true,"href":"http:\/\/caballitotequiero.com.ar\/portal\/wp-json\/wp\/v2\/users\/1"}],"replies":[{"embeddable":true,"href":"http:\/\/caballitotequiero.com.ar\/portal\/wp-json\/wp\/v2\/comments?post=3072"}],"version-history":[{"count":1,"href":"http:\/\/caballitotequiero.com.ar\/portal\/wp-json\/wp\/v2\/posts\/3072\/revisions"}],"predecessor-version":[{"id":3075,"href":"http:\/\/caballitotequiero.com.ar\/portal\/wp-json\/wp\/v2\/posts\/3072\/revisions\/3075"}],"wp:featuredmedia":[{"embeddable":true,"href":"http:\/\/caballitotequiero.com.ar\/portal\/wp-json\/wp\/v2\/media\/3074"}],"wp:attachment":[{"href":"http:\/\/caballitotequiero.com.ar\/portal\/wp-json\/wp\/v2\/media?parent=3072"}],"wp:term":[{"taxonomy":"category","embeddable":true,"href":"http:\/\/caballitotequiero.com.ar\/portal\/wp-json\/wp\/v2\/categories?post=3072"},{"taxonomy":"post_tag","embeddable":true,"href":"http:\/\/caballitotequiero.com.ar\/portal\/wp-json\/wp\/v2\/tags?post=3072"}],"curies":[{"name":"wp","href":"https:\/\/api.w.org\/{rel}","templated":true}]}}