{"id":30852,"date":"2020-05-01T10:47:27","date_gmt":"2020-05-01T13:47:27","guid":{"rendered":"http:\/\/caballitotequiero.com.ar\/portal\/?p=30852"},"modified":"2020-05-02T10:55:25","modified_gmt":"2020-05-02T13:55:25","slug":"30852","status":"publish","type":"post","link":"http:\/\/caballitotequiero.com.ar\/portal\/2020\/05\/01\/30852\/","title":{"rendered":"CABALLITO, 41 CASOS CONFIRMADOS DE CORONAVIRUS"},"content":{"rendered":"<p>El Bolet\u00edn Epidemiol\u00f3gico publicado por la Gerencia Operativa de Epidemiolog\u00eda dependiente del Ministerio de Salud de la Ciudad de Buenos Aires publica y actualiza todas las semanas el resumen de situaci\u00f3n relacionado con la pandemia del Coronavirus.<\/p>\n<p><strong>Estos son los \u00faltimos datos referidos al barrio de Caballito:<\/strong><\/p>\n<p><span style=\"color: #ffff00;\"><strong>2 de abril:<\/strong><\/span>\u00a0 352 casos de COVID-19 en residentes de la Ciudad de Buenos Aires.<\/p>\n<p>La Comuna 6, Caballito, presentaba en ese momento<strong><span style=\"color: #ffff00;\"> 13 casos<\/span> confirmados.<\/strong><\/p>\n<p><span style=\"color: #ffff00;\"><strong>9 de abril:<\/strong><\/span> \u00a0518 casos en toda la Ciudad<\/p>\n<p>Caballito: <span style=\"color: #ffff00;\"><strong>22 casos<\/strong><\/span><\/p>\n<p><span style=\"color: #ffff00;\"><strong>16 de abril:<\/strong><\/span> \u00a0673 casos en toda la Ciudad<\/p>\n<p>Caballito: <strong><span style=\"color: #ffff00;\">26 casos<\/span>.<\/strong><\/p>\n<p><span style=\"color: #ffff00;\"><strong>23 de abril:<\/strong><\/span> 856 casos en toda la Ciudad.<\/p>\n<p>Caballito:<span style=\"color: #ffff00;\"><strong> 46 casos<\/strong><\/span><\/p>\n<p><span style=\"color: #ffff00;\"><strong>30 de abril :<\/strong><\/span> 1182 casos en toda la Ciudad.<\/p>\n<p>Caballito: <span style=\"color: #ffff00;\"><strong>41 casos<\/strong><\/span><\/p>\n<p><strong>Comparativo Comuna por Comuna:<\/strong><\/p>\n<p><a href=\"http:\/\/caballitotequiero.com.ar\/portal\/wp-content\/uploads\/2020\/05\/corona-30-de-abril.jpg\" rel=\"attachment wp-att-30853\"><img loading=\"lazy\" decoding=\"async\" class=\"aligncenter size-full wp-image-30853\" src=\"http:\/\/caballitotequiero.com.ar\/portal\/wp-content\/uploads\/2020\/05\/corona-30-de-abril.jpg\" alt=\"\" width=\"777\" height=\"479\" srcset=\"http:\/\/caballitotequiero.com.ar\/portal\/wp-content\/uploads\/2020\/05\/corona-30-de-abril.jpg 777w, http:\/\/caballitotequiero.com.ar\/portal\/wp-content\/uploads\/2020\/05\/corona-30-de-abril-300x185.jpg 300w, http:\/\/caballitotequiero.com.ar\/portal\/wp-content\/uploads\/2020\/05\/corona-30-de-abril-768x473.jpg 768w, http:\/\/caballitotequiero.com.ar\/portal\/wp-content\/uploads\/2020\/05\/corona-30-de-abril-705x435.jpg 705w, http:\/\/caballitotequiero.com.ar\/portal\/wp-content\/uploads\/2020\/05\/corona-30-de-abril-450x277.jpg 450w\" sizes=\"auto, (max-width: 777px) 100vw, 777px\" \/><\/a><\/p>\n","protected":false},"excerpt":{"rendered":"<p>El Bolet\u00edn Epidemiol\u00f3gico publicado por la Gerencia Operativa de Epidemiolog\u00eda dependiente del Ministerio de Salud de la Ciudad de Buenos Aires publica y actualiza todas las semanas el resumen de situaci\u00f3n relacionado con la pandemia del Coronavirus. Estos son los \u00faltimos datos referidos al barrio de Caballito: 2 de abril:\u00a0 352 casos de COVID-19 en [&hellip;]<\/p>\n","protected":false},"author":1,"featured_media":30853,"comment_status":"open","ping_status":"open","sticky":false,"template":"","format":"standard","meta":{"footnotes":""},"categories":[5],"tags":[],"class_list":["post-30852","post","type-post","status-publish","format-standard","has-post-thumbnail","hentry","category-noticias"],"_links":{"self":[{"href":"http:\/\/caballitotequiero.com.ar\/portal\/wp-json\/wp\/v2\/posts\/30852","targetHints":{"allow":["GET"]}}],"collection":[{"href":"http:\/\/caballitotequiero.com.ar\/portal\/wp-json\/wp\/v2\/posts"}],"about":[{"href":"http:\/\/caballitotequiero.com.ar\/portal\/wp-json\/wp\/v2\/types\/post"}],"author":[{"embeddable":true,"href":"http:\/\/caballitotequiero.com.ar\/portal\/wp-json\/wp\/v2\/users\/1"}],"replies":[{"embeddable":true,"href":"http:\/\/caballitotequiero.com.ar\/portal\/wp-json\/wp\/v2\/comments?post=30852"}],"version-history":[{"count":4,"href":"http:\/\/caballitotequiero.com.ar\/portal\/wp-json\/wp\/v2\/posts\/30852\/revisions"}],"predecessor-version":[{"id":30857,"href":"http:\/\/caballitotequiero.com.ar\/portal\/wp-json\/wp\/v2\/posts\/30852\/revisions\/30857"}],"wp:featuredmedia":[{"embeddable":true,"href":"http:\/\/caballitotequiero.com.ar\/portal\/wp-json\/wp\/v2\/media\/30853"}],"wp:attachment":[{"href":"http:\/\/caballitotequiero.com.ar\/portal\/wp-json\/wp\/v2\/media?parent=30852"}],"wp:term":[{"taxonomy":"category","embeddable":true,"href":"http:\/\/caballitotequiero.com.ar\/portal\/wp-json\/wp\/v2\/categories?post=30852"},{"taxonomy":"post_tag","embeddable":true,"href":"http:\/\/caballitotequiero.com.ar\/portal\/wp-json\/wp\/v2\/tags?post=30852"}],"curies":[{"name":"wp","href":"https:\/\/api.w.org\/{rel}","templated":true}]}}