{"id":310,"date":"2011-02-13T13:23:57","date_gmt":"2011-02-13T16:23:57","guid":{"rendered":"http:\/\/caballitotequiero.com.ar\/portal\/?p=310"},"modified":"2011-02-18T19:03:32","modified_gmt":"2011-02-18T22:03:32","slug":"teatro-en-el-parque-rivadavia","status":"publish","type":"post","link":"http:\/\/caballitotequiero.com.ar\/portal\/2011\/02\/13\/teatro-en-el-parque-rivadavia\/","title":{"rendered":"TEATRO EN EL PARQUE RIVADAVIA"},"content":{"rendered":"<p><strong><img loading=\"lazy\" decoding=\"async\" class=\"alignleft size-thumbnail wp-image-316\" title=\"teatro plaza\" src=\"http:\/\/caballitotequiero.com.ar\/portal\/wp-content\/uploads\/2011\/02\/teatro-plaza1-150x150.jpg\" alt=\"\" width=\"150\" height=\"150\" \/>\u201cTeatro en las plazas\u201d <\/strong>el ciclo que compone el programa <strong>\u201cLa Ciudad al Aire Libre\u201d<\/strong> organizado por el <strong>Ministerio de Cultura porte\u00f1o<\/strong> llega al <strong>Parque Rivadavia, <\/strong>para deleitar al p\u00fablico con dos obras imperdibles, el <strong>lunes 14<\/strong> de febrero se presentar\u00e1<strong> Cuentos de la India<\/strong> y el martes <strong>15 de febrero,<\/strong> <strong>Sarmiento un hombre de dos mundos<\/strong>, siempre a las 21, con entrada libre y gratuita.<\/p>\n<p><strong>Cuentos de la India <\/strong>es un espect\u00e1culo humor\u00edstico musical que rinde homenaje a la India desde la mirada occidental, a trav\u00e9s de once cuentos y relatos milenarios que exaltan los valores que hacen al ser humano. Esta propuesta cuenta con el auspicio de la Embajada de la India. Con dramaturgia de Maris\u00e9 Monteiro y banda original de Martin Bianchedi, est\u00e1 protagonizada por Silvia P\u00e9rez, Alejandro Paker, Gustavo Monje, y la participaci\u00f3n especial de la profesora Natalia Salgado con su grupo de danzas cl\u00e1sicas de la India Gungur. La escenograf\u00eda est\u00e1 a cargo de Mar\u00eda Oswald, los objetos y t\u00edteres fueron creados por Jorge Crapanzano y Rosa Le\u00f3n, la investigaci\u00f3n bibliograf\u00eda pertenece a Silvia P\u00e9rez, la realizaci\u00f3n de vestuario a Rosana B\u00e1rcena, la asistencia de direcci\u00f3n es de Agustina Viegas Palermo y la puesta en escena y direcci\u00f3n general est\u00e1 a cargo de Ana Sans y Ana Alvarado.<\/p>\n<p><strong>Sarmiento un hombre de dos mundos <\/strong>es un musical hist\u00f3rico basado en textos, cartas ydiscursos de Domingo Faustino Sarmiento y se ubica hist\u00f3ricamente en agosto de 1868,  fecha en que Sarmiento est\u00e1 regresando al pa\u00eds desde Nueva York donde se hab\u00eda desempe\u00f1ado por m\u00e1s de tres a\u00f1os como ministro plenipotenciario de la Argentina. Durante el viaje  recibe la noticia de que ha sido electo Presidente de la Naci\u00f3n y cuando el barco hace la \u00faltima  escala en Montevideo, conoce a una periodista, disc\u00edpula de Juana Manso y Eduarda Mansilla que se presenta ante \u00e9l con la misi\u00f3n de entrevistarlo. As\u00ed, durante ese encuentro imaginario Sarmiento le contar\u00e1 toda su vida y aquellos proyectos que tiene para el pa\u00eds.<\/p>\n<p>El libro es de Maris\u00e9 Monteiro y Manuel Gonz\u00e1lez Gil con banda original de Martin Bianchedi, protagonizada por Julia Zenko y Alejandro Paker.<strong> <\/strong>Completan el elenco Joaqu\u00edn Stringa, Elis Garc\u00eda (talentosa hija de Julia Zenko), Daniel<strong> <\/strong>Garc\u00eda y Mariano Depiaggi. Todos ellos interpretar\u00e1n a los seres que formaron parte de la vida de Sarmiento. Esta propuesta cuenta con el asesoramiento hist\u00f3rico de la Lic. Liliana Barela, directora del Instituto Hist\u00f3rico del GCBA. La caracterizaci\u00f3n de Paker como Sarmiento pertenece a Marta Herschel, la escenograf\u00eda es de Carlos Di Pascuo y el vestuario de Sof\u00eda Gonz\u00e1lez Gil. Los arreglos corales est\u00e1n a cargo de Gabriel Giangrante la producci\u00f3n general de Fredy Ruso y la direcci\u00f3n general de Manuel Gonz\u00e1lez Gil.<\/p>\n<p>Fuente: Prensa Ministerio de Cultura Gobierno de la Ciudad de Buenos Aires<\/p>\n","protected":false},"excerpt":{"rendered":"<p>\u201cTeatro en las plazas\u201d el ciclo que compone el programa \u201cLa Ciudad al Aire Libre\u201d organizado por el Ministerio de Cultura porte\u00f1o llega al Parque Rivadavia, para deleitar al p\u00fablico con dos obras imperdibles, el lunes 14 de febrero se presentar\u00e1 Cuentos de la India y el martes 15 de febrero, Sarmiento un hombre de [&hellip;]<\/p>\n","protected":false},"author":1,"featured_media":317,"comment_status":"open","ping_status":"open","sticky":false,"template":"","format":"standard","meta":{"footnotes":""},"categories":[5],"tags":[],"class_list":["post-310","post","type-post","status-publish","format-standard","has-post-thumbnail","hentry","category-noticias"],"_links":{"self":[{"href":"http:\/\/caballitotequiero.com.ar\/portal\/wp-json\/wp\/v2\/posts\/310","targetHints":{"allow":["GET"]}}],"collection":[{"href":"http:\/\/caballitotequiero.com.ar\/portal\/wp-json\/wp\/v2\/posts"}],"about":[{"href":"http:\/\/caballitotequiero.com.ar\/portal\/wp-json\/wp\/v2\/types\/post"}],"author":[{"embeddable":true,"href":"http:\/\/caballitotequiero.com.ar\/portal\/wp-json\/wp\/v2\/users\/1"}],"replies":[{"embeddable":true,"href":"http:\/\/caballitotequiero.com.ar\/portal\/wp-json\/wp\/v2\/comments?post=310"}],"version-history":[{"count":5,"href":"http:\/\/caballitotequiero.com.ar\/portal\/wp-json\/wp\/v2\/posts\/310\/revisions"}],"predecessor-version":[{"id":313,"href":"http:\/\/caballitotequiero.com.ar\/portal\/wp-json\/wp\/v2\/posts\/310\/revisions\/313"}],"wp:featuredmedia":[{"embeddable":true,"href":"http:\/\/caballitotequiero.com.ar\/portal\/wp-json\/wp\/v2\/media\/317"}],"wp:attachment":[{"href":"http:\/\/caballitotequiero.com.ar\/portal\/wp-json\/wp\/v2\/media?parent=310"}],"wp:term":[{"taxonomy":"category","embeddable":true,"href":"http:\/\/caballitotequiero.com.ar\/portal\/wp-json\/wp\/v2\/categories?post=310"},{"taxonomy":"post_tag","embeddable":true,"href":"http:\/\/caballitotequiero.com.ar\/portal\/wp-json\/wp\/v2\/tags?post=310"}],"curies":[{"name":"wp","href":"https:\/\/api.w.org\/{rel}","templated":true}]}}