{"id":31098,"date":"2020-06-20T22:14:41","date_gmt":"2020-06-21T01:14:41","guid":{"rendered":"http:\/\/caballitotequiero.com.ar\/portal\/?p=31098"},"modified":"2020-06-20T22:14:41","modified_gmt":"2020-06-21T01:14:41","slug":"coronavirus-en-caballito-396-casos-confirmados","status":"publish","type":"post","link":"http:\/\/caballitotequiero.com.ar\/portal\/2020\/06\/20\/coronavirus-en-caballito-396-casos-confirmados\/","title":{"rendered":"CORONAVIRUS EN CABALLITO, 396 CASOS CONFIRMADOS"},"content":{"rendered":"<p>Desde la fecha de confirmaci\u00f3n del primer caso de COVID-19 en Argentina (2 de marzo del 2020) hasta el 18 de junio de 2020 inclusive, <strong>se han confirmado un total de 17.196 casos<\/strong> de COVID-19 en residentes. <strong>Fallecieron 353 personas<\/strong> con un promedio de edad de 74 a\u00f1os.<\/p>\n<p>De ese total de 17.196 casos de la Ciudad de Buenos Aires,<strong> 396 casos fueron confirmados en el barrio de Caballito<\/strong> (Comuna 6).<\/p>\n<p>La mayor cantidad de casos confirmados reside en la comuna 1 y 7. Si se relaciona con la poblaci\u00f3n de dichas comunas, es tambi\u00e9n la comuna 1 la que presenta la tasa m\u00e1s elevada de toda la serie, seguida de la 7. En particular, en el caso de la comuna 1, este incremento se atribuye al conglomerado de casos que se encuentra al interior de dicha comuna, en el Barrio Padre Mugica.<\/p>\n<p><strong>CASOS CONFIRMADOS DE CORONAVIRUS POR COMUNAS:<\/strong><\/p>\n<p><a href=\"http:\/\/caballitotequiero.com.ar\/portal\/wp-content\/uploads\/2020\/06\/coronavirus-18-de-junio.jpg\" rel=\"attachment wp-att-31099\"><img loading=\"lazy\" decoding=\"async\" class=\"alignleft size-full wp-image-31099\" src=\"http:\/\/caballitotequiero.com.ar\/portal\/wp-content\/uploads\/2020\/06\/coronavirus-18-de-junio.jpg\" alt=\"\" width=\"735\" height=\"499\" srcset=\"http:\/\/caballitotequiero.com.ar\/portal\/wp-content\/uploads\/2020\/06\/coronavirus-18-de-junio.jpg 735w, http:\/\/caballitotequiero.com.ar\/portal\/wp-content\/uploads\/2020\/06\/coronavirus-18-de-junio-300x204.jpg 300w, http:\/\/caballitotequiero.com.ar\/portal\/wp-content\/uploads\/2020\/06\/coronavirus-18-de-junio-705x479.jpg 705w, http:\/\/caballitotequiero.com.ar\/portal\/wp-content\/uploads\/2020\/06\/coronavirus-18-de-junio-450x306.jpg 450w\" sizes=\"auto, (max-width: 735px) 100vw, 735px\" \/><\/a><\/p>\n","protected":false},"excerpt":{"rendered":"<p>Desde la fecha de confirmaci\u00f3n del primer caso de COVID-19 en Argentina (2 de marzo del 2020) hasta el 18 de junio de 2020 inclusive, se han confirmado un total de 17.196 casos de COVID-19 en residentes. Fallecieron 353 personas con un promedio de edad de 74 a\u00f1os. De ese total de 17.196 casos de [&hellip;]<\/p>\n","protected":false},"author":1,"featured_media":31099,"comment_status":"open","ping_status":"open","sticky":false,"template":"","format":"standard","meta":{"footnotes":""},"categories":[5],"tags":[],"class_list":["post-31098","post","type-post","status-publish","format-standard","has-post-thumbnail","hentry","category-noticias"],"_links":{"self":[{"href":"http:\/\/caballitotequiero.com.ar\/portal\/wp-json\/wp\/v2\/posts\/31098","targetHints":{"allow":["GET"]}}],"collection":[{"href":"http:\/\/caballitotequiero.com.ar\/portal\/wp-json\/wp\/v2\/posts"}],"about":[{"href":"http:\/\/caballitotequiero.com.ar\/portal\/wp-json\/wp\/v2\/types\/post"}],"author":[{"embeddable":true,"href":"http:\/\/caballitotequiero.com.ar\/portal\/wp-json\/wp\/v2\/users\/1"}],"replies":[{"embeddable":true,"href":"http:\/\/caballitotequiero.com.ar\/portal\/wp-json\/wp\/v2\/comments?post=31098"}],"version-history":[{"count":1,"href":"http:\/\/caballitotequiero.com.ar\/portal\/wp-json\/wp\/v2\/posts\/31098\/revisions"}],"predecessor-version":[{"id":31100,"href":"http:\/\/caballitotequiero.com.ar\/portal\/wp-json\/wp\/v2\/posts\/31098\/revisions\/31100"}],"wp:featuredmedia":[{"embeddable":true,"href":"http:\/\/caballitotequiero.com.ar\/portal\/wp-json\/wp\/v2\/media\/31099"}],"wp:attachment":[{"href":"http:\/\/caballitotequiero.com.ar\/portal\/wp-json\/wp\/v2\/media?parent=31098"}],"wp:term":[{"taxonomy":"category","embeddable":true,"href":"http:\/\/caballitotequiero.com.ar\/portal\/wp-json\/wp\/v2\/categories?post=31098"},{"taxonomy":"post_tag","embeddable":true,"href":"http:\/\/caballitotequiero.com.ar\/portal\/wp-json\/wp\/v2\/tags?post=31098"}],"curies":[{"name":"wp","href":"https:\/\/api.w.org\/{rel}","templated":true}]}}