{"id":31280,"date":"2020-07-24T00:53:56","date_gmt":"2020-07-24T03:53:56","guid":{"rendered":"http:\/\/caballitotequiero.com.ar\/portal\/?p=31280"},"modified":"2020-07-25T01:01:03","modified_gmt":"2020-07-25T04:01:03","slug":"coronavirus-en-caballito-1515-casos-confirmados","status":"publish","type":"post","link":"http:\/\/caballitotequiero.com.ar\/portal\/2020\/07\/24\/coronavirus-en-caballito-1515-casos-confirmados\/","title":{"rendered":"CORONAVIRUS EN CABALLITO, 1515 CASOS CONFIRMADOS"},"content":{"rendered":"<p>Desde la fecha de confirmaci\u00f3n del primer caso de COVID-19 en Argentina (2 de marzo del 2020) hasta el 23 de julio de 2020 inclusive, se han confirmado un total de 50.909 casos de COVID-19 en residentes. Fallecieron 1012 personas.<\/p>\n<p>De ese total de 50.909 casos de la Ciudad de Buenos Aires, 50.909 casos fueron confirmados en el barrio de Caballito (Comuna 6). La semana anterior fueron 1176.<\/p>\n<p>Como se observa, la cantidad de casos y tasas m\u00e1s elevadas se encuentran en las comunas 4, 8, 7 y 1.<\/p>\n<p>Los s\u00edntomas m\u00e1s frecuentes en los casos confirmados fueron tos, odinofagia (dolor de garganta), fiebre (mayor o igual 38\u00b0) y cefalea. 18.237 pacientes confirmados no presentaron s\u00edntomas, o los mismos no fueron consignados.<\/p>\n<p>Los 1012 pacientes fallecidos presentaron una media de edad de 75 a\u00f1os. Del total 555 son varones y 444 mujeres.<\/p>\n<p>Las comorbilidades de mayor frecuencia en los casos fallecidos fueron hipertensi\u00f3n arterial, diabetes y enfermedad neurol\u00f3gica cr\u00f3nica.<\/p>\n<p>Fuente: Bolet\u00edn Epidemiol\u00f3gico. Ministerio de Salud CABA<\/p>\n<p><a href=\"http:\/\/caballitotequiero.com.ar\/portal\/wp-content\/uploads\/2020\/07\/coronavirus-24-de-julio.jpg\" rel=\"attachment wp-att-31281\"><img loading=\"lazy\" decoding=\"async\" class=\"aligncenter size-full wp-image-31281\" src=\"http:\/\/caballitotequiero.com.ar\/portal\/wp-content\/uploads\/2020\/07\/coronavirus-24-de-julio.jpg\" alt=\"CASOS POR COMUNAS\" width=\"749\" height=\"483\" srcset=\"http:\/\/caballitotequiero.com.ar\/portal\/wp-content\/uploads\/2020\/07\/coronavirus-24-de-julio.jpg 749w, http:\/\/caballitotequiero.com.ar\/portal\/wp-content\/uploads\/2020\/07\/coronavirus-24-de-julio-300x193.jpg 300w, http:\/\/caballitotequiero.com.ar\/portal\/wp-content\/uploads\/2020\/07\/coronavirus-24-de-julio-705x455.jpg 705w, http:\/\/caballitotequiero.com.ar\/portal\/wp-content\/uploads\/2020\/07\/coronavirus-24-de-julio-450x290.jpg 450w\" sizes=\"auto, (max-width: 749px) 100vw, 749px\" \/><\/a><\/p>\n<p><a href=\"http:\/\/caballitotequiero.com.ar\/portal\/wp-content\/uploads\/2020\/07\/coronavirus-24-de-julio-barrios.jpg\" rel=\"attachment wp-att-31282\"><img loading=\"lazy\" decoding=\"async\" class=\"aligncenter size-full wp-image-31282\" src=\"http:\/\/caballitotequiero.com.ar\/portal\/wp-content\/uploads\/2020\/07\/coronavirus-24-de-julio-barrios.jpg\" alt=\"\" width=\"600\" height=\"515\" srcset=\"http:\/\/caballitotequiero.com.ar\/portal\/wp-content\/uploads\/2020\/07\/coronavirus-24-de-julio-barrios.jpg 600w, http:\/\/caballitotequiero.com.ar\/portal\/wp-content\/uploads\/2020\/07\/coronavirus-24-de-julio-barrios-300x258.jpg 300w, http:\/\/caballitotequiero.com.ar\/portal\/wp-content\/uploads\/2020\/07\/coronavirus-24-de-julio-barrios-450x386.jpg 450w\" sizes=\"auto, (max-width: 600px) 100vw, 600px\" \/><\/a> <a href=\"http:\/\/caballitotequiero.com.ar\/portal\/wp-content\/uploads\/2020\/07\/coronavirus-24-de-julio-edades.jpg\" rel=\"attachment wp-att-31283\"><img loading=\"lazy\" decoding=\"async\" class=\"aligncenter size-full wp-image-31283\" src=\"http:\/\/caballitotequiero.com.ar\/portal\/wp-content\/uploads\/2020\/07\/coronavirus-24-de-julio-edades.jpg\" alt=\"\" width=\"600\" height=\"488\" srcset=\"http:\/\/caballitotequiero.com.ar\/portal\/wp-content\/uploads\/2020\/07\/coronavirus-24-de-julio-edades.jpg 600w, http:\/\/caballitotequiero.com.ar\/portal\/wp-content\/uploads\/2020\/07\/coronavirus-24-de-julio-edades-300x244.jpg 300w, http:\/\/caballitotequiero.com.ar\/portal\/wp-content\/uploads\/2020\/07\/coronavirus-24-de-julio-edades-450x366.jpg 450w\" sizes=\"auto, (max-width: 600px) 100vw, 600px\" \/><\/a><\/p>\n","protected":false},"excerpt":{"rendered":"<p>Desde la fecha de confirmaci\u00f3n del primer caso de COVID-19 en Argentina (2 de marzo del 2020) hasta el 23 de julio de 2020 inclusive, se han confirmado un total de 50.909 casos de COVID-19 en residentes. Fallecieron 1012 personas. De ese total de 50.909 casos de la Ciudad de Buenos Aires, 50.909 casos fueron [&hellip;]<\/p>\n","protected":false},"author":1,"featured_media":31282,"comment_status":"open","ping_status":"open","sticky":false,"template":"","format":"standard","meta":{"footnotes":""},"categories":[5],"tags":[],"class_list":["post-31280","post","type-post","status-publish","format-standard","has-post-thumbnail","hentry","category-noticias"],"_links":{"self":[{"href":"http:\/\/caballitotequiero.com.ar\/portal\/wp-json\/wp\/v2\/posts\/31280","targetHints":{"allow":["GET"]}}],"collection":[{"href":"http:\/\/caballitotequiero.com.ar\/portal\/wp-json\/wp\/v2\/posts"}],"about":[{"href":"http:\/\/caballitotequiero.com.ar\/portal\/wp-json\/wp\/v2\/types\/post"}],"author":[{"embeddable":true,"href":"http:\/\/caballitotequiero.com.ar\/portal\/wp-json\/wp\/v2\/users\/1"}],"replies":[{"embeddable":true,"href":"http:\/\/caballitotequiero.com.ar\/portal\/wp-json\/wp\/v2\/comments?post=31280"}],"version-history":[{"count":1,"href":"http:\/\/caballitotequiero.com.ar\/portal\/wp-json\/wp\/v2\/posts\/31280\/revisions"}],"predecessor-version":[{"id":31284,"href":"http:\/\/caballitotequiero.com.ar\/portal\/wp-json\/wp\/v2\/posts\/31280\/revisions\/31284"}],"wp:featuredmedia":[{"embeddable":true,"href":"http:\/\/caballitotequiero.com.ar\/portal\/wp-json\/wp\/v2\/media\/31282"}],"wp:attachment":[{"href":"http:\/\/caballitotequiero.com.ar\/portal\/wp-json\/wp\/v2\/media?parent=31280"}],"wp:term":[{"taxonomy":"category","embeddable":true,"href":"http:\/\/caballitotequiero.com.ar\/portal\/wp-json\/wp\/v2\/categories?post=31280"},{"taxonomy":"post_tag","embeddable":true,"href":"http:\/\/caballitotequiero.com.ar\/portal\/wp-json\/wp\/v2\/tags?post=31280"}],"curies":[{"name":"wp","href":"https:\/\/api.w.org\/{rel}","templated":true}]}}