{"id":31377,"date":"2020-08-17T13:53:56","date_gmt":"2020-08-17T16:53:56","guid":{"rendered":"http:\/\/caballitotequiero.com.ar\/portal\/?p=31377"},"modified":"2020-08-17T13:54:30","modified_gmt":"2020-08-17T16:54:30","slug":"campana-solidaria-de-medios-vecinales-por-el-dia-del-nino","status":"publish","type":"post","link":"http:\/\/caballitotequiero.com.ar\/portal\/2020\/08\/17\/campana-solidaria-de-medios-vecinales-por-el-dia-del-nino\/","title":{"rendered":"CAMPA\u00d1A SOLIDARIA DE MEDIOS VECINALES POR EL D\u00cdA DEL NI\u00d1O"},"content":{"rendered":"<p>El 15 de agosto culmin\u00f3 la campa\u00f1a MI BARRIO SOLIDARIO, que llev\u00f3 a cabo la Asociaci\u00f3n Metropolitana de Editores Period\u00edsticos, en articulaci\u00f3n con su radio y el Castillo de Sandro, en los barrios de Boedo y Caballito.\u00a0 \u201cSe cumplieron ampliamente las expectativas y estamos muy agradecidos\u201d manifest\u00f3 el Presidente de la Asociaci\u00f3n, Mario Bruno.<\/p>\n<p>La Asociaci\u00f3n Metropolitana de Editores Peri\u00f3dicos hab\u00eda comenzado hace algunas semanas la Campa\u00f1a Solidaria, difundida ampliamente a trav\u00e9s de todos los programas de Radio AMEP y en sus diferentes medios tanto gr\u00e1ficos como digitales, con el\u00a0 objetivo de recaudar juguetes, alimentos no perecederos y ropa, para acercar a los hogares del barrio de Caballito y Boedo este domingo, fecha en que se celebra el d\u00eda del ni\u00f1o en Argentina.<\/p>\n<p>Cabe destacar, que los oyentes e integrantes del programa Sandro Para Todos, que se emite los mi\u00e9rcoles de 15 a 17 hs por Radio AMEP, se recibi\u00f3 una gran cantidad de donaciones.<\/p>\n<p>Parte de las donaciones realizadas por empresas, comercios y lectores de los medios que integran AMEP, fueron entregadas por su vicepresidenta, Marina Bussio, en la Parroquia Nuestra Se\u00f1ora de Caacupe, ubicada en el barrio de Caballito, frente al Parque Rivadavia. All\u00ed el Padre Eusebio agradeci\u00f3 las cajas de galletitas, alfajores, chupetines y caramelos que fueron entregadas y ser\u00e1n repartidos entre los ni\u00f1os que integran parte de las 250 familias que diariamente acuden al comedor comunitario de la parroquia.<\/p>\n<p>Marina Bussio expres\u00f3 que este este el segundo a\u00f1o en que se lleva adelante esta Campa\u00f1a, que ha crecido en relaci\u00f3n al a\u00f1o anterior, \u201csin duda queda la satisfacci\u00f3n de la tarea realizada y el compromiso de continuar en este camino de compromiso social\u201d.<\/p>\n<p>Otra parte de las donaciones fue donada al hogar de ni\u00f1os del barrio de Boedo, quienes recibieron de la mano de Mario Bruno, Presidente de la Asociaci\u00f3n. Tambi\u00e9n estuvieron presentes la Secretaria General de la Asociaci\u00f3n, Elizabeth Machado y el Director de Cultural CAVA, Luis Ortiz, quienes clasificaron y distribuyeron, la colaboraci\u00f3n de todos los participantes, desde el castillo de Sandro, sede de recaudaci\u00f3n, ubicado en Pav\u00f3n 3939.<\/p>\n<p>Seg\u00fan Machado,\u00a0 Secretaria General de la Asociaci\u00f3n, lo recaudado fue una muestra de gran compromiso y solidaridad. \u201cMe llevo en el coraz\u00f3n la sonrisa de cada una de las personas de los hogares, donde llevamos las donaciones, fue un momento \u00fanico\u201d agreg\u00f3.<\/p>\n<p>Entre lo recibido, se cont\u00f3 con: 320 alfajores que don\u00f3 la empresa GUAYMALLEN, 3 kilos de golosinas, 15 juegos de mesa, 150 juguetes, sillas de beb\u00e9, ba\u00f1adores, mamaderas, frazadas, 24 pares de calzados, 24 libros, ropa (remeras, buzos, camisas, camperas, etc.), \u00fatiles escolares, pa\u00f1ales y alimentos no perecederos (leche, galletitas, az\u00facar, etc.)<\/p>\n<p>Por su parte, Luis Ortiz, se\u00f1al\u00f3 que \u201cSeguiremos en este camino, por lo que realizaremos otras campa\u00f1as solidarias\u201d.<\/p>\n<p>\u201cLa respuesta de la gente fue muy positiva\u201d finaliz\u00f3 emocionado Bruno, quien calific\u00f3 como un evento que super\u00f3 todas las expectativas y deja en alto la solidaridad porte\u00f1a.<\/p>\n<p><a href=\"http:\/\/caballitotequiero.com.ar\/portal\/wp-content\/uploads\/2020\/08\/colage-2.jpg\" rel=\"attachment wp-att-31378\"><img loading=\"lazy\" decoding=\"async\" class=\"aligncenter size-full wp-image-31378\" src=\"http:\/\/caballitotequiero.com.ar\/portal\/wp-content\/uploads\/2020\/08\/colage-2.jpg\" alt=\"\" width=\"750\" height=\"521\" srcset=\"http:\/\/caballitotequiero.com.ar\/portal\/wp-content\/uploads\/2020\/08\/colage-2.jpg 750w, http:\/\/caballitotequiero.com.ar\/portal\/wp-content\/uploads\/2020\/08\/colage-2-300x208.jpg 300w, http:\/\/caballitotequiero.com.ar\/portal\/wp-content\/uploads\/2020\/08\/colage-2-705x490.jpg 705w, http:\/\/caballitotequiero.com.ar\/portal\/wp-content\/uploads\/2020\/08\/colage-2-450x313.jpg 450w\" sizes=\"auto, (max-width: 750px) 100vw, 750px\" \/><\/a><\/p>\n","protected":false},"excerpt":{"rendered":"<p>El 15 de agosto culmin\u00f3 la campa\u00f1a MI BARRIO SOLIDARIO, que llev\u00f3 a cabo la Asociaci\u00f3n Metropolitana de Editores Period\u00edsticos, en articulaci\u00f3n con su radio y el Castillo de Sandro, en los barrios de Boedo y Caballito.\u00a0 \u201cSe cumplieron ampliamente las expectativas y estamos muy agradecidos\u201d manifest\u00f3 el Presidente de la Asociaci\u00f3n, Mario Bruno. La [&hellip;]<\/p>\n","protected":false},"author":1,"featured_media":31378,"comment_status":"open","ping_status":"open","sticky":false,"template":"","format":"standard","meta":{"footnotes":""},"categories":[5],"tags":[],"class_list":["post-31377","post","type-post","status-publish","format-standard","has-post-thumbnail","hentry","category-noticias"],"_links":{"self":[{"href":"http:\/\/caballitotequiero.com.ar\/portal\/wp-json\/wp\/v2\/posts\/31377","targetHints":{"allow":["GET"]}}],"collection":[{"href":"http:\/\/caballitotequiero.com.ar\/portal\/wp-json\/wp\/v2\/posts"}],"about":[{"href":"http:\/\/caballitotequiero.com.ar\/portal\/wp-json\/wp\/v2\/types\/post"}],"author":[{"embeddable":true,"href":"http:\/\/caballitotequiero.com.ar\/portal\/wp-json\/wp\/v2\/users\/1"}],"replies":[{"embeddable":true,"href":"http:\/\/caballitotequiero.com.ar\/portal\/wp-json\/wp\/v2\/comments?post=31377"}],"version-history":[{"count":1,"href":"http:\/\/caballitotequiero.com.ar\/portal\/wp-json\/wp\/v2\/posts\/31377\/revisions"}],"predecessor-version":[{"id":31379,"href":"http:\/\/caballitotequiero.com.ar\/portal\/wp-json\/wp\/v2\/posts\/31377\/revisions\/31379"}],"wp:featuredmedia":[{"embeddable":true,"href":"http:\/\/caballitotequiero.com.ar\/portal\/wp-json\/wp\/v2\/media\/31378"}],"wp:attachment":[{"href":"http:\/\/caballitotequiero.com.ar\/portal\/wp-json\/wp\/v2\/media?parent=31377"}],"wp:term":[{"taxonomy":"category","embeddable":true,"href":"http:\/\/caballitotequiero.com.ar\/portal\/wp-json\/wp\/v2\/categories?post=31377"},{"taxonomy":"post_tag","embeddable":true,"href":"http:\/\/caballitotequiero.com.ar\/portal\/wp-json\/wp\/v2\/tags?post=31377"}],"curies":[{"name":"wp","href":"https:\/\/api.w.org\/{rel}","templated":true}]}}