{"id":31383,"date":"2020-08-19T18:38:56","date_gmt":"2020-08-19T21:38:56","guid":{"rendered":"http:\/\/caballitotequiero.com.ar\/portal\/?p=31383"},"modified":"2020-08-21T18:47:11","modified_gmt":"2020-08-21T21:47:11","slug":"homenaje-a-la-bandera-en-el-208-aniversario-de-su-primer-izamiento-en-la-ciudad","status":"publish","type":"post","link":"http:\/\/caballitotequiero.com.ar\/portal\/2020\/08\/19\/homenaje-a-la-bandera-en-el-208-aniversario-de-su-primer-izamiento-en-la-ciudad\/","title":{"rendered":"HOMENAJE A LA BANDERA EN EL 208 ANIVERSARIO DE SU PRIMER IZAMIENTO EN LA CIUDAD"},"content":{"rendered":"<p>La\u00a0Junta Central de Estudios Hist\u00f3ricos de la Ciudad de Buenos Aires\u00a0 tiene el agrado de invitar al acto en \u201cHomenaje a la Bandera Nacional\u201d, al cumplirse el 208\u00b0 aniversario del Primer Izamiento de la Bandera en la Ciudad de Buenos Aires, en la primitiva Iglesia de San Nicol\u00e1s de Bari, Av. 9 de Julio y Av. Corrientes, hoy \u00a0Plaza\u00a0 de\u00a0 la\u00a0 Rep\u00fablica, el 23 de agosto de 1812.<\/p>\n<p>El mismo se realizar\u00e1 el domingo 23 de agosto, a las 15 hs., con la aplicaci\u00f3n Sal\u00f3n ZOOM. Brindar\u00e1n las palabras de homenaje:<\/p>\n<p>El Sr. Ing. D. Alejandro Rossi Belgrano, Presidente de la ASOCIACI\u00d3N BELGRANIANA DE LA CIUDAD DE BUENOS AIRES<\/p>\n<ul>\n<li>El Sr. Embajador D. Luis Mendiola, Presidente de la JUNTA DE ESTUDIOS HIST\u00d3RICOS DE SAN NICOLAS, Miembro Titular de la JCEHCBA (Fed.)<\/li>\n<li>El Sr. D. Fabi\u00e1n Xavier Castillo Presidente de FEDERACI\u00d3N DE COMERCIO E INDUSTRIA DE LA CIUDAD DE BUENOS AIRES \u2013 FECOBA<\/li>\n<li>El Sr. Lic. D. Manuel Belgrano, Presidente del INSTITUTO NACIONAL BELGRANIANO<\/li>\n<li>El Sr. Lic. D. Rub\u00e9n Domingo Camillozzi, Presidente de la JUNTA CENTRAL DE ESTUDIOS HIST\u00d3RICOS DE LA CIUDAD DE BUENOS AIRES &#8211; Federaci\u00f3n<\/li>\n<\/ul>\n<p><strong>\u00a0<\/strong><strong><em>\u00a0\u00a0\u00a0\u00a0\u00a0\u00a0\u00a0\u00a0\u00a0\u00a0\u00a0\u00a0\u00a0\u00a0 AUSPICIA: FECOBA CULTURA \u2013 PLAN ESTR\u00c1TEGICO 2018-2023<\/em><\/strong><\/p>\n<p><strong>\u00a0 \u00a0 \u00a0 \u00a0 \u00a0<\/strong><strong>\u00a0 \u00a0 \u00a0 \u00a0<\/strong>Lic. Elena In\u00e9s Maurin\u00a0\u00a0\u00a0\u00a0\u00a0\u00a0\u00a0\u00a0\u00a0 Lic.\u00a0 Rub\u00e9n Domingo Camillozzi<\/p>\n<p><strong>\u00a0\u00a0\u00a0\u00a0\u00a0\u00a0\u00a0\u00a0 \u00a0\u00a0\u00a0\u00a0\u00a0\u00a0Secretaria General\u00a0\u00a0\u00a0\u00a0\u00a0\u00a0\u00a0\u00a0\u00a0\u00a0\u00a0\u00a0\u00a0\u00a0\u00a0\u00a0\u00a0\u00a0\u00a0\u00a0\u00a0\u00a0\u00a0\u00a0 \u00a0\u00a0\u00a0\u00a0\u00a0\u00a0\u00a0\u00a0\u00a0\u00a0\u00a0\u00a0\u00a0\u00a0\u00a0\u00a0\u00a0\u00a0\u00a0\u00a0\u00a0\u00a0\u00a0\u00a0Presidente<\/strong><\/p>\n<p><strong>\u00a0<\/strong><\/p>\n<p><strong>APLICACI\u00d3N SAL\u00d3N ZOOM<\/strong><\/p>\n<p>Tema: La Bandera en Buenos Aires<\/p>\n<p>Hora: 23 ago. 2020 03:00 PM Buenos Aires, Georgetown<\/p>\n<p>Unirse a la reuni\u00f3n Zoom<\/p>\n<p>https:\/\/us02web.zoom.us\/j\/82610600173?pwd=WnVZQ09zV0RQZUpqcVdxdkVRaHhXZz09<\/p>\n<p>ID de reuni\u00f3n: 826 1060 0173<\/p>\n<p>C\u00f3digo de acceso: 764015<strong>\u00a0\u00a0\u00a0\u00a0\u00a0 <\/strong><\/p>\n<p><a href=\"http:\/\/caballitotequiero.com.ar\/portal\/wp-content\/uploads\/2020\/08\/1597856773657blob.png\" rel=\"attachment wp-att-31384\"><img loading=\"lazy\" decoding=\"async\" class=\"aligncenter size-full wp-image-31384\" src=\"http:\/\/caballitotequiero.com.ar\/portal\/wp-content\/uploads\/2020\/08\/1597856773657blob.png\" alt=\"\" width=\"589\" height=\"331\" srcset=\"http:\/\/caballitotequiero.com.ar\/portal\/wp-content\/uploads\/2020\/08\/1597856773657blob.png 589w, http:\/\/caballitotequiero.com.ar\/portal\/wp-content\/uploads\/2020\/08\/1597856773657blob-300x169.png 300w, http:\/\/caballitotequiero.com.ar\/portal\/wp-content\/uploads\/2020\/08\/1597856773657blob-450x253.png 450w\" sizes=\"auto, (max-width: 589px) 100vw, 589px\" \/><\/a>\u00a0\u00a0\u00a0\u00a0\u00a0\u00a0\u00a0\u00a0\u00a0\u00a0\u00a0\u00a0\u00a0\u00a0\u00a0\u00a0\u00a0\u00a0\u00a0\u00a0\u00a0\u00a0\u00a0\u00a0\u00a0\u00a0\u00a0\u00a0\u00a0\u00a0\u00a0\u00a0\u00a0\u00a0\u00a0<strong>\u00a0\u00a0\u00a0\u00a0\u00a0\u00a0\u00a0\u00a0\u00a0\u00a0\u00a0\u00a0\u00a0\u00a0\u00a0\u00a0\u00a0\u00a0\u00a0\u00a0\u00a0\u00a0\u00a0\u00a0\u00a0\u00a0\u00a0\u00a0\u00a0\u00a0\u00a0\u00a0\u00a0\u00a0\u00a0\u00a0\u00a0\u00a0\u00a0\u00a0\u00a0\u00a0\u00a0\u00a0\u00a0\u00a0\u00a0\u00a0\u00a0\u00a0\u00a0\u00a0\u00a0\u00a0\u00a0\u00a0\u00a0\u00a0\u00a0\u00a0\u00a0\u00a0\u00a0\u00a0\u00a0\u00a0\u00a0\u00a0\u00a0\u00a0\u00a0\u00a0\u00a0\u00a0\u00a0\u00a0\u00a0\u00a0\u00a0\u00a0\u00a0\u00a0\u00a0\u00a0\u00a0\u00a0\u00a0\u00a0<\/strong><\/p>\n<p>&nbsp;<\/p>\n","protected":false},"excerpt":{"rendered":"<p>La\u00a0Junta Central de Estudios Hist\u00f3ricos de la Ciudad de Buenos Aires\u00a0 tiene el agrado de invitar al acto en \u201cHomenaje a la Bandera Nacional\u201d, al cumplirse el 208\u00b0 aniversario del Primer Izamiento de la Bandera en la Ciudad de Buenos Aires, en la primitiva Iglesia de San Nicol\u00e1s de Bari, Av. 9 de Julio y [&hellip;]<\/p>\n","protected":false},"author":1,"featured_media":31384,"comment_status":"open","ping_status":"open","sticky":false,"template":"","format":"standard","meta":{"footnotes":""},"categories":[5],"tags":[],"class_list":["post-31383","post","type-post","status-publish","format-standard","has-post-thumbnail","hentry","category-noticias"],"_links":{"self":[{"href":"http:\/\/caballitotequiero.com.ar\/portal\/wp-json\/wp\/v2\/posts\/31383","targetHints":{"allow":["GET"]}}],"collection":[{"href":"http:\/\/caballitotequiero.com.ar\/portal\/wp-json\/wp\/v2\/posts"}],"about":[{"href":"http:\/\/caballitotequiero.com.ar\/portal\/wp-json\/wp\/v2\/types\/post"}],"author":[{"embeddable":true,"href":"http:\/\/caballitotequiero.com.ar\/portal\/wp-json\/wp\/v2\/users\/1"}],"replies":[{"embeddable":true,"href":"http:\/\/caballitotequiero.com.ar\/portal\/wp-json\/wp\/v2\/comments?post=31383"}],"version-history":[{"count":1,"href":"http:\/\/caballitotequiero.com.ar\/portal\/wp-json\/wp\/v2\/posts\/31383\/revisions"}],"predecessor-version":[{"id":31385,"href":"http:\/\/caballitotequiero.com.ar\/portal\/wp-json\/wp\/v2\/posts\/31383\/revisions\/31385"}],"wp:featuredmedia":[{"embeddable":true,"href":"http:\/\/caballitotequiero.com.ar\/portal\/wp-json\/wp\/v2\/media\/31384"}],"wp:attachment":[{"href":"http:\/\/caballitotequiero.com.ar\/portal\/wp-json\/wp\/v2\/media?parent=31383"}],"wp:term":[{"taxonomy":"category","embeddable":true,"href":"http:\/\/caballitotequiero.com.ar\/portal\/wp-json\/wp\/v2\/categories?post=31383"},{"taxonomy":"post_tag","embeddable":true,"href":"http:\/\/caballitotequiero.com.ar\/portal\/wp-json\/wp\/v2\/tags?post=31383"}],"curies":[{"name":"wp","href":"https:\/\/api.w.org\/{rel}","templated":true}]}}