{"id":31423,"date":"2020-09-04T08:51:17","date_gmt":"2020-09-04T11:51:17","guid":{"rendered":"http:\/\/caballitotequiero.com.ar\/portal\/?p=31423"},"modified":"2020-09-07T16:41:47","modified_gmt":"2020-09-07T19:41:47","slug":"coronavirus-en-caballito-3948-casos-confirmados","status":"publish","type":"post","link":"http:\/\/caballitotequiero.com.ar\/portal\/2020\/09\/04\/coronavirus-en-caballito-3948-casos-confirmados\/","title":{"rendered":"CORONAVIRUS EN CABALLITO, 3948 CASOS CONFIRMADOS"},"content":{"rendered":"<p>Desde la fecha de confirmaci\u00f3n del primer caso de COVID-19 en Argentina (2 de marzo del 2020) hasta el 2 de septiembre de 2020 inclusive, se han confirmado un total de \u00a098.597 \u00a0casos de COVID-19 en residentes. Fallecieron 2376 \u00a0personas.<\/p>\n<p><strong>De ese total de 98.597 casos de la Ciudad de Buenos Aires, 3948\u00a0 casos fueron confirmados\u00a0 en el barrio de Caballito (Comuna 6). La semana anterior fueron 3498.<\/strong><\/p>\n<p>El s\u00edntoma m\u00e1s frecuente fue tos (17,4% del total de s\u00edntomas consignados), seguido por dolor de garganta (13,4%), cefalea (12,9%) y fiebre mayor o igual 38\u00b0 (12,7%). En 24.509 casos confirmados no se consignaron s\u00edntomas<\/p>\n<p>Los 2376 pacientes fallecidos presentaron una media de edad de 76 a\u00f1os (rango: 21-106). Del total 1254 son varones y 1097 mujeres.<\/p>\n<p>Las comorbilidades de mayor frecuencia en los casos fallecidos fueron hipertensi\u00f3n arterial, diabetes y enfermedad neurol\u00f3gica cr\u00f3nica.<\/p>\n<p>Fuente: Bolet\u00edn Epidemiogico. Ministerio de Salud CABA<\/p>\n<p>&nbsp;<\/p>\n<p><strong>CASOS CONFIRMADOS POR BARRIO<\/strong><\/p>\n<p><a href=\"http:\/\/caballitotequiero.com.ar\/portal\/wp-content\/uploads\/2020\/09\/coronavirus-5-sept.jpg\" rel=\"attachment wp-att-31424\"><img loading=\"lazy\" decoding=\"async\" class=\"aligncenter size-full wp-image-31424\" src=\"http:\/\/caballitotequiero.com.ar\/portal\/wp-content\/uploads\/2020\/09\/coronavirus-5-sept.jpg\" alt=\"coronavirus 5 sept\" width=\"645\" height=\"872\" srcset=\"http:\/\/caballitotequiero.com.ar\/portal\/wp-content\/uploads\/2020\/09\/coronavirus-5-sept.jpg 645w, http:\/\/caballitotequiero.com.ar\/portal\/wp-content\/uploads\/2020\/09\/coronavirus-5-sept-222x300.jpg 222w, http:\/\/caballitotequiero.com.ar\/portal\/wp-content\/uploads\/2020\/09\/coronavirus-5-sept-521x705.jpg 521w, http:\/\/caballitotequiero.com.ar\/portal\/wp-content\/uploads\/2020\/09\/coronavirus-5-sept-450x608.jpg 450w\" sizes=\"auto, (max-width: 645px) 100vw, 645px\" \/><\/a><\/p>\n","protected":false},"excerpt":{"rendered":"<p>Desde la fecha de confirmaci\u00f3n del primer caso de COVID-19 en Argentina (2 de marzo del 2020) hasta el 2 de septiembre de 2020 inclusive, se han confirmado un total de \u00a098.597 \u00a0casos de COVID-19 en residentes. Fallecieron 2376 \u00a0personas. De ese total de 98.597 casos de la Ciudad de Buenos Aires, 3948\u00a0 casos fueron [&hellip;]<\/p>\n","protected":false},"author":1,"featured_media":31354,"comment_status":"open","ping_status":"open","sticky":false,"template":"","format":"standard","meta":{"footnotes":""},"categories":[5],"tags":[],"class_list":["post-31423","post","type-post","status-publish","format-standard","has-post-thumbnail","hentry","category-noticias"],"_links":{"self":[{"href":"http:\/\/caballitotequiero.com.ar\/portal\/wp-json\/wp\/v2\/posts\/31423","targetHints":{"allow":["GET"]}}],"collection":[{"href":"http:\/\/caballitotequiero.com.ar\/portal\/wp-json\/wp\/v2\/posts"}],"about":[{"href":"http:\/\/caballitotequiero.com.ar\/portal\/wp-json\/wp\/v2\/types\/post"}],"author":[{"embeddable":true,"href":"http:\/\/caballitotequiero.com.ar\/portal\/wp-json\/wp\/v2\/users\/1"}],"replies":[{"embeddable":true,"href":"http:\/\/caballitotequiero.com.ar\/portal\/wp-json\/wp\/v2\/comments?post=31423"}],"version-history":[{"count":1,"href":"http:\/\/caballitotequiero.com.ar\/portal\/wp-json\/wp\/v2\/posts\/31423\/revisions"}],"predecessor-version":[{"id":31425,"href":"http:\/\/caballitotequiero.com.ar\/portal\/wp-json\/wp\/v2\/posts\/31423\/revisions\/31425"}],"wp:featuredmedia":[{"embeddable":true,"href":"http:\/\/caballitotequiero.com.ar\/portal\/wp-json\/wp\/v2\/media\/31354"}],"wp:attachment":[{"href":"http:\/\/caballitotequiero.com.ar\/portal\/wp-json\/wp\/v2\/media?parent=31423"}],"wp:term":[{"taxonomy":"category","embeddable":true,"href":"http:\/\/caballitotequiero.com.ar\/portal\/wp-json\/wp\/v2\/categories?post=31423"},{"taxonomy":"post_tag","embeddable":true,"href":"http:\/\/caballitotequiero.com.ar\/portal\/wp-json\/wp\/v2\/tags?post=31423"}],"curies":[{"name":"wp","href":"https:\/\/api.w.org\/{rel}","templated":true}]}}