{"id":31438,"date":"2020-09-03T16:56:50","date_gmt":"2020-09-03T19:56:50","guid":{"rendered":"http:\/\/caballitotequiero.com.ar\/portal\/?p=31438"},"modified":"2020-09-07T17:02:46","modified_gmt":"2020-09-07T20:02:46","slug":"habra-areas-peatonales-en-caballito-los-fines-de-semana","status":"publish","type":"post","link":"http:\/\/caballitotequiero.com.ar\/portal\/2020\/09\/03\/habra-areas-peatonales-en-caballito-los-fines-de-semana\/","title":{"rendered":"HABR\u00c1 \u00c1REAS PEATONALES EN CABALLITO LOS FINES DE SEMANA"},"content":{"rendered":"<p>La Ciudad de Buenos Aires mostr\u00f3\u00a0 el modelo de las \u00e1reas peatonales que dispondr\u00e1 los fines de semana para facilitar la circulaci\u00f3n y permanencia de las personas en polos gastron\u00f3micos y en los centros comerciales y recreativos a cielo abierto, con un distanciamiento f\u00edsico que reduzca el riesgo de contagio de coronavirus.<\/p>\n<p>Se trata de un plan que contempla el cierre de calles, parciales y totales, en 15 \u00e1reas, una por Comuna, para bloquear el tr\u00e1nsito vehicular y ganar espacio para que la gente que sale a caminar o hacer actividad recreativa al aire libre pueda circular de manera segura.<\/p>\n<p>La medida arrancar\u00e1 con tres zonas peatonales: en Villa Devoto, sobre la calle Fern\u00e1ndez de Enciso; en San Telmo, en un pol\u00edgono del Casco Hist\u00f3rico; <strong>y en Caballito, sobre Valle, entre Emilio Mitre y Del Barco Centenera,<\/strong> y prev\u00e9 extenderse gradualmente al resto de las Comunas durante septiembre.<\/p>\n<p>El vicejefe de Gobierno, Diego Santilli, dijo que se est\u00e1 trabajando para \u00abla salud integral de las personas, y as\u00ed evitar contagios y salvar vidas\u00bb, y afirm\u00f3 que hay que pensar en el trabajo de las personas, \u00aben las Pymes que han sufrido mucho, ya que siete de cada 10 trabajos en la Ciudad dependen de ellas. Vamos con mucha gradualidad, dando pasitos para ir recuperando libertades que nos quit\u00f3 la pandemia en el mundo\u00bb.<\/p>\n<p><a href=\"http:\/\/caballitotequiero.com.ar\/portal\/wp-content\/uploads\/2020\/09\/peatonal-1.jpg\" rel=\"attachment wp-att-31439\"><img loading=\"lazy\" decoding=\"async\" class=\"aligncenter size-full wp-image-31439\" src=\"http:\/\/caballitotequiero.com.ar\/portal\/wp-content\/uploads\/2020\/09\/peatonal-1.jpg\" alt=\"\" width=\"700\" height=\"394\" srcset=\"http:\/\/caballitotequiero.com.ar\/portal\/wp-content\/uploads\/2020\/09\/peatonal-1.jpg 700w, http:\/\/caballitotequiero.com.ar\/portal\/wp-content\/uploads\/2020\/09\/peatonal-1-300x169.jpg 300w, http:\/\/caballitotequiero.com.ar\/portal\/wp-content\/uploads\/2020\/09\/peatonal-1-450x253.jpg 450w\" sizes=\"auto, (max-width: 700px) 100vw, 700px\" \/><\/a><\/p>\n","protected":false},"excerpt":{"rendered":"<p>La Ciudad de Buenos Aires mostr\u00f3\u00a0 el modelo de las \u00e1reas peatonales que dispondr\u00e1 los fines de semana para facilitar la circulaci\u00f3n y permanencia de las personas en polos gastron\u00f3micos y en los centros comerciales y recreativos a cielo abierto, con un distanciamiento f\u00edsico que reduzca el riesgo de contagio de coronavirus. Se trata de [&hellip;]<\/p>\n","protected":false},"author":1,"featured_media":31439,"comment_status":"open","ping_status":"open","sticky":false,"template":"","format":"standard","meta":{"footnotes":""},"categories":[5],"tags":[],"class_list":["post-31438","post","type-post","status-publish","format-standard","has-post-thumbnail","hentry","category-noticias"],"_links":{"self":[{"href":"http:\/\/caballitotequiero.com.ar\/portal\/wp-json\/wp\/v2\/posts\/31438","targetHints":{"allow":["GET"]}}],"collection":[{"href":"http:\/\/caballitotequiero.com.ar\/portal\/wp-json\/wp\/v2\/posts"}],"about":[{"href":"http:\/\/caballitotequiero.com.ar\/portal\/wp-json\/wp\/v2\/types\/post"}],"author":[{"embeddable":true,"href":"http:\/\/caballitotequiero.com.ar\/portal\/wp-json\/wp\/v2\/users\/1"}],"replies":[{"embeddable":true,"href":"http:\/\/caballitotequiero.com.ar\/portal\/wp-json\/wp\/v2\/comments?post=31438"}],"version-history":[{"count":1,"href":"http:\/\/caballitotequiero.com.ar\/portal\/wp-json\/wp\/v2\/posts\/31438\/revisions"}],"predecessor-version":[{"id":31440,"href":"http:\/\/caballitotequiero.com.ar\/portal\/wp-json\/wp\/v2\/posts\/31438\/revisions\/31440"}],"wp:featuredmedia":[{"embeddable":true,"href":"http:\/\/caballitotequiero.com.ar\/portal\/wp-json\/wp\/v2\/media\/31439"}],"wp:attachment":[{"href":"http:\/\/caballitotequiero.com.ar\/portal\/wp-json\/wp\/v2\/media?parent=31438"}],"wp:term":[{"taxonomy":"category","embeddable":true,"href":"http:\/\/caballitotequiero.com.ar\/portal\/wp-json\/wp\/v2\/categories?post=31438"},{"taxonomy":"post_tag","embeddable":true,"href":"http:\/\/caballitotequiero.com.ar\/portal\/wp-json\/wp\/v2\/tags?post=31438"}],"curies":[{"name":"wp","href":"https:\/\/api.w.org\/{rel}","templated":true}]}}