{"id":31478,"date":"2020-09-25T21:51:25","date_gmt":"2020-09-26T00:51:25","guid":{"rendered":"http:\/\/caballitotequiero.com.ar\/portal\/?p=31478"},"modified":"2020-09-25T21:51:25","modified_gmt":"2020-09-26T00:51:25","slug":"26-de-septiembre-dia-del-baston-verde","status":"publish","type":"post","link":"http:\/\/caballitotequiero.com.ar\/portal\/2020\/09\/25\/26-de-septiembre-dia-del-baston-verde\/","title":{"rendered":"26 DE SEPTIEMBRE, D\u00cdA DEL BAST\u00d3N VERDE"},"content":{"rendered":"<p>La Escuela para Ni\u00f1os y J\u00f3venes\u00a0con Discapacidad Visual N\u00ba 35\u00a0\u00abJos\u00e9 Manuel Estrada\u00bb, ubicada en Av. Juan Bautista Alberdi\u00a0 1083, impulsa la difusi\u00f3n del d\u00eda 26 de septiembre como el D\u00eda del Bast\u00f3n Verde.<\/p>\n<p style=\"font-weight: 400;\">La profesora y especialista en baja visi\u00f3n, Perla Catherine Mayo, presidenta de\u00a0la Fundaci\u00f3n \u00abEl derecho a ver\u00bb y directora del Centro de Baja Visi\u00f3n Argentina\/\u00a0Uruguay, cre\u00f3 en Argentina en el a\u00f1o 1994 el bast\u00f3n verde, aunque no empez\u00f3 a\u00a0utilizarse de manera formal hasta 1998.<\/p>\n<p style=\"font-weight: 400;\"><strong>\u00bfPor qu\u00e9 es necesario este bast\u00f3n?\u00a0<\/strong><\/p>\n<p style=\"font-weight: 400;\">La respuesta es muy sencilla, no es lo mismo no ver nada que tener alg\u00fan resto visual, aunque sea m\u00ednimo, adem\u00e1s el colectivo de baja visi\u00f3n muchas veces se vuelve invisible a la sociedad al no tener las mismas necesidades, pero s\u00ed otras que muchas veces pasan desapercibidas.<\/p>\n<p style=\"font-weight: 400;\"><strong>Ley 25.682 &#8211; Personas con Baja Visi\u00f3n<\/strong><\/p>\n<p style=\"font-weight: 400;\">Ad\u00f3ptese, en todo el territorio de la Rep\u00fablica Argentina, como instrumento de orientaci\u00f3n y movilidad para las personas con baja visi\u00f3n, el uso del bast\u00f3n verde.<\/p>\n<p style=\"font-weight: 400;\">Sancionada: noviembre 27 de 2002.<\/p>\n<p style=\"font-weight: 400;\">Promulgada: diciembre 27 de 2002.<\/p>\n<p style=\"font-weight: 400;\">El Senado y C\u00e1mara de Diputados de la Naci\u00f3n Argentina reunidos en Congreso, etc., sancionan con fuerza de Ley:<\/p>\n<p style=\"font-weight: 400;\">ARTICULO 1\u00b0\u00a0\u2014 Ad\u00f3ptese a partir de la presente ley, el uso del bast\u00f3n verde en todo el territorio de la Rep\u00fablica Argentina como instrumento de orientaci\u00f3n y movilidad para las personas con baja visi\u00f3n.<\/p>\n<p style=\"font-weight: 400;\">El mismo tendr\u00e1 iguales caracter\u00edsticas en peso, longitud, empu\u00f1adura el\u00e1stica, rebatibilidad y anilla fluorescente que los bastones blancos utilizados por las personas ciegas.<\/p>\n<p style=\"font-weight: 400;\">ARTICULO 2\u00b0\u00a0\u2014 Podr\u00e1n hacer uso del bast\u00f3n verde las personas con discapacidad visual que as\u00ed lo acrediten conforme lo establecido en el art\u00edculo 3\u00b0 de la Ley 22.431, y se encuentren comprendidos dentro de las condiciones y caracter\u00edsticas se\u00f1aladas por la Organizaci\u00f3n Mundial de la Salud para las personas con baja visi\u00f3n.<\/p>\n<p style=\"font-weight: 400;\">ARTICULO 3\u00b0\u00a0\u2014 El bast\u00f3n verde ser\u00e1 considerado como elemento y\/o instrumento de apoyo en los t\u00e9rminos del art\u00edculo 35 de la Ley 24.901 y su cobertura ser\u00e1 obligatoria para todos los agentes mencionados en los art\u00edculos 2\u00b0 y 3\u00b0 de la referida ley.<\/p>\n<p style=\"font-weight: 400;\">ARTICULO 4\u00b0\u00a0\u2014 Fac\u00faltese al Poder Ejecutivo nacional a instrumentar los mecanismos necesarios para la implementaci\u00f3n de una masiva campa\u00f1a de difusi\u00f3n nacional acerca de las ventajas de la utilizaci\u00f3n del bast\u00f3n verde para las personas con baja visi\u00f3n y de su significado para comprensi\u00f3n de toda la ciudadan\u00eda.<\/p>\n<p style=\"font-weight: 400;\">ARTICULO 5\u00b0\u00a0\u2014 Comun\u00edquese al Poder Ejecutivo.<\/p>\n<p style=\"font-weight: 400;\"><strong>\u00bfQui\u00e9nes tienen baja visi\u00f3n?<\/strong><\/p>\n<p style=\"font-weight: 400;\">Para la\u00a0OMS (Organizaci\u00f3n Mundial para la Salud), una persona con baja visi\u00f3n se\u00a0encontrar\u00eda entre los siguientes par\u00e1metros:<\/p>\n<p style=\"font-weight: 400;\">\u2714 Teniendo en cuenta la\u00a0<u>agudeza visual<\/u>\u00a0(nitidez con la que podemos distinguir\u00a0los objetos), entre 0 (ceguera total) y 0,3 (siendo 1 la m\u00e1xima agudeza visual\u00a0posible con la mejor correcci\u00f3n en ambos ojos).<\/p>\n<p style=\"font-weight: 400;\">\u2714 Teniendo en cuenta el\u00a0<u>campo visual\u00a0<\/u>(panor\u00e1mica con la que percibimos los objetos), entre 0 (ceguera total) y 20\u00ba (siendo aproximadamente 140\u00ba el m\u00e1ximo\u00a0campo visual).<\/p>\n<p style=\"font-weight: 400;\"><a href=\"http:\/\/caballitotequiero.com.ar\/portal\/wp-content\/uploads\/2020\/09\/baston-verde-web.jpg\" rel=\"attachment wp-att-31479\"><img loading=\"lazy\" decoding=\"async\" class=\"aligncenter size-full wp-image-31479\" src=\"http:\/\/caballitotequiero.com.ar\/portal\/wp-content\/uploads\/2020\/09\/baston-verde-web.jpg\" alt=\"\" width=\"650\" height=\"488\" srcset=\"http:\/\/caballitotequiero.com.ar\/portal\/wp-content\/uploads\/2020\/09\/baston-verde-web.jpg 650w, http:\/\/caballitotequiero.com.ar\/portal\/wp-content\/uploads\/2020\/09\/baston-verde-web-300x225.jpg 300w, http:\/\/caballitotequiero.com.ar\/portal\/wp-content\/uploads\/2020\/09\/baston-verde-web-450x338.jpg 450w\" sizes=\"auto, (max-width: 650px) 100vw, 650px\" \/><\/a><\/p>\n","protected":false},"excerpt":{"rendered":"<p>La Escuela para Ni\u00f1os y J\u00f3venes\u00a0con Discapacidad Visual N\u00ba 35\u00a0\u00abJos\u00e9 Manuel Estrada\u00bb, ubicada en Av. Juan Bautista Alberdi\u00a0 1083, impulsa la difusi\u00f3n del d\u00eda 26 de septiembre como el D\u00eda del Bast\u00f3n Verde. La profesora y especialista en baja visi\u00f3n, Perla Catherine Mayo, presidenta de\u00a0la Fundaci\u00f3n \u00abEl derecho a ver\u00bb y directora del Centro de [&hellip;]<\/p>\n","protected":false},"author":1,"featured_media":31479,"comment_status":"open","ping_status":"open","sticky":false,"template":"","format":"standard","meta":{"footnotes":""},"categories":[5],"tags":[],"class_list":["post-31478","post","type-post","status-publish","format-standard","has-post-thumbnail","hentry","category-noticias"],"_links":{"self":[{"href":"http:\/\/caballitotequiero.com.ar\/portal\/wp-json\/wp\/v2\/posts\/31478","targetHints":{"allow":["GET"]}}],"collection":[{"href":"http:\/\/caballitotequiero.com.ar\/portal\/wp-json\/wp\/v2\/posts"}],"about":[{"href":"http:\/\/caballitotequiero.com.ar\/portal\/wp-json\/wp\/v2\/types\/post"}],"author":[{"embeddable":true,"href":"http:\/\/caballitotequiero.com.ar\/portal\/wp-json\/wp\/v2\/users\/1"}],"replies":[{"embeddable":true,"href":"http:\/\/caballitotequiero.com.ar\/portal\/wp-json\/wp\/v2\/comments?post=31478"}],"version-history":[{"count":1,"href":"http:\/\/caballitotequiero.com.ar\/portal\/wp-json\/wp\/v2\/posts\/31478\/revisions"}],"predecessor-version":[{"id":31480,"href":"http:\/\/caballitotequiero.com.ar\/portal\/wp-json\/wp\/v2\/posts\/31478\/revisions\/31480"}],"wp:featuredmedia":[{"embeddable":true,"href":"http:\/\/caballitotequiero.com.ar\/portal\/wp-json\/wp\/v2\/media\/31479"}],"wp:attachment":[{"href":"http:\/\/caballitotequiero.com.ar\/portal\/wp-json\/wp\/v2\/media?parent=31478"}],"wp:term":[{"taxonomy":"category","embeddable":true,"href":"http:\/\/caballitotequiero.com.ar\/portal\/wp-json\/wp\/v2\/categories?post=31478"},{"taxonomy":"post_tag","embeddable":true,"href":"http:\/\/caballitotequiero.com.ar\/portal\/wp-json\/wp\/v2\/tags?post=31478"}],"curies":[{"name":"wp","href":"https:\/\/api.w.org\/{rel}","templated":true}]}}