{"id":31574,"date":"2020-10-13T23:57:51","date_gmt":"2020-10-14T02:57:51","guid":{"rendered":"http:\/\/caballitotequiero.com.ar\/portal\/?p=31574"},"modified":"2020-10-20T00:21:05","modified_gmt":"2020-10-20T03:21:05","slug":"ciclo-de-charlas-a-beneficio-sobre-barrios-portenos","status":"publish","type":"post","link":"http:\/\/caballitotequiero.com.ar\/portal\/2020\/10\/13\/ciclo-de-charlas-a-beneficio-sobre-barrios-portenos\/","title":{"rendered":"CICLO DE CHARLAS A BENEFICIO SOBRE BARRIOS PORTE\u00d1OS"},"content":{"rendered":"<p>La Junta Central de Estudios Hist\u00f3ricos de la Ciudad de Buenos Aires invita a participar en el Ciclo de Charlas sobre Barrios Porte\u00f1os.<\/p>\n<p><b><span lang=\"es\">Historiadores de reconocida trayectoria se unen a la Sociedad Friulana para colaborar con las cooperadoras de Hospitales p\u00fablicos de la ciudad.\u00a0<\/span><\/b><span lang=\"es\">\u00a0<\/span><span lang=\"es\">Buscando aportar un peque\u00f1o granito de arena a quienes combaten la Pandemia en primera l\u00ednea,.<\/span><\/p>\n<div dir=\"ltr\">\n<div>\n<p><span lang=\"es\"><span style=\"font-family: 'trebuchet ms', sans-serif;\">El objetivo es\u00a0llegar a los vecinos de la ciudad, para que puedan conocer el origen de su barrio mientras est\u00e1n colaborando con Cooperadoras de hospitales p\u00fablicos.<\/span><\/span><\/p>\n<p><strong><span lang=\"es\"><span style=\"font-family: 'trebuchet ms', sans-serif;\">\u00a0<\/span><\/span>Proximas reuniones<\/strong><\/p>\n<\/div>\n<\/div>\n<div dir=\"ltr\">\n<p><span style=\"color: #660000;\"><span style=\"font-family: 'trebuchet ms', sans-serif;\"><b>\u00a01<\/b><\/span><b><span style=\"font-family: 'trebuchet ms', sans-serif;\">3 de octubre\u00a0&#8211;<\/span><\/b><\/span>\u00a0<span style=\"color: #073763;\">Dra Elena Ines Maurin Barrio Almagro A beneficio del Hospital Zubizarreta<\/span><\/p>\n<p><span style=\"color: #660000; font-family: 'trebuchet ms', sans-serif;\"><b>20 de octubre\u00a0&#8211;<\/b><\/span>\u00a0<span style=\"font-family: Calibri, sans-serif;\">Dra Azucena Contino.\u00a0<\/span><b>Barrio Villa Pueyrredon<\/b><span style=\"font-family: Calibri, sans-serif;\">\u00a0 A beneficio del Hospital Zubizarreta<\/span><\/p>\n<p><span style=\"color: #660000; font-family: 'trebuchet ms', sans-serif;\"><b>27 de octubre\u00a0&#8211;\u00a0<\/b><\/span>\u00a0Lic. Susana Gesualdi.\u00a0<b>Visita virtual al\u00a0\u00a0Cementerio de la Recoleta.\u00a0<\/b>A beneficio del Hospital Zubizarreta.<\/p>\n<p><span style=\"font-family: 'trebuchet ms', sans-serif;\"><span style=\"color: #660000;\"><b>3 de noviembre<\/b>\u00a0<\/span><span style=\"color: #660000;\">&#8211;<\/span>\u00a0Prof. Arnaldo I. Miranda Tumbarello\u00a0<b>\u00a0Himno Nacional Argentino\u00a0<\/b><b>\u00a0<\/b>A beneficio del Hospital Zubizarreta.<\/span><\/p>\n<p><span style=\"font-family: 'trebuchet ms', sans-serif;\"><span style=\"color: #660000;\"><b>10 de noviembre\u00a0<\/b><\/span><span style=\"color: #660000;\">&#8211;<\/span>\u00a0<span style=\"color: #073763;\">\u00a0Lic.\u00a0Susana Costa\u00a0y DG\u00a0 Noem\u00ed Lilian Salva.<\/span><\/span><span style=\"font-family: Calibri, sans-serif;\">\u00a0<\/span><b>Buenos Aires Italiana\u00a0 Barrios con impronta peninsula<\/b><b><span style=\"color: #073763; font-family: 'trebuchet ms', sans-serif;\">r.<\/span><span style=\"font-family: Calibri, sans-serif;\">\u00a0\u00a0<\/span><\/b><span style=\"font-family: Calibri, sans-serif;\">A beneficio del Hospital Zubizarreta.<\/span><\/p>\n<p><span style=\"font-family: 'trebuchet ms', sans-serif;\"><b><span lang=\"es\">El costo de cada conferencia es de $250<\/span><\/b><b><span lang=\"es\">. La organizaci\u00f3n, el cobro del arancel y la transferencia a las Cooperadoras de los hospitales ser\u00e1 gestionado por la Sociedad Friulana.<br \/>\n<\/span><\/b><\/span><\/p>\n<p><b><\/b><span style=\"font-family: 'trebuchet ms', sans-serif;\"><b><span lang=\"es\">Informes e inscripci\u00f3n:\u00a0<\/span><\/b><span lang=\"es\"><a href=\"mailto:friulanabuenosaires@fogolares.org\" target=\"_blank\" rel=\"noreferrer noopener\"><b>friulanabuenosaires@fogolares.<wbr \/>org<\/b><\/a><\/span><b><span lang=\"es\">\u00a0o a trav\u00e9s de la web\u00a0<\/span><\/b><span lang=\"es\"><a href=\"http:\/\/fogolares.org\/friulanaonline\" target=\"_blank\" rel=\"noreferrer noopener\" data-saferedirecturl=\"https:\/\/www.google.com\/url?q=http:\/\/fogolares.org\/friulanaonline&amp;source=gmail&amp;ust=1603248805770000&amp;usg=AFQjCNHCpaCvgAGkRpNVFiNyVzlXuxHAXg\"><b>http:\/\/fogolares.org\/<wbr \/>friulanaonline<\/b><\/a><\/span><b><span lang=\"es\">\u00a0llenando el formulario de registro.<\/span><\/b><\/span><\/p>\n<p><span style=\"font-family: 'trebuchet ms', sans-serif;\"><b><span lang=\"es\"><span style=\"color: #660000;\">Luego de realizar el pago\u00a0enviar el comprobante por email a\u00a0<a href=\"mailto:friulanabuenosaires@fogolares.org\" target=\"_blank\" rel=\"noreferrer noopener\">friulanabuenosaires@fogolares.<wbr \/>org<\/a>\u00a0posteriormente\u00a0se enviar\u00e1 el link para unirse a la reuni\u00f3n por plataforma Meet de Google.<\/span><br \/>\n<\/span><\/b><\/span><\/p>\n<p><span style=\"font-family: 'trebuchet ms', sans-serif; font-size: small;\"><b>Para abonar por mercado pago :\u00a0<\/b><\/span><span style=\"font-size: small;\"><a href=\"https:\/\/www.mercadopago.com.ar\/checkout\/v1\/redirect?pref_id=371074298-12a4a054-ef29-4adc-b6e6-e09fc4330dcd\" target=\"_blank\" rel=\"noreferrer noopener\" data-saferedirecturl=\"https:\/\/www.google.com\/url?q=https:\/\/www.mercadopago.com.ar\/checkout\/v1\/redirect?pref_id%3D371074298-12a4a054-ef29-4adc-b6e6-e09fc4330dcd&amp;source=gmail&amp;ust=1603248805770000&amp;usg=AFQjCNEmxLwZeNDV0fCzpHTgnJSLiA96IQ\">https:\/\/www.mercadopago.com.<wbr \/>ar\/checkout\/v1\/redirect?pref_<wbr \/>id=371074298-12a4a054-ef29-<wbr \/>4adc-b6e6-e09fc4330dcd<\/a><\/span><\/p>\n<p>&nbsp;<\/p>\n<div>\n<div dir=\"ltr\"><a href=\"http:\/\/caballitotequiero.com.ar\/portal\/wp-content\/uploads\/2020\/10\/121800976_3668951213139801_1899133159232736971_o.jpg\" rel=\"attachment wp-att-31575\"><img loading=\"lazy\" decoding=\"async\" class=\"aligncenter size-full wp-image-31575\" src=\"http:\/\/caballitotequiero.com.ar\/portal\/wp-content\/uploads\/2020\/10\/121800976_3668951213139801_1899133159232736971_o.jpg\" alt=\"\" width=\"600\" height=\"600\" srcset=\"http:\/\/caballitotequiero.com.ar\/portal\/wp-content\/uploads\/2020\/10\/121800976_3668951213139801_1899133159232736971_o.jpg 600w, http:\/\/caballitotequiero.com.ar\/portal\/wp-content\/uploads\/2020\/10\/121800976_3668951213139801_1899133159232736971_o-80x80.jpg 80w, http:\/\/caballitotequiero.com.ar\/portal\/wp-content\/uploads\/2020\/10\/121800976_3668951213139801_1899133159232736971_o-300x300.jpg 300w, http:\/\/caballitotequiero.com.ar\/portal\/wp-content\/uploads\/2020\/10\/121800976_3668951213139801_1899133159232736971_o-36x36.jpg 36w, http:\/\/caballitotequiero.com.ar\/portal\/wp-content\/uploads\/2020\/10\/121800976_3668951213139801_1899133159232736971_o-180x180.jpg 180w, http:\/\/caballitotequiero.com.ar\/portal\/wp-content\/uploads\/2020\/10\/121800976_3668951213139801_1899133159232736971_o-120x120.jpg 120w, http:\/\/caballitotequiero.com.ar\/portal\/wp-content\/uploads\/2020\/10\/121800976_3668951213139801_1899133159232736971_o-450x450.jpg 450w\" sizes=\"auto, (max-width: 600px) 100vw, 600px\" \/><\/a><\/div>\n<\/div>\n<\/div>\n","protected":false},"excerpt":{"rendered":"<p>La Junta Central de Estudios Hist\u00f3ricos de la Ciudad de Buenos Aires invita a participar en el Ciclo de Charlas sobre Barrios Porte\u00f1os. Historiadores de reconocida trayectoria se unen a la Sociedad Friulana para colaborar con las cooperadoras de Hospitales p\u00fablicos de la ciudad.\u00a0\u00a0Buscando aportar un peque\u00f1o granito de arena a quienes combaten la Pandemia [&hellip;]<\/p>\n","protected":false},"author":1,"featured_media":31575,"comment_status":"open","ping_status":"open","sticky":false,"template":"","format":"standard","meta":{"footnotes":""},"categories":[5],"tags":[],"class_list":["post-31574","post","type-post","status-publish","format-standard","has-post-thumbnail","hentry","category-noticias"],"_links":{"self":[{"href":"http:\/\/caballitotequiero.com.ar\/portal\/wp-json\/wp\/v2\/posts\/31574","targetHints":{"allow":["GET"]}}],"collection":[{"href":"http:\/\/caballitotequiero.com.ar\/portal\/wp-json\/wp\/v2\/posts"}],"about":[{"href":"http:\/\/caballitotequiero.com.ar\/portal\/wp-json\/wp\/v2\/types\/post"}],"author":[{"embeddable":true,"href":"http:\/\/caballitotequiero.com.ar\/portal\/wp-json\/wp\/v2\/users\/1"}],"replies":[{"embeddable":true,"href":"http:\/\/caballitotequiero.com.ar\/portal\/wp-json\/wp\/v2\/comments?post=31574"}],"version-history":[{"count":1,"href":"http:\/\/caballitotequiero.com.ar\/portal\/wp-json\/wp\/v2\/posts\/31574\/revisions"}],"predecessor-version":[{"id":31576,"href":"http:\/\/caballitotequiero.com.ar\/portal\/wp-json\/wp\/v2\/posts\/31574\/revisions\/31576"}],"wp:featuredmedia":[{"embeddable":true,"href":"http:\/\/caballitotequiero.com.ar\/portal\/wp-json\/wp\/v2\/media\/31575"}],"wp:attachment":[{"href":"http:\/\/caballitotequiero.com.ar\/portal\/wp-json\/wp\/v2\/media?parent=31574"}],"wp:term":[{"taxonomy":"category","embeddable":true,"href":"http:\/\/caballitotequiero.com.ar\/portal\/wp-json\/wp\/v2\/categories?post=31574"},{"taxonomy":"post_tag","embeddable":true,"href":"http:\/\/caballitotequiero.com.ar\/portal\/wp-json\/wp\/v2\/tags?post=31574"}],"curies":[{"name":"wp","href":"https:\/\/api.w.org\/{rel}","templated":true}]}}