{"id":31644,"date":"2020-11-03T20:31:38","date_gmt":"2020-11-03T23:31:38","guid":{"rendered":"http:\/\/caballitotequiero.com.ar\/portal\/?p=31644"},"modified":"2020-11-03T20:31:38","modified_gmt":"2020-11-03T23:31:38","slug":"ladron-atrapado-en-caballito-tras-persecucion-por-los-techos","status":"publish","type":"post","link":"http:\/\/caballitotequiero.com.ar\/portal\/2020\/11\/03\/ladron-atrapado-en-caballito-tras-persecucion-por-los-techos\/","title":{"rendered":"LADR\u00d3N ATRAPADO EN CABALLITO TRAS PERSECUCI\u00d3N POR LOS TECHOS"},"content":{"rendered":"<div>\n<p><strong>La Polic\u00eda de la Ciudad detuvo a un delincuente de nacionalidad colombiana que trep\u00f3 hasta un primer piso para intentar robar en el departamento de una anciana.<\/strong><\/p>\n<\/div>\n<p>Oficiales de la Comisar\u00eda Vecinal 6A de la\u00a0<strong>Polic\u00eda de la Ciudad<\/strong>\u00a0fueron desplazados por comando hasta la calle Aranguren al 300 por la presencia de un delincuente que intent\u00f3 ingresar a uno de los departamentos del edificio escalando hasta el balc\u00f3n del primer piso.<\/p>\n<p>Arribados al lugar, los polic\u00edas iniciaron la inspecci\u00f3n del inmueble y dieron con el sospechoso, quien al percibir la presencia de los efectivos salt\u00f3 desde el balc\u00f3n hasta el techo del comercio lindero, inici\u00e1ndose una persecuci\u00f3n hasta que uno de los oficiales le dio alcance.<\/p>\n<p>El asaltante intent\u00f3 zafar de la situaci\u00f3n empujando al polic\u00eda, pero el oficial neutraliz\u00f3 el ataque y logr\u00f3 reducirlo.\u00a0Como resultado de las pesquisas fue encontrada una mochila en el balc\u00f3n del departamento de una anciana de 82 a\u00f1os, que ten\u00eda en su interior diferentes herramientas para forzar puertas y ventanas.<\/p>\n<p>La Fiscal\u00eda Criminal y Correccional N\u00b0 5 a cargo del Dr. Mart\u00edn Alfredo Mainardi, secretar\u00eda de la Dra. L\u00f3pez, aval\u00f3 el procedimiento policial y orden\u00f3 el traslado del detenido, colombiano de 40 a\u00f1os, hasta la alcaid\u00eda de la Comisar\u00eda Vecinal 6A de la\u00a0<strong>Polic\u00eda de la Ciudad<\/strong>, imputado por \u201ctentativa de robo por escalamiento con tr\u00e1mite de flagrancia\u201d.<\/p>\n<p><a href=\"http:\/\/caballitotequiero.com.ar\/portal\/wp-content\/uploads\/2020\/11\/robo-aranguren.jpg\" rel=\"attachment wp-att-31645\"><img loading=\"lazy\" decoding=\"async\" class=\"aligncenter size-full wp-image-31645\" src=\"http:\/\/caballitotequiero.com.ar\/portal\/wp-content\/uploads\/2020\/11\/robo-aranguren.jpg\" alt=\"\" width=\"650\" height=\"401\" srcset=\"http:\/\/caballitotequiero.com.ar\/portal\/wp-content\/uploads\/2020\/11\/robo-aranguren.jpg 650w, http:\/\/caballitotequiero.com.ar\/portal\/wp-content\/uploads\/2020\/11\/robo-aranguren-300x185.jpg 300w, http:\/\/caballitotequiero.com.ar\/portal\/wp-content\/uploads\/2020\/11\/robo-aranguren-450x278.jpg 450w\" sizes=\"auto, (max-width: 650px) 100vw, 650px\" \/><\/a><\/p>\n","protected":false},"excerpt":{"rendered":"<p>La Polic\u00eda de la Ciudad detuvo a un delincuente de nacionalidad colombiana que trep\u00f3 hasta un primer piso para intentar robar en el departamento de una anciana. Oficiales de la Comisar\u00eda Vecinal 6A de la\u00a0Polic\u00eda de la Ciudad\u00a0fueron desplazados por comando hasta la calle Aranguren al 300 por la presencia de un delincuente que intent\u00f3 [&hellip;]<\/p>\n","protected":false},"author":1,"featured_media":31645,"comment_status":"open","ping_status":"open","sticky":false,"template":"","format":"standard","meta":{"footnotes":""},"categories":[5],"tags":[],"class_list":["post-31644","post","type-post","status-publish","format-standard","has-post-thumbnail","hentry","category-noticias"],"_links":{"self":[{"href":"http:\/\/caballitotequiero.com.ar\/portal\/wp-json\/wp\/v2\/posts\/31644","targetHints":{"allow":["GET"]}}],"collection":[{"href":"http:\/\/caballitotequiero.com.ar\/portal\/wp-json\/wp\/v2\/posts"}],"about":[{"href":"http:\/\/caballitotequiero.com.ar\/portal\/wp-json\/wp\/v2\/types\/post"}],"author":[{"embeddable":true,"href":"http:\/\/caballitotequiero.com.ar\/portal\/wp-json\/wp\/v2\/users\/1"}],"replies":[{"embeddable":true,"href":"http:\/\/caballitotequiero.com.ar\/portal\/wp-json\/wp\/v2\/comments?post=31644"}],"version-history":[{"count":1,"href":"http:\/\/caballitotequiero.com.ar\/portal\/wp-json\/wp\/v2\/posts\/31644\/revisions"}],"predecessor-version":[{"id":31646,"href":"http:\/\/caballitotequiero.com.ar\/portal\/wp-json\/wp\/v2\/posts\/31644\/revisions\/31646"}],"wp:featuredmedia":[{"embeddable":true,"href":"http:\/\/caballitotequiero.com.ar\/portal\/wp-json\/wp\/v2\/media\/31645"}],"wp:attachment":[{"href":"http:\/\/caballitotequiero.com.ar\/portal\/wp-json\/wp\/v2\/media?parent=31644"}],"wp:term":[{"taxonomy":"category","embeddable":true,"href":"http:\/\/caballitotequiero.com.ar\/portal\/wp-json\/wp\/v2\/categories?post=31644"},{"taxonomy":"post_tag","embeddable":true,"href":"http:\/\/caballitotequiero.com.ar\/portal\/wp-json\/wp\/v2\/tags?post=31644"}],"curies":[{"name":"wp","href":"https:\/\/api.w.org\/{rel}","templated":true}]}}