{"id":31661,"date":"2020-11-08T20:57:02","date_gmt":"2020-11-08T23:57:02","guid":{"rendered":"http:\/\/caballitotequiero.com.ar\/portal\/?p=31661"},"modified":"2020-11-08T20:57:02","modified_gmt":"2020-11-08T23:57:02","slug":"detienen-a-un-ladron-de-bicicletas-de-alta-gama","status":"publish","type":"post","link":"http:\/\/caballitotequiero.com.ar\/portal\/2020\/11\/08\/detienen-a-un-ladron-de-bicicletas-de-alta-gama\/","title":{"rendered":"DETIENEN A UN LADR\u00d3N DE BICICLETAS DE ALTA GAMA"},"content":{"rendered":"<p><b>La Polic\u00eda de la Ciudad detuvo a un ladr\u00f3n de bicicletas de alta gama<\/b><\/p>\n<p><b>Gracias a una investigaci\u00f3n policial y en el marco de una compra controlada, la Polic\u00eda de la Ciudad detuvo en las \u00faltimas horas en el barrio de Caballito a un delincuente que robaba bicicletas y las publicaba por redes sociales, adem\u00e1s de allanar su domicilio en el Bajo Flores y secuestrar otros rodados.<\/b><\/p>\n<p>El pasado 30 de octubre, una mujer realiz\u00f3 una denuncia sobre el robo de su bicicleta valuada en 100 mil pesos cuando estaba atada a un poste de luz en la intersecci\u00f3n de la calle Treinta y Tres Orientales y la avenida Rivadavia, en Almagro.<\/p>\n<p>De esta forma, el personal de la Divisi\u00f3n Sumarios y Brigadas de la Comuna 6 de la\u00a0<b>Polic\u00eda de la Ciudad<\/b>\u00a0inici\u00f3 una investigaci\u00f3n y encontr\u00f3 en una red social la bicicleta asaltada publicada para la venta por un valor de 52 mil pesos.<\/p>\n<p>Al consultar con el Juzgado Nacional en lo Criminal y Correccional N\u00famero 63, a cargo de la doctora Doorn y ante la Secretar\u00eda N\u00famero 81, se orden\u00f3 una compra controlada para poder detener al delincuente.<\/p>\n<p>De esta manera el personal policial de inc\u00f3gnito acord\u00f3 una cita con el vendedor y la brigada de la Comuna 6 mont\u00f3 un operativo encubierto por el cual lograron detener al imputado en la intersecci\u00f3n de las calles Cucha Cucha y Gaona, en Caballito, con la bicicleta robada, que fue inmediatamente reconocida por la v\u00edctima.<\/p>\n<p>Siguiendo con la investigaci\u00f3n los efectivos determinaron que el detenido ten\u00eda publicadas otros dos rodados similares y, luego de consultar con el magistrado a cargo, allanaron su vivienda.<\/p>\n<p>Al tratarse de un domicilio en el Barrio 1-11-14 del Bajo Flores particip\u00f3 el Grupo Espacial DOEM de la\u00a0<b>Polic\u00eda de la Ciudad<\/b>\u00a0y se logr\u00f3 recuperar otras dos bicicletas valuadas en m\u00e1s de 150 mil pesos, que quedaron a disposici\u00f3n del juzgado.<\/p>\n<p><a href=\"http:\/\/caballitotequiero.com.ar\/portal\/wp-content\/uploads\/2020\/11\/bici-robo-1.jpg\" rel=\"attachment wp-att-31662\"><img loading=\"lazy\" decoding=\"async\" class=\"aligncenter size-full wp-image-31662\" src=\"http:\/\/caballitotequiero.com.ar\/portal\/wp-content\/uploads\/2020\/11\/bici-robo-1.jpg\" alt=\"\" width=\"600\" height=\"437\" srcset=\"http:\/\/caballitotequiero.com.ar\/portal\/wp-content\/uploads\/2020\/11\/bici-robo-1.jpg 600w, http:\/\/caballitotequiero.com.ar\/portal\/wp-content\/uploads\/2020\/11\/bici-robo-1-300x219.jpg 300w, http:\/\/caballitotequiero.com.ar\/portal\/wp-content\/uploads\/2020\/11\/bici-robo-1-450x328.jpg 450w\" sizes=\"auto, (max-width: 600px) 100vw, 600px\" \/><\/a> <a href=\"http:\/\/caballitotequiero.com.ar\/portal\/wp-content\/uploads\/2020\/11\/bici-robo-2.jpeg\" rel=\"attachment wp-att-31663\"><img loading=\"lazy\" decoding=\"async\" class=\"aligncenter size-full wp-image-31663\" src=\"http:\/\/caballitotequiero.com.ar\/portal\/wp-content\/uploads\/2020\/11\/bici-robo-2.jpeg\" alt=\"\" width=\"600\" height=\"350\" srcset=\"http:\/\/caballitotequiero.com.ar\/portal\/wp-content\/uploads\/2020\/11\/bici-robo-2.jpeg 600w, http:\/\/caballitotequiero.com.ar\/portal\/wp-content\/uploads\/2020\/11\/bici-robo-2-300x175.jpeg 300w, http:\/\/caballitotequiero.com.ar\/portal\/wp-content\/uploads\/2020\/11\/bici-robo-2-450x263.jpeg 450w\" sizes=\"auto, (max-width: 600px) 100vw, 600px\" \/><\/a> <a href=\"http:\/\/caballitotequiero.com.ar\/portal\/wp-content\/uploads\/2020\/11\/bici-robo-3.jpeg\" rel=\"attachment wp-att-31664\"><img loading=\"lazy\" decoding=\"async\" class=\"aligncenter size-full wp-image-31664\" src=\"http:\/\/caballitotequiero.com.ar\/portal\/wp-content\/uploads\/2020\/11\/bici-robo-3.jpeg\" alt=\"\" width=\"600\" height=\"380\" srcset=\"http:\/\/caballitotequiero.com.ar\/portal\/wp-content\/uploads\/2020\/11\/bici-robo-3.jpeg 600w, http:\/\/caballitotequiero.com.ar\/portal\/wp-content\/uploads\/2020\/11\/bici-robo-3-300x190.jpeg 300w, http:\/\/caballitotequiero.com.ar\/portal\/wp-content\/uploads\/2020\/11\/bici-robo-3-450x285.jpeg 450w\" sizes=\"auto, (max-width: 600px) 100vw, 600px\" \/><\/a><\/p>\n","protected":false},"excerpt":{"rendered":"<p>La Polic\u00eda de la Ciudad detuvo a un ladr\u00f3n de bicicletas de alta gama Gracias a una investigaci\u00f3n policial y en el marco de una compra controlada, la Polic\u00eda de la Ciudad detuvo en las \u00faltimas horas en el barrio de Caballito a un delincuente que robaba bicicletas y las publicaba por redes sociales, adem\u00e1s [&hellip;]<\/p>\n","protected":false},"author":1,"featured_media":31663,"comment_status":"open","ping_status":"open","sticky":false,"template":"","format":"standard","meta":{"footnotes":""},"categories":[5],"tags":[],"class_list":["post-31661","post","type-post","status-publish","format-standard","has-post-thumbnail","hentry","category-noticias"],"_links":{"self":[{"href":"http:\/\/caballitotequiero.com.ar\/portal\/wp-json\/wp\/v2\/posts\/31661","targetHints":{"allow":["GET"]}}],"collection":[{"href":"http:\/\/caballitotequiero.com.ar\/portal\/wp-json\/wp\/v2\/posts"}],"about":[{"href":"http:\/\/caballitotequiero.com.ar\/portal\/wp-json\/wp\/v2\/types\/post"}],"author":[{"embeddable":true,"href":"http:\/\/caballitotequiero.com.ar\/portal\/wp-json\/wp\/v2\/users\/1"}],"replies":[{"embeddable":true,"href":"http:\/\/caballitotequiero.com.ar\/portal\/wp-json\/wp\/v2\/comments?post=31661"}],"version-history":[{"count":1,"href":"http:\/\/caballitotequiero.com.ar\/portal\/wp-json\/wp\/v2\/posts\/31661\/revisions"}],"predecessor-version":[{"id":31665,"href":"http:\/\/caballitotequiero.com.ar\/portal\/wp-json\/wp\/v2\/posts\/31661\/revisions\/31665"}],"wp:featuredmedia":[{"embeddable":true,"href":"http:\/\/caballitotequiero.com.ar\/portal\/wp-json\/wp\/v2\/media\/31663"}],"wp:attachment":[{"href":"http:\/\/caballitotequiero.com.ar\/portal\/wp-json\/wp\/v2\/media?parent=31661"}],"wp:term":[{"taxonomy":"category","embeddable":true,"href":"http:\/\/caballitotequiero.com.ar\/portal\/wp-json\/wp\/v2\/categories?post=31661"},{"taxonomy":"post_tag","embeddable":true,"href":"http:\/\/caballitotequiero.com.ar\/portal\/wp-json\/wp\/v2\/tags?post=31661"}],"curies":[{"name":"wp","href":"https:\/\/api.w.org\/{rel}","templated":true}]}}