{"id":31675,"date":"2020-11-10T22:01:10","date_gmt":"2020-11-11T01:01:10","guid":{"rendered":"http:\/\/caballitotequiero.com.ar\/portal\/?p=31675"},"modified":"2020-11-11T22:12:30","modified_gmt":"2020-11-12T01:12:30","slug":"cada-martes-recorremos-buenos-aires-por-radio-amep","status":"publish","type":"post","link":"http:\/\/caballitotequiero.com.ar\/portal\/2020\/11\/10\/cada-martes-recorremos-buenos-aires-por-radio-amep\/","title":{"rendered":"CADA MARTES RECORREMOS BUENOS AIRES POR RADIO AMEP"},"content":{"rendered":"<p><strong>Todos los martes, de 15:30 a 17 hs, Marina Bussio nos lleva a conocer un poco m\u00e1s sobre las historias y rincones de los 48 barrios porte\u00f1os.<\/strong><\/p>\n<p><a href=\"http:\/\/caballitotequiero.com.ar\/portal\/wp-content\/uploads\/2020\/11\/Radio-Amep-web.jpg\" rel=\"attachment wp-att-31679\"><img loading=\"lazy\" decoding=\"async\" class=\"aligncenter size-full wp-image-31679\" src=\"http:\/\/caballitotequiero.com.ar\/portal\/wp-content\/uploads\/2020\/11\/Radio-Amep-web.jpg\" alt=\"\" width=\"450\" height=\"517\" srcset=\"http:\/\/caballitotequiero.com.ar\/portal\/wp-content\/uploads\/2020\/11\/Radio-Amep-web.jpg 450w, http:\/\/caballitotequiero.com.ar\/portal\/wp-content\/uploads\/2020\/11\/Radio-Amep-web-261x300.jpg 261w\" sizes=\"auto, (max-width: 450px) 100vw, 450px\" \/><\/a><\/p>\n<p>Este 10 noviembre, <strong>D\u00eda de la Tradici\u00f3n<\/strong>, la conductora de RECORRIENDO BUENOS AIRES, realiz\u00f3 una menci\u00f3n especial en el d\u00eda del natalicio de Jos\u00e9 Hern\u00e1ndez, el autor del poema EL GAUCHO MARTIN FIERRO.<\/p>\n<p>En este sentido, Bussio realiz\u00f3 una profunda reflexi\u00f3n: \u201c\u00bfUstedes recuerdan que hace unos 10 d\u00edas est\u00e1bamos celebrando Halloween?\u201d<\/p>\n<p>Y agreg\u00f3: \u201cUno caminaba por las calles de la ciudad y se ve\u00edan vidrieras con la decoraci\u00f3n t\u00edpica de Halloween. O cuando llega el 14 de febrero, \u00bfustedes celebran el d\u00eda de los enamorados?\u201d<\/p>\n<p>\u201cNosotros permitimos que entren las costumbres for\u00e1neas. Pero no nos olvidemos del tango, del folklore, y de todas nuestras tradiciones\u201d, dijo Marina Bussio en su programa de Radio AMEP, que transmite desde el Castillo de Sandro.<\/p>\n<p>Adem\u00e1s, otro dato importante para se\u00f1alar, es que \u201cLe van a entregar a Leonel Contreras la distinci\u00f3n de <strong>Historiador Porte\u00f1o 2020<\/strong>. La gala de premiaci\u00f3n, ser\u00e1 el pr\u00f3ximo s\u00e1bado a las 16 hs. de manera virtual\u201d remarc\u00f3 la conductora.<\/p>\n<p>Desde <strong>Radio AMEP<\/strong> y en especial, desde el programa <strong>Recorriendo Buenos Aires<\/strong> saludamos y felicitamos a Leonel Contreras por tan merecida distinci\u00f3n.<\/p>\n<p>\u201cPara ser part\u00edcipes de la premiaci\u00f3n virtual, podr\u00e1n hacerlo ingresando al facebook de Leonel Contreras, este s\u00e1bado, a las 16 hs\u201d remarc\u00f3 Marina Bussio.<\/p>\n<p>Adem\u00e1s, en Recorriendo Buenos Aires, <strong>se record\u00f3 el 112\u00ba aniversario de la fundaci\u00f3n del barrio de Villa del Parque<\/strong>. Para esto Marina Bussio hizo un recorrido especial por su historia y sus calles.<\/p>\n<p>Finalmente, en el \u00faltimo bloque se abord\u00f3 el tema del <strong>Tranv\u00eda Hist\u00f3rico de Buenos Aires<\/strong>, que en los pr\u00f3ximos d\u00edas estar\u00e1 cumpliendo <strong>40 a\u00f1os<\/strong> de su primer recorrido.<\/p>\n<p>Y as\u00ed, entre informaci\u00f3n de actualidad, agenda cultural y tur\u00edstica, amalgamados con una muy buena m\u00fasica nacional, poemas, mensajes de oyentes, Marina Bussio, hace que transcurra su programa de la mejor manera.<\/p>\n<p>Radio AMEP, transmite desde el Castillo de Sandro, en el coraz\u00f3n del barrio porte\u00f1o de Boedo. Pueden escuchar y ver toda su programaci\u00f3n, o volver a disfrutar los programas entrando a <a href=\"http:\/\/www.radioamep.com.ar\">www.radioamep.com.ar<\/a><\/p>\n","protected":false},"excerpt":{"rendered":"<p>Todos los martes, de 15:30 a 17 hs, Marina Bussio nos lleva a conocer un poco m\u00e1s sobre las historias y rincones de los 48 barrios porte\u00f1os. Este 10 noviembre, D\u00eda de la Tradici\u00f3n, la conductora de RECORRIENDO BUENOS AIRES, realiz\u00f3 una menci\u00f3n especial en el d\u00eda del natalicio de Jos\u00e9 Hern\u00e1ndez, el autor del [&hellip;]<\/p>\n","protected":false},"author":1,"featured_media":31676,"comment_status":"open","ping_status":"open","sticky":false,"template":"","format":"standard","meta":{"footnotes":""},"categories":[5],"tags":[],"class_list":["post-31675","post","type-post","status-publish","format-standard","has-post-thumbnail","hentry","category-noticias"],"_links":{"self":[{"href":"http:\/\/caballitotequiero.com.ar\/portal\/wp-json\/wp\/v2\/posts\/31675","targetHints":{"allow":["GET"]}}],"collection":[{"href":"http:\/\/caballitotequiero.com.ar\/portal\/wp-json\/wp\/v2\/posts"}],"about":[{"href":"http:\/\/caballitotequiero.com.ar\/portal\/wp-json\/wp\/v2\/types\/post"}],"author":[{"embeddable":true,"href":"http:\/\/caballitotequiero.com.ar\/portal\/wp-json\/wp\/v2\/users\/1"}],"replies":[{"embeddable":true,"href":"http:\/\/caballitotequiero.com.ar\/portal\/wp-json\/wp\/v2\/comments?post=31675"}],"version-history":[{"count":3,"href":"http:\/\/caballitotequiero.com.ar\/portal\/wp-json\/wp\/v2\/posts\/31675\/revisions"}],"predecessor-version":[{"id":31680,"href":"http:\/\/caballitotequiero.com.ar\/portal\/wp-json\/wp\/v2\/posts\/31675\/revisions\/31680"}],"wp:featuredmedia":[{"embeddable":true,"href":"http:\/\/caballitotequiero.com.ar\/portal\/wp-json\/wp\/v2\/media\/31676"}],"wp:attachment":[{"href":"http:\/\/caballitotequiero.com.ar\/portal\/wp-json\/wp\/v2\/media?parent=31675"}],"wp:term":[{"taxonomy":"category","embeddable":true,"href":"http:\/\/caballitotequiero.com.ar\/portal\/wp-json\/wp\/v2\/categories?post=31675"},{"taxonomy":"post_tag","embeddable":true,"href":"http:\/\/caballitotequiero.com.ar\/portal\/wp-json\/wp\/v2\/tags?post=31675"}],"curies":[{"name":"wp","href":"https:\/\/api.w.org\/{rel}","templated":true}]}}