{"id":31684,"date":"2020-11-04T22:37:59","date_gmt":"2020-11-05T01:37:59","guid":{"rendered":"http:\/\/caballitotequiero.com.ar\/portal\/?p=31684"},"modified":"2020-11-11T22:41:16","modified_gmt":"2020-11-12T01:41:16","slug":"crisis-en-el-patio-de-los-lecheros-2","status":"publish","type":"post","link":"http:\/\/caballitotequiero.com.ar\/portal\/2020\/11\/04\/crisis-en-el-patio-de-los-lecheros-2\/","title":{"rendered":"CRISIS EN EL PATIO DE LOS LECHEROS"},"content":{"rendered":"<p>Est\u00e1 cerrado desde marzo, deben salarios a sus 150 trabajadores y los socios que tienen la concesi\u00f3n est\u00e1n enfrentados judicialmente.<\/p>\n<p>El Patio de los Lecheros de Caballito, el primer predio gastron\u00f3mico de la Ciudad de Buenos Aires qued\u00f3 al borde de la desaparici\u00f3n. Cerrado desde marzo pasado cuando se implement\u00f3 el Aislamiento Social, Preventivo y Obligatorio en el marco de la pandemia de coronavirus Covid-19, sus 150 trabajadores reclaman el pago de salarios atrasados y su inmediata reapertura para poder volver a trabajar.<\/p>\n<p>El predio, que ofrece todo tipo de opciones desde barras de tragos, a pizzer\u00edas, parrilla, taquer\u00edas y venta de shawarma, entre otras opciones, fue concesionado por el Gobierno de la Ciudad y abri\u00f3 por primera vez en 2016.<\/p>\n<p>\u201cEn el predio somos 150 trabajadores, de los cuales 50 estamos en blanco y el resto est\u00e1 en negro. Desde que comenz\u00f3 la pandemia, los efectivos cobramos s\u00f3lo el ATP que hace dos meses nos lo dejaron de pagar. La empresa nunca nos pag\u00f3 nada. El resto de los 100 trabajadores no cobr\u00f3 nada. Los due\u00f1os no nos responden los llamados y nos bloquearon\u201d, explic\u00f3 a BAE Negocios Alexia Leiva, una barwoman que trabaj\u00f3 en el Patio de los lecheros en los \u00faltimos a\u00f1os.<\/p>\n<p>Los empleados insistieron y enviaron telegrama para reclamar el pago de lo adeudado, pero no recibieron respuesta. Juntos decidieron concentrarse en la puerta este mi\u00e9rcoles para exigir la apertura de un canal de di\u00e1logo o la indemnizaci\u00f3n correspondiente, tras siete meses sin respuesta.<\/p>\n<p>Marcelo Gasso, Secretario de Organizaci\u00f3n Gremial del Sindicato de Pasteleros se\u00f1al\u00f3 a a ese medio: \u201cEl responsable del Patio de los lecheros es Ramiro Manuel Fern\u00e1ndez Pazos quien est\u00e1 a cargo de la concesi\u00f3n pero vive en Estados Unidos. Su hermana, Mar\u00eda Soledad Fern\u00e1ndez Pazos es la apoderada, pero no resuelve nada. El due\u00f1o se pele\u00f3 con sus socios y quiso romper su sociedad, tambi\u00e9n intent\u00f3 rescindirles el contrato a los locatarios que tienen dos a\u00f1os m\u00e1s acordado. Tiene un tercio de los 150 trabajadores en negro. No paga sueldos ni lo reabre\u201d.<\/p>\n<p>Hugo Cidre, el abogado del Patio de los lecheros se\u00f1al\u00f3 a BAE Negocios: \u00abMi cliente es Ramiro Manuel Fern\u00e1ndez Pazos, responsable de Inmuebles S.R.L. que tiene la concesi\u00f3n, pero vive en el exterior. Ramiro tiene el 80% de las acciones, el restante 20% lo tiene Emiliano Moran, qui\u00e9n lo administraba. Pero no sabemos d\u00f3nde esta la plata y le hicimos una denuncia por administraci\u00f3n fraudulenta. Estamos haciendo un esfuerzo para que pueda volver a abrir pero es muy dif\u00edcil. Intentamos buscar inversionistas y no hubo caso. No todos los 150 trabajadores son empleados de \u00e9l, me llegaron 14 cartas documentos. Ramiro alquilaba por $37.000 por mes cada puesto y los locatarios son los que tampoco pagaron ni los sueldos ni el alquiler en la pandemia. Ni se le pudo pagar al contador, que dej\u00f3 de presentar los papeles y los trabajadores ni cobran ahora el ATP. Queremos abrir pero si no aparece la plata, ser\u00e1 imposible\u00bb<\/p>\n<p>Ante el Gobierno porte\u00f1o, Fern\u00e1ndez Pazos argumenta que est\u00e1 preparando a nivel edilicio todo lo necesario para reabrir de acuerdo a los protocolos. Pero no tiene ninguna fecha confirmada de apertura y asegura que para reabrirlo necesitan como m\u00ednimo $4 millones.<\/p>\n<p><a href=\"http:\/\/caballitotequiero.com.ar\/portal\/wp-content\/uploads\/2020\/11\/patio-lecheros-2.jpg\" rel=\"attachment wp-att-31685\"><img loading=\"lazy\" decoding=\"async\" class=\"aligncenter size-full wp-image-31685\" src=\"http:\/\/caballitotequiero.com.ar\/portal\/wp-content\/uploads\/2020\/11\/patio-lecheros-2.jpg\" alt=\"\" width=\"720\" height=\"540\" srcset=\"http:\/\/caballitotequiero.com.ar\/portal\/wp-content\/uploads\/2020\/11\/patio-lecheros-2.jpg 720w, http:\/\/caballitotequiero.com.ar\/portal\/wp-content\/uploads\/2020\/11\/patio-lecheros-2-300x225.jpg 300w, http:\/\/caballitotequiero.com.ar\/portal\/wp-content\/uploads\/2020\/11\/patio-lecheros-2-705x529.jpg 705w, http:\/\/caballitotequiero.com.ar\/portal\/wp-content\/uploads\/2020\/11\/patio-lecheros-2-450x338.jpg 450w\" sizes=\"auto, (max-width: 720px) 100vw, 720px\" \/><\/a><\/p>\n<p>Fuente: p\u00e1gina web Minut01<\/p>\n","protected":false},"excerpt":{"rendered":"<p>Est\u00e1 cerrado desde marzo, deben salarios a sus 150 trabajadores y los socios que tienen la concesi\u00f3n est\u00e1n enfrentados judicialmente. El Patio de los Lecheros de Caballito, el primer predio gastron\u00f3mico de la Ciudad de Buenos Aires qued\u00f3 al borde de la desaparici\u00f3n. Cerrado desde marzo pasado cuando se implement\u00f3 el Aislamiento Social, Preventivo y [&hellip;]<\/p>\n","protected":false},"author":1,"featured_media":31685,"comment_status":"open","ping_status":"open","sticky":false,"template":"","format":"standard","meta":{"footnotes":""},"categories":[5],"tags":[],"class_list":["post-31684","post","type-post","status-publish","format-standard","has-post-thumbnail","hentry","category-noticias"],"_links":{"self":[{"href":"http:\/\/caballitotequiero.com.ar\/portal\/wp-json\/wp\/v2\/posts\/31684","targetHints":{"allow":["GET"]}}],"collection":[{"href":"http:\/\/caballitotequiero.com.ar\/portal\/wp-json\/wp\/v2\/posts"}],"about":[{"href":"http:\/\/caballitotequiero.com.ar\/portal\/wp-json\/wp\/v2\/types\/post"}],"author":[{"embeddable":true,"href":"http:\/\/caballitotequiero.com.ar\/portal\/wp-json\/wp\/v2\/users\/1"}],"replies":[{"embeddable":true,"href":"http:\/\/caballitotequiero.com.ar\/portal\/wp-json\/wp\/v2\/comments?post=31684"}],"version-history":[{"count":1,"href":"http:\/\/caballitotequiero.com.ar\/portal\/wp-json\/wp\/v2\/posts\/31684\/revisions"}],"predecessor-version":[{"id":31686,"href":"http:\/\/caballitotequiero.com.ar\/portal\/wp-json\/wp\/v2\/posts\/31684\/revisions\/31686"}],"wp:featuredmedia":[{"embeddable":true,"href":"http:\/\/caballitotequiero.com.ar\/portal\/wp-json\/wp\/v2\/media\/31685"}],"wp:attachment":[{"href":"http:\/\/caballitotequiero.com.ar\/portal\/wp-json\/wp\/v2\/media?parent=31684"}],"wp:term":[{"taxonomy":"category","embeddable":true,"href":"http:\/\/caballitotequiero.com.ar\/portal\/wp-json\/wp\/v2\/categories?post=31684"},{"taxonomy":"post_tag","embeddable":true,"href":"http:\/\/caballitotequiero.com.ar\/portal\/wp-json\/wp\/v2\/tags?post=31684"}],"curies":[{"name":"wp","href":"https:\/\/api.w.org\/{rel}","templated":true}]}}